{"id":28797,"date":"2017-10-09T13:46:54","date_gmt":"2017-10-09T12:46:54","guid":{"rendered":"http:\/\/www.omniquest.de?p=28797"},"modified":"2019-02-07T13:14:26","modified_gmt":"2019-02-07T12:14:26","slug":"78-wollen-flaechendeckende-bodycam-ausstattung-aller-polizisten","status":"publish","type":"post","link":"https:\/\/www.omniquest.de\/marktforschung-news\/aktuelle-umfragen\/gesellschaft\/78-wollen-flaechendeckende-bodycam-ausstattung-aller-polizisten","title":{"rendered":"78% wollen fl\u00e4chendeckende Bodycam-Ausstattung aller Polizisten"},"content":{"rendered":"\n[et_pb_section bb_built=&#8220;1&#8243;][et_pb_row][et_pb_column type=&#8220;4_4&#8243;][et_pb_text admin_label=&#8220;Fragetext&#8220; _builder_version=&#8220;3.0.78&#8243; background_layout=&#8220;light&#8220; border_style=&#8220;solid&#8220;]\n\n<p>In fast allen deutschen Bundesl\u00e4ndern testet die Polizei den Einsatz von \u00dcberwachungskameras an den K\u00f6rpern der Beamten, sogenannte Bodycams. Wie ist Ihre Meinung zu einem fl\u00e4chendeckenden Einsatz dieser Technik, also einer Ausstattung aller deutschen Polizisten?<\/p>\n\n[\/et_pb_text][et_pb_counters _builder_version=&#8220;3.0.78&#8243; use_percentages=&#8220;on&#8220; background_layout=&#8220;light&#8220; border_radius=&#8220;0&#8243; border_style=&#8220;solid&#8220; bar_bg_color=&#8220;#38b400&#8243;]\n\n[et_pb_counter _builder_version=&#8220;3.0.78&#8243; percent=&#8220;78&#8243; use_background_color_gradient=&#8220;off&#8220; background_color_gradient_start=&#8220;#2b87da&#8220; background_color_gradient_end=&#8220;#29c4a9&#8243; background_color_gradient_type=&#8220;linear&#8220; background_color_gradient_direction=&#8220;180deg&#8220; background_color_gradient_direction_radial=&#8220;center&#8220; background_color_gradient_start_position=&#8220;0%&#8220; background_color_gradient_end_position=&#8220;100%&#8220; parallax=&#8220;off&#8220; parallax_method=&#8220;on&#8220; background_size=&#8220;cover&#8220; background_position=&#8220;center&#8220; background_repeat=&#8220;no-repeat&#8220; background_blend=&#8220;normal&#8220; allow_player_pause=&#8220;off&#8220; text_orientation=&#8220;left&#8220; title_font_select=&#8220;default&#8220; title_font=&#8220;||||&#8220; title_text_align=&#8220;left&#8220; percent_font_select=&#8220;default&#8220; percent_font=&#8220;||||&#8220; percent_text_align=&#8220;left&#8220; module_alignment=&#8220;left&#8220;]\n\nIch bef\u00fcrworte den fl\u00e4chendeckenden Einsatz von Bodycams\n\n[\/et_pb_counter][et_pb_counter _builder_version=&#8220;3.0.78&#8243; percent=&#8220;12&#8243; use_background_color_gradient=&#8220;off&#8220; background_color_gradient_start=&#8220;#2b87da&#8220; background_color_gradient_end=&#8220;#29c4a9&#8243; background_color_gradient_type=&#8220;linear&#8220; background_color_gradient_direction=&#8220;180deg&#8220; background_color_gradient_direction_radial=&#8220;center&#8220; background_color_gradient_start_position=&#8220;0%&#8220; background_color_gradient_end_position=&#8220;100%&#8220; parallax=&#8220;off&#8220; parallax_method=&#8220;on&#8220; background_size=&#8220;cover&#8220; background_position=&#8220;center&#8220; background_repeat=&#8220;no-repeat&#8220; background_blend=&#8220;normal&#8220; allow_player_pause=&#8220;off&#8220; text_orientation=&#8220;left&#8220; title_font_select=&#8220;default&#8220; title_font=&#8220;||||&#8220; title_text_align=&#8220;left&#8220; percent_font_select=&#8220;default&#8220; percent_font=&#8220;||||&#8220; percent_text_align=&#8220;left&#8220; module_alignment=&#8220;left&#8220;]\n\nIch lehne den fl\u00e4chendeckenden Einsatz von Bodycams ab\n\n[\/et_pb_counter][et_pb_counter _builder_version=&#8220;3.0.78&#8243; percent=&#8220;10&#8243; use_background_color_gradient=&#8220;off&#8220; background_color_gradient_start=&#8220;#2b87da&#8220; background_color_gradient_end=&#8220;#29c4a9&#8243; background_color_gradient_type=&#8220;linear&#8220; background_color_gradient_direction=&#8220;180deg&#8220; background_color_gradient_direction_radial=&#8220;center&#8220; background_color_gradient_start_position=&#8220;0%&#8220; background_color_gradient_end_position=&#8220;100%&#8220; parallax=&#8220;off&#8220; parallax_method=&#8220;on&#8220; background_size=&#8220;cover&#8220; background_position=&#8220;center&#8220; background_repeat=&#8220;no-repeat&#8220; background_blend=&#8220;normal&#8220; allow_player_pause=&#8220;off&#8220; text_orientation=&#8220;left&#8220; title_font_select=&#8220;default&#8220; title_font=&#8220;||||&#8220; title_text_align=&#8220;left&#8220; percent_font_select=&#8220;default&#8220; percent_font=&#8220;||||&#8220; percent_text_align=&#8220;left&#8220; module_alignment=&#8220;left&#8220;]\n\nBin mir nicht sicher\n\n[\/et_pb_counter]\n\n[\/et_pb_counters][et_pb_text _builder_version=&#8220;3.0.78&#8243; background_layout=&#8220;light&#8220; border_style=&#8220;solid&#8220;]\n\n<p>814 Teilnehmer<\/p>\n<p>Erhebungszeitraum: 05.10.2017 \u2013 09.10.2017<\/p>\n<p><span style=\"color: #ff8b00;\">Der Quick Poll ist ein Instrument zur kurzfristigen Trendmessung unter beliebigen Teilnehmern aus dem <a class=\"news_beitrag_link\" href=\"http:\/\/www.omniquest.de\/omnipanel\">OmniPanel<\/a> und beansprucht keine <a class=\"news_beitrag_link\" href=\"http:\/\/www.omniquest.de\/repraesentativitaet\">Repr\u00e4sentativit\u00e4t<\/a> f\u00fcr sich.<\/span><\/p>\n\n[\/et_pb_text][\/et_pb_column][\/et_pb_row][\/et_pb_section]\n","protected":false},"excerpt":{"rendered":"<p><div class=\"et_pb_row et_pb_row_0 et_pb_row_empty\">\n\t\t\t\t\n\t\t\t\t\n\t\t\t\t\n\t\t\t\t\n\t\t\t\t\n\t\t\t<\/div> In fast allen deutschen Bundesl\u00e4ndern testet die Polizei den Einsatz von \u00dcberwachungskameras an den K\u00f6rpern der Beamten, sogenannte Bodycams. Wie ist Ihre Meinung zu einem fl\u00e4chendeckenden Einsatz dieser Technik, also einer Ausstattung aller deutschen Polizisten? Ich bef\u00fcrworte den fl\u00e4chendeckenden Einsatz von Bodycams Ich lehne den fl\u00e4chendeckenden Einsatz von Bodycams ab Bin mir nicht sicher [&hellip;]<\/p>\n","protected":false},"author":1,"featured_media":34711,"comment_status":"closed","ping_status":"closed","sticky":false,"template":"","format":"standard","meta":{"_et_pb_use_builder":"on","_et_pb_old_content":"","_et_gb_content_width":"","footnotes":""},"categories":[41],"tags":[134,135,83,112],"class_list":["post-28797","post","type-post","status-publish","format-standard","has-post-thumbnail","hentry","category-gesellschaft","tag-beamte","tag-bodycam","tag-polizei","tag-ueberwachungskameras","et-has-post-format-content","et_post_format-et-post-format-standard"],"yoast_head":"<!-- This site is optimized with the Yoast SEO plugin v26.1.1 - https:\/\/yoast.com\/wordpress\/plugins\/seo\/ -->\n<title>78% wollen fl\u00e4chendeckende Bodycam-Ausstattung aller Polizisten - OmniQuest News<\/title>\n<meta name=\"description\" content=\"In deutschen Bundesl\u00e4ndern ... Einsatz von \u00dcberwachungskameras an K\u00f6rpern der Beamten ... Einsatz der Technik ... Ausstattung deutscher Polizisten mit Bodycams\" \/>\n<meta name=\"robots\" content=\"index, follow, max-snippet:-1, max-image-preview:large, max-video-preview:-1\" \/>\n<link rel=\"canonical\" href=\"https:\/\/www.omniquest.de\/marktforschung-news\/aktuelle-umfragen\/gesellschaft\/78-wollen-flaechendeckende-bodycam-ausstattung-aller-polizisten\" \/>\n<meta property=\"og:locale\" content=\"de_DE\" \/>\n<meta property=\"og:type\" content=\"article\" \/>\n<meta property=\"og:title\" content=\"OmniQuest-Umfrage: 78% wollen fl\u00e4chendeckende Bodycam-Ausstattung aller Polizisten\" \/>\n<meta property=\"og:description\" content=\"In fast allen deutschen Bundesl\u00e4ndern testet die Polizei den Einsatz von \u00dcberwachungskameras an den K\u00f6rpern der Beamten,... | 9. Oktober 2017 | Gesellschaft\" \/>\n<meta property=\"og:url\" content=\"https:\/\/www.omniquest.de\/marktforschung-news\/aktuelle-umfragen\/gesellschaft\/78-wollen-flaechendeckende-bodycam-ausstattung-aller-polizisten\" \/>\n<meta property=\"og:site_name\" content=\"OmniQuest News\" \/>\n<meta property=\"article:publisher\" content=\"https:\/\/www.facebook.com\/omniquest\" \/>\n<meta property=\"article:published_time\" content=\"2017-10-09T12:46:54+00:00\" \/>\n<meta property=\"article:modified_time\" content=\"2019-02-07T12:14:26+00:00\" \/>\n<meta name=\"author\" content=\"maxkunz\" \/>\n<meta name=\"twitter:card\" content=\"summary_large_image\" \/>\n<meta name=\"twitter:title\" content=\"OmniQuest-Umfrage: 78% wollen fl\u00e4chendeckende Bodycam-Ausstattung aller Polizisten\" \/>\n<meta name=\"twitter:description\" content=\"In fast allen deutschen Bundesl\u00e4ndern testet die Polizei den Einsatz von \u00dcberwachungskameras an den K\u00f6rpern der Beamten,... | 9. Oktober 2017 | Gesellschaft\" \/>\n<meta name=\"twitter:image\" content=\"http:\/\/www.omniquest.de\/wp-content\/uploads\/2017\/10\/bodycam.jpg\" \/>\n<meta name=\"twitter:creator\" content=\"@omniquestbonn\" \/>\n<meta name=\"twitter:site\" content=\"@omniquestbonn\" \/>\n<meta name=\"twitter:label1\" content=\"Verfasst von\" \/>\n\t<meta name=\"twitter:data1\" content=\"maxkunz\" \/>\n\t<meta name=\"twitter:label2\" content=\"Gesch\u00e4tzte Lesezeit\" \/>\n\t<meta name=\"twitter:data2\" content=\"2\u00a0Minuten\" \/>\n<script type=\"application\/ld+json\" class=\"yoast-schema-graph\">{\"@context\":\"https:\/\/schema.org\",\"@graph\":[{\"@type\":\"Article\",\"@id\":\"https:\/\/www.omniquest.de\/marktforschung-news\/aktuelle-umfragen\/gesellschaft\/78-wollen-flaechendeckende-bodycam-ausstattung-aller-polizisten#article\",\"isPartOf\":{\"@id\":\"https:\/\/www.omniquest.de\/marktforschung-news\/aktuelle-umfragen\/gesellschaft\/78-wollen-flaechendeckende-bodycam-ausstattung-aller-polizisten\"},\"author\":{\"name\":\"maxkunz\",\"@id\":\"https:\/\/www.omniquest.de\/marktforschung-news\/#\/schema\/person\/cc5f4802f3fe5782ee50302f6421626f\"},\"headline\":\"78% wollen fl\u00e4chendeckende Bodycam-Ausstattung aller Polizisten\",\"datePublished\":\"2017-10-09T12:46:54+00:00\",\"dateModified\":\"2019-02-07T12:14:26+00:00\",\"mainEntityOfPage\":{\"@id\":\"https:\/\/www.omniquest.de\/marktforschung-news\/aktuelle-umfragen\/gesellschaft\/78-wollen-flaechendeckende-bodycam-ausstattung-aller-polizisten\"},\"wordCount\":464,\"publisher\":{\"@id\":\"https:\/\/www.omniquest.de\/marktforschung-news\/#organization\"},\"image\":{\"@id\":\"https:\/\/www.omniquest.de\/marktforschung-news\/aktuelle-umfragen\/gesellschaft\/78-wollen-flaechendeckende-bodycam-ausstattung-aller-polizisten#primaryimage\"},\"thumbnailUrl\":\"https:\/\/www.omniquest.de\/marktforschung-news\/wp-content\/uploads\/2017\/10\/bodycam-1080x675.jpg\",\"keywords\":[\"beamte\",\"bodycam\",\"polizei\",\"\u00fcberwachungskameras\"],\"articleSection\":[\"Gesellschaft\"],\"inLanguage\":\"de\"},{\"@type\":\"WebPage\",\"@id\":\"https:\/\/www.omniquest.de\/marktforschung-news\/aktuelle-umfragen\/gesellschaft\/78-wollen-flaechendeckende-bodycam-ausstattung-aller-polizisten\",\"url\":\"https:\/\/www.omniquest.de\/marktforschung-news\/aktuelle-umfragen\/gesellschaft\/78-wollen-flaechendeckende-bodycam-ausstattung-aller-polizisten\",\"name\":\"78% wollen fl\u00e4chendeckende Bodycam-Ausstattung aller Polizisten - OmniQuest News\",\"isPartOf\":{\"@id\":\"https:\/\/www.omniquest.de\/marktforschung-news\/#website\"},\"primaryImageOfPage\":{\"@id\":\"https:\/\/www.omniquest.de\/marktforschung-news\/aktuelle-umfragen\/gesellschaft\/78-wollen-flaechendeckende-bodycam-ausstattung-aller-polizisten#primaryimage\"},\"image\":{\"@id\":\"https:\/\/www.omniquest.de\/marktforschung-news\/aktuelle-umfragen\/gesellschaft\/78-wollen-flaechendeckende-bodycam-ausstattung-aller-polizisten#primaryimage\"},\"thumbnailUrl\":\"https:\/\/www.omniquest.de\/marktforschung-news\/wp-content\/uploads\/2017\/10\/bodycam-1080x675.jpg\",\"datePublished\":\"2017-10-09T12:46:54+00:00\",\"dateModified\":\"2019-02-07T12:14:26+00:00\",\"description\":\"In deutschen Bundesl\u00e4ndern ... Einsatz von \u00dcberwachungskameras an K\u00f6rpern der Beamten ... Einsatz der Technik ... Ausstattung deutscher Polizisten mit Bodycams\",\"breadcrumb\":{\"@id\":\"https:\/\/www.omniquest.de\/marktforschung-news\/aktuelle-umfragen\/gesellschaft\/78-wollen-flaechendeckende-bodycam-ausstattung-aller-polizisten#breadcrumb\"},\"inLanguage\":\"de\",\"potentialAction\":[{\"@type\":\"ReadAction\",\"target\":[\"https:\/\/www.omniquest.de\/marktforschung-news\/aktuelle-umfragen\/gesellschaft\/78-wollen-flaechendeckende-bodycam-ausstattung-aller-polizisten\"]}]},{\"@type\":\"ImageObject\",\"inLanguage\":\"de\",\"@id\":\"https:\/\/www.omniquest.de\/marktforschung-news\/aktuelle-umfragen\/gesellschaft\/78-wollen-flaechendeckende-bodycam-ausstattung-aller-polizisten#primaryimage\",\"url\":\"https:\/\/www.omniquest.de\/marktforschung-news\/wp-content\/uploads\/2017\/10\/bodycam-1080x675.jpg\",\"contentUrl\":\"https:\/\/www.omniquest.de\/marktforschung-news\/wp-content\/uploads\/2017\/10\/bodycam-1080x675.jpg\",\"width\":1080,\"height\":675,\"caption\":\"bodycam\"},{\"@type\":\"BreadcrumbList\",\"@id\":\"https:\/\/www.omniquest.de\/marktforschung-news\/aktuelle-umfragen\/gesellschaft\/78-wollen-flaechendeckende-bodycam-ausstattung-aller-polizisten#breadcrumb\",\"itemListElement\":[{\"@type\":\"ListItem\",\"position\":1,\"name\":\"Startseite\",\"item\":\"https:\/\/www.omniquest.de\/marktforschung-news\"},{\"@type\":\"ListItem\",\"position\":2,\"name\":\"Umfragen\",\"item\":\"https:\/\/www.omniquest.de\/marktforschung-news\/aktuelle-umfragen\"},{\"@type\":\"ListItem\",\"position\":3,\"name\":\"Gesellschaft\",\"item\":\"https:\/\/www.omniquest.de\/marktforschung-news\/aktuelle-umfragen\/gesellschaft\"},{\"@type\":\"ListItem\",\"position\":4,\"name\":\"78% wollen fl\u00e4chendeckende Bodycam-Ausstattung aller Polizisten\"}]},{\"@type\":\"WebSite\",\"@id\":\"https:\/\/www.omniquest.de\/marktforschung-news\/#website\",\"url\":\"https:\/\/www.omniquest.de\/marktforschung-news\/\",\"name\":\"OmniQuest News\",\"description\":\"Das Portal f\u00fcr News aus der Marktforschung\",\"publisher\":{\"@id\":\"https:\/\/www.omniquest.de\/marktforschung-news\/#organization\"},\"potentialAction\":[{\"@type\":\"SearchAction\",\"target\":{\"@type\":\"EntryPoint\",\"urlTemplate\":\"https:\/\/www.omniquest.de\/marktforschung-news\/?s={search_term_string}\"},\"query-input\":{\"@type\":\"PropertyValueSpecification\",\"valueRequired\":true,\"valueName\":\"search_term_string\"}}],\"inLanguage\":\"de\"},{\"@type\":\"Organization\",\"@id\":\"https:\/\/www.omniquest.de\/marktforschung-news\/#organization\",\"name\":\"OmniQuest\",\"url\":\"https:\/\/www.omniquest.de\/marktforschung-news\/\",\"logo\":{\"@type\":\"ImageObject\",\"inLanguage\":\"de\",\"@id\":\"https:\/\/www.omniquest.de\/marktforschung-news\/#\/schema\/logo\/image\/\",\"url\":\"https:\/\/www.omniquest.de\/marktforschung-news\/wp-content\/uploads\/2019\/02\/OmniQuest-Logo_Green.png\",\"contentUrl\":\"https:\/\/www.omniquest.de\/marktforschung-news\/wp-content\/uploads\/2019\/02\/OmniQuest-Logo_Green.png\",\"width\":1000,\"height\":254,\"caption\":\"OmniQuest\"},\"image\":{\"@id\":\"https:\/\/www.omniquest.de\/marktforschung-news\/#\/schema\/logo\/image\/\"},\"sameAs\":[\"https:\/\/www.facebook.com\/omniquest\",\"https:\/\/x.com\/omniquestbonn\"]},{\"@type\":\"Person\",\"@id\":\"https:\/\/www.omniquest.de\/marktforschung-news\/#\/schema\/person\/cc5f4802f3fe5782ee50302f6421626f\",\"name\":\"maxkunz\",\"image\":{\"@type\":\"ImageObject\",\"inLanguage\":\"de\",\"@id\":\"https:\/\/www.omniquest.de\/marktforschung-news\/#\/schema\/person\/image\/\",\"url\":\"https:\/\/secure.gravatar.com\/avatar\/4263acc4a3ce0b258a5f70ea20a3e80c96ef22b12f62637ae28a3eebf4a0f094?s=96&d=mm&r=g\",\"contentUrl\":\"https:\/\/secure.gravatar.com\/avatar\/4263acc4a3ce0b258a5f70ea20a3e80c96ef22b12f62637ae28a3eebf4a0f094?s=96&d=mm&r=g\",\"caption\":\"maxkunz\"}}]}<\/script>\n<!-- \/ Yoast SEO plugin. -->","yoast_head_json":{"title":"78% wollen fl\u00e4chendeckende Bodycam-Ausstattung aller Polizisten - OmniQuest News","description":"In deutschen Bundesl\u00e4ndern ... Einsatz von \u00dcberwachungskameras an K\u00f6rpern der Beamten ... Einsatz der Technik ... Ausstattung deutscher Polizisten mit Bodycams","robots":{"index":"index","follow":"follow","max-snippet":"max-snippet:-1","max-image-preview":"max-image-preview:large","max-video-preview":"max-video-preview:-1"},"canonical":"https:\/\/www.omniquest.de\/marktforschung-news\/aktuelle-umfragen\/gesellschaft\/78-wollen-flaechendeckende-bodycam-ausstattung-aller-polizisten","og_locale":"de_DE","og_type":"article","og_title":"OmniQuest-Umfrage: 78% wollen fl\u00e4chendeckende Bodycam-Ausstattung aller Polizisten","og_description":"In fast allen deutschen Bundesl\u00e4ndern testet die Polizei den Einsatz von \u00dcberwachungskameras an den K\u00f6rpern der Beamten,... | 9. Oktober 2017 | Gesellschaft","og_url":"https:\/\/www.omniquest.de\/marktforschung-news\/aktuelle-umfragen\/gesellschaft\/78-wollen-flaechendeckende-bodycam-ausstattung-aller-polizisten","og_site_name":"OmniQuest News","article_publisher":"https:\/\/www.facebook.com\/omniquest","article_published_time":"2017-10-09T12:46:54+00:00","article_modified_time":"2019-02-07T12:14:26+00:00","author":"maxkunz","twitter_card":"summary_large_image","twitter_title":"OmniQuest-Umfrage: 78% wollen fl\u00e4chendeckende Bodycam-Ausstattung aller Polizisten","twitter_description":"In fast allen deutschen Bundesl\u00e4ndern testet die Polizei den Einsatz von \u00dcberwachungskameras an den K\u00f6rpern der Beamten,... | 9. Oktober 2017 | Gesellschaft","twitter_image":"http:\/\/www.omniquest.de\/wp-content\/uploads\/2017\/10\/bodycam.jpg","twitter_creator":"@omniquestbonn","twitter_site":"@omniquestbonn","twitter_misc":{"Verfasst von":"maxkunz","Gesch\u00e4tzte Lesezeit":"2\u00a0Minuten"},"schema":{"@context":"https:\/\/schema.org","@graph":[{"@type":"Article","@id":"https:\/\/www.omniquest.de\/marktforschung-news\/aktuelle-umfragen\/gesellschaft\/78-wollen-flaechendeckende-bodycam-ausstattung-aller-polizisten#article","isPartOf":{"@id":"https:\/\/www.omniquest.de\/marktforschung-news\/aktuelle-umfragen\/gesellschaft\/78-wollen-flaechendeckende-bodycam-ausstattung-aller-polizisten"},"author":{"name":"maxkunz","@id":"https:\/\/www.omniquest.de\/marktforschung-news\/#\/schema\/person\/cc5f4802f3fe5782ee50302f6421626f"},"headline":"78% wollen fl\u00e4chendeckende Bodycam-Ausstattung aller Polizisten","datePublished":"2017-10-09T12:46:54+00:00","dateModified":"2019-02-07T12:14:26+00:00","mainEntityOfPage":{"@id":"https:\/\/www.omniquest.de\/marktforschung-news\/aktuelle-umfragen\/gesellschaft\/78-wollen-flaechendeckende-bodycam-ausstattung-aller-polizisten"},"wordCount":464,"publisher":{"@id":"https:\/\/www.omniquest.de\/marktforschung-news\/#organization"},"image":{"@id":"https:\/\/www.omniquest.de\/marktforschung-news\/aktuelle-umfragen\/gesellschaft\/78-wollen-flaechendeckende-bodycam-ausstattung-aller-polizisten#primaryimage"},"thumbnailUrl":"https:\/\/www.omniquest.de\/marktforschung-news\/wp-content\/uploads\/2017\/10\/bodycam-1080x675.jpg","keywords":["beamte","bodycam","polizei","\u00fcberwachungskameras"],"articleSection":["Gesellschaft"],"inLanguage":"de"},{"@type":"WebPage","@id":"https:\/\/www.omniquest.de\/marktforschung-news\/aktuelle-umfragen\/gesellschaft\/78-wollen-flaechendeckende-bodycam-ausstattung-aller-polizisten","url":"https:\/\/www.omniquest.de\/marktforschung-news\/aktuelle-umfragen\/gesellschaft\/78-wollen-flaechendeckende-bodycam-ausstattung-aller-polizisten","name":"78% wollen fl\u00e4chendeckende Bodycam-Ausstattung aller Polizisten - OmniQuest News","isPartOf":{"@id":"https:\/\/www.omniquest.de\/marktforschung-news\/#website"},"primaryImageOfPage":{"@id":"https:\/\/www.omniquest.de\/marktforschung-news\/aktuelle-umfragen\/gesellschaft\/78-wollen-flaechendeckende-bodycam-ausstattung-aller-polizisten#primaryimage"},"image":{"@id":"https:\/\/www.omniquest.de\/marktforschung-news\/aktuelle-umfragen\/gesellschaft\/78-wollen-flaechendeckende-bodycam-ausstattung-aller-polizisten#primaryimage"},"thumbnailUrl":"https:\/\/www.omniquest.de\/marktforschung-news\/wp-content\/uploads\/2017\/10\/bodycam-1080x675.jpg","datePublished":"2017-10-09T12:46:54+00:00","dateModified":"2019-02-07T12:14:26+00:00","description":"In deutschen Bundesl\u00e4ndern ... Einsatz von \u00dcberwachungskameras an K\u00f6rpern der Beamten ... Einsatz der Technik ... Ausstattung deutscher Polizisten mit Bodycams","breadcrumb":{"@id":"https:\/\/www.omniquest.de\/marktforschung-news\/aktuelle-umfragen\/gesellschaft\/78-wollen-flaechendeckende-bodycam-ausstattung-aller-polizisten#breadcrumb"},"inLanguage":"de","potentialAction":[{"@type":"ReadAction","target":["https:\/\/www.omniquest.de\/marktforschung-news\/aktuelle-umfragen\/gesellschaft\/78-wollen-flaechendeckende-bodycam-ausstattung-aller-polizisten"]}]},{"@type":"ImageObject","inLanguage":"de","@id":"https:\/\/www.omniquest.de\/marktforschung-news\/aktuelle-umfragen\/gesellschaft\/78-wollen-flaechendeckende-bodycam-ausstattung-aller-polizisten#primaryimage","url":"https:\/\/www.omniquest.de\/marktforschung-news\/wp-content\/uploads\/2017\/10\/bodycam-1080x675.jpg","contentUrl":"https:\/\/www.omniquest.de\/marktforschung-news\/wp-content\/uploads\/2017\/10\/bodycam-1080x675.jpg","width":1080,"height":675,"caption":"bodycam"},{"@type":"BreadcrumbList","@id":"https:\/\/www.omniquest.de\/marktforschung-news\/aktuelle-umfragen\/gesellschaft\/78-wollen-flaechendeckende-bodycam-ausstattung-aller-polizisten#breadcrumb","itemListElement":[{"@type":"ListItem","position":1,"name":"Startseite","item":"https:\/\/www.omniquest.de\/marktforschung-news"},{"@type":"ListItem","position":2,"name":"Umfragen","item":"https:\/\/www.omniquest.de\/marktforschung-news\/aktuelle-umfragen"},{"@type":"ListItem","position":3,"name":"Gesellschaft","item":"https:\/\/www.omniquest.de\/marktforschung-news\/aktuelle-umfragen\/gesellschaft"},{"@type":"ListItem","position":4,"name":"78% wollen fl\u00e4chendeckende Bodycam-Ausstattung aller Polizisten"}]},{"@type":"WebSite","@id":"https:\/\/www.omniquest.de\/marktforschung-news\/#website","url":"https:\/\/www.omniquest.de\/marktforschung-news\/","name":"OmniQuest News","description":"Das Portal f\u00fcr News aus der Marktforschung","publisher":{"@id":"https:\/\/www.omniquest.de\/marktforschung-news\/#organization"},"potentialAction":[{"@type":"SearchAction","target":{"@type":"EntryPoint","urlTemplate":"https:\/\/www.omniquest.de\/marktforschung-news\/?s={search_term_string}"},"query-input":{"@type":"PropertyValueSpecification","valueRequired":true,"valueName":"search_term_string"}}],"inLanguage":"de"},{"@type":"Organization","@id":"https:\/\/www.omniquest.de\/marktforschung-news\/#organization","name":"OmniQuest","url":"https:\/\/www.omniquest.de\/marktforschung-news\/","logo":{"@type":"ImageObject","inLanguage":"de","@id":"https:\/\/www.omniquest.de\/marktforschung-news\/#\/schema\/logo\/image\/","url":"https:\/\/www.omniquest.de\/marktforschung-news\/wp-content\/uploads\/2019\/02\/OmniQuest-Logo_Green.png","contentUrl":"https:\/\/www.omniquest.de\/marktforschung-news\/wp-content\/uploads\/2019\/02\/OmniQuest-Logo_Green.png","width":1000,"height":254,"caption":"OmniQuest"},"image":{"@id":"https:\/\/www.omniquest.de\/marktforschung-news\/#\/schema\/logo\/image\/"},"sameAs":["https:\/\/www.facebook.com\/omniquest","https:\/\/x.com\/omniquestbonn"]},{"@type":"Person","@id":"https:\/\/www.omniquest.de\/marktforschung-news\/#\/schema\/person\/cc5f4802f3fe5782ee50302f6421626f","name":"maxkunz","image":{"@type":"ImageObject","inLanguage":"de","@id":"https:\/\/www.omniquest.de\/marktforschung-news\/#\/schema\/person\/image\/","url":"https:\/\/secure.gravatar.com\/avatar\/4263acc4a3ce0b258a5f70ea20a3e80c96ef22b12f62637ae28a3eebf4a0f094?s=96&d=mm&r=g","contentUrl":"https:\/\/secure.gravatar.com\/avatar\/4263acc4a3ce0b258a5f70ea20a3e80c96ef22b12f62637ae28a3eebf4a0f094?s=96&d=mm&r=g","caption":"maxkunz"}}]}},"_links":{"self":[{"href":"https:\/\/www.omniquest.de\/marktforschung-news\/wp-json\/wp\/v2\/posts\/28797","targetHints":{"allow":["GET"]}}],"collection":[{"href":"https:\/\/www.omniquest.de\/marktforschung-news\/wp-json\/wp\/v2\/posts"}],"about":[{"href":"https:\/\/www.omniquest.de\/marktforschung-news\/wp-json\/wp\/v2\/types\/post"}],"author":[{"embeddable":true,"href":"https:\/\/www.omniquest.de\/marktforschung-news\/wp-json\/wp\/v2\/users\/1"}],"replies":[{"embeddable":true,"href":"https:\/\/www.omniquest.de\/marktforschung-news\/wp-json\/wp\/v2\/comments?post=28797"}],"version-history":[{"count":1,"href":"https:\/\/www.omniquest.de\/marktforschung-news\/wp-json\/wp\/v2\/posts\/28797\/revisions"}],"predecessor-version":[{"id":34713,"href":"https:\/\/www.omniquest.de\/marktforschung-news\/wp-json\/wp\/v2\/posts\/28797\/revisions\/34713"}],"wp:featuredmedia":[{"embeddable":true,"href":"https:\/\/www.omniquest.de\/marktforschung-news\/wp-json\/wp\/v2\/media\/34711"}],"wp:attachment":[{"href":"https:\/\/www.omniquest.de\/marktforschung-news\/wp-json\/wp\/v2\/media?parent=28797"}],"wp:term":[{"taxonomy":"category","embeddable":true,"href":"https:\/\/www.omniquest.de\/marktforschung-news\/wp-json\/wp\/v2\/categories?post=28797"},{"taxonomy":"post_tag","embeddable":true,"href":"https:\/\/www.omniquest.de\/marktforschung-news\/wp-json\/wp\/v2\/tags?post=28797"}],"curies":[{"name":"wp","href":"https:\/\/api.w.org\/{rel}","templated":true}]}}