{"id":28931,"date":"2017-11-10T15:00:59","date_gmt":"2017-11-10T14:00:59","guid":{"rendered":"http:\/\/www.omniquest.de?p=28931"},"modified":"2019-02-07T12:39:54","modified_gmt":"2019-02-07T11:39:54","slug":"49-stimmen-fuer-eintrag-eines-dritten-geschlechts-im-geburtenregister","status":"publish","type":"post","link":"https:\/\/www.omniquest.de\/marktforschung-news\/aktuelle-umfragen\/politik\/49-stimmen-fuer-eintrag-eines-dritten-geschlechts-im-geburtenregister","title":{"rendered":"49% stimmen f\u00fcr Eintrag eines dritten Geschlechts im Geburtenregister"},"content":{"rendered":"\n[et_pb_section bb_built=&#8220;1&#8243;][et_pb_row][et_pb_column type=&#8220;4_4&#8243;][et_pb_text admin_label=&#8220;Fragetext&#8220; _builder_version=&#8220;3.0.86&#8243; background_layout=&#8220;light&#8220;]\n\n<p>Das Bundesverfassungsgericht fordert die M\u00f6glichkeit, f\u00fcr intersexuelle Menschen im Geburtenregister den Eintrag eines dritten Geschlechts zu erm\u00f6glichen. Der Gesetzgeber muss nun bis Ende 2018 eine Neuregelung schaffen. Wie ist Ihre Meinung dazu?<\/p>\n\n[\/et_pb_text][et_pb_counters _builder_version=&#8220;3.0.86&#8243; use_percentages=&#8220;on&#8220; background_layout=&#8220;light&#8220; bar_bg_color=&#8220;#38b400&#8243;]\n\n[et_pb_counter _builder_version=&#8220;3.0.86&#8243; percent=&#8220;49&#8243; use_background_color_gradient=&#8220;off&#8220; background_color_gradient_start=&#8220;#2b87da&#8220; background_color_gradient_end=&#8220;#29c4a9&#8243; background_color_gradient_type=&#8220;linear&#8220; background_color_gradient_direction=&#8220;180deg&#8220; background_color_gradient_direction_radial=&#8220;center&#8220; background_color_gradient_start_position=&#8220;0%&#8220; background_color_gradient_end_position=&#8220;100%&#8220; parallax=&#8220;off&#8220; parallax_method=&#8220;on&#8220; background_size=&#8220;cover&#8220; background_position=&#8220;center&#8220; background_repeat=&#8220;no-repeat&#8220; background_blend=&#8220;normal&#8220; allow_player_pause=&#8220;off&#8220; title_font_select=&#8220;default&#8220; title_font=&#8220;||||&#8220; percent_font_select=&#8220;default&#8220; percent_font=&#8220;||||&#8220; background_color_gradient_overlays_image=&#8220;off&#8220; text_shadow_horizontal_length=&#8220;0em&#8220; text_shadow_vertical_length=&#8220;0em&#8220; text_shadow_blur_strength=&#8220;0em&#8220; title_text_shadow_horizontal_length=&#8220;0em&#8220; title_text_shadow_vertical_length=&#8220;0em&#8220; title_text_shadow_blur_strength=&#8220;0em&#8220; percent_text_shadow_horizontal_length=&#8220;0em&#8220; percent_text_shadow_vertical_length=&#8220;0em&#8220; percent_text_shadow_blur_strength=&#8220;0em&#8220;]\n\nIch bef\u00fcrtworte eine solche Neuregelung\n\n[\/et_pb_counter][et_pb_counter _builder_version=&#8220;3.0.86&#8243; percent=&#8220;33&#8243; use_background_color_gradient=&#8220;off&#8220; background_color_gradient_start=&#8220;#2b87da&#8220; background_color_gradient_end=&#8220;#29c4a9&#8243; background_color_gradient_type=&#8220;linear&#8220; background_color_gradient_direction=&#8220;180deg&#8220; background_color_gradient_direction_radial=&#8220;center&#8220; background_color_gradient_start_position=&#8220;0%&#8220; background_color_gradient_end_position=&#8220;100%&#8220; parallax=&#8220;off&#8220; parallax_method=&#8220;on&#8220; background_size=&#8220;cover&#8220; background_position=&#8220;center&#8220; background_repeat=&#8220;no-repeat&#8220; background_blend=&#8220;normal&#8220; allow_player_pause=&#8220;off&#8220; title_font_select=&#8220;default&#8220; title_font=&#8220;||||&#8220; percent_font_select=&#8220;default&#8220; percent_font=&#8220;||||&#8220; background_color_gradient_overlays_image=&#8220;off&#8220; text_shadow_horizontal_length=&#8220;0em&#8220; text_shadow_vertical_length=&#8220;0em&#8220; text_shadow_blur_strength=&#8220;0em&#8220; title_text_shadow_horizontal_length=&#8220;0em&#8220; title_text_shadow_vertical_length=&#8220;0em&#8220; title_text_shadow_blur_strength=&#8220;0em&#8220; percent_text_shadow_horizontal_length=&#8220;0em&#8220; percent_text_shadow_vertical_length=&#8220;0em&#8220; percent_text_shadow_blur_strength=&#8220;0em&#8220;]\n\nIch lehne eine solche Neuregelung ab\n\n[\/et_pb_counter][et_pb_counter _builder_version=&#8220;3.0.86&#8243; percent=&#8220;18&#8243; use_background_color_gradient=&#8220;off&#8220; background_color_gradient_start=&#8220;#2b87da&#8220; background_color_gradient_end=&#8220;#29c4a9&#8243; background_color_gradient_type=&#8220;linear&#8220; background_color_gradient_direction=&#8220;180deg&#8220; background_color_gradient_direction_radial=&#8220;center&#8220; background_color_gradient_start_position=&#8220;0%&#8220; background_color_gradient_end_position=&#8220;100%&#8220; parallax=&#8220;off&#8220; parallax_method=&#8220;on&#8220; background_size=&#8220;cover&#8220; background_position=&#8220;center&#8220; background_repeat=&#8220;no-repeat&#8220; background_blend=&#8220;normal&#8220; allow_player_pause=&#8220;off&#8220; title_font_select=&#8220;default&#8220; title_font=&#8220;||||&#8220; percent_font_select=&#8220;default&#8220; percent_font=&#8220;||||&#8220; background_color_gradient_overlays_image=&#8220;off&#8220; text_shadow_horizontal_length=&#8220;0em&#8220; text_shadow_vertical_length=&#8220;0em&#8220; text_shadow_blur_strength=&#8220;0em&#8220; title_text_shadow_horizontal_length=&#8220;0em&#8220; title_text_shadow_vertical_length=&#8220;0em&#8220; title_text_shadow_blur_strength=&#8220;0em&#8220; percent_text_shadow_horizontal_length=&#8220;0em&#8220; percent_text_shadow_vertical_length=&#8220;0em&#8220; percent_text_shadow_blur_strength=&#8220;0em&#8220;]\n\n<p>Bin mir nicht sicher<\/p>\n\n[\/et_pb_counter]\n\n[\/et_pb_counters][et_pb_text _builder_version=&#8220;3.0.86&#8243; background_layout=&#8220;light&#8220;]\n\n<p>379 Teilnehmer<\/p>\n<p>Erhebungszeitraum: 08.11.2017 \u2013 10.11.2017<\/p>\n<p><span style=\"color: #ff8b00;\">Der Quick Poll ist ein Instrument zur kurzfristigen Trendmessung unter beliebigen Teilnehmern aus dem <a class=\"news_beitrag_link\" href=\"http:\/\/www.omniquest.de\/omnipanel\">OmniPanel<\/a> und beansprucht keine <a class=\"news_beitrag_link\" href=\"http:\/\/www.omniquest.de\/repraesentativitaet\">Repr\u00e4sentativit\u00e4t<\/a> f\u00fcr sich.<\/span><\/p>\n\n[\/et_pb_text][\/et_pb_column][\/et_pb_row][\/et_pb_section]\n","protected":false},"excerpt":{"rendered":"<p><div class=\"et_pb_row et_pb_row_0 et_pb_row_empty\">\n\t\t\t\t\n\t\t\t\t\n\t\t\t\t\n\t\t\t\t\n\t\t\t\t\n\t\t\t<\/div> Das Bundesverfassungsgericht fordert die M\u00f6glichkeit, f\u00fcr intersexuelle Menschen im Geburtenregister den Eintrag eines dritten Geschlechts zu erm\u00f6glichen. Der Gesetzgeber muss nun bis Ende 2018 eine Neuregelung schaffen. Wie ist Ihre Meinung dazu? Ich bef\u00fcrtworte eine solche Neuregelung Ich lehne eine solche Neuregelung ab Bin mir nicht sicher 379 Teilnehmer Erhebungszeitraum: 08.11.2017 \u2013 10.11.2017 Der [&hellip;]<\/p>\n","protected":false},"author":1,"featured_media":34677,"comment_status":"closed","ping_status":"closed","sticky":false,"template":"","format":"standard","meta":{"_et_pb_use_builder":"on","_et_pb_old_content":"","_et_gb_content_width":"","footnotes":""},"categories":[17],"tags":[183,184,185,186,187],"class_list":["post-28931","post","type-post","status-publish","format-standard","has-post-thumbnail","hentry","category-politik","tag-geburtenregister","tag-gericht","tag-geschlecht","tag-intersexuell","tag-verfassung","et-has-post-format-content","et_post_format-et-post-format-standard"],"yoast_head":"<!-- This site is optimized with the Yoast SEO plugin v26.1.1 - https:\/\/yoast.com\/wordpress\/plugins\/seo\/ -->\n<title>49% stimmen f\u00fcr Eintrag eines dritten Geschlechts im Geburtenregister - OmniQuest News<\/title>\n<meta name=\"description\" content=\"Das Bundesverfassungsgericht fordert die M\u00f6glichkeit f\u00fcr intersexuelle Menschen im Geburtenregister ... drittes Geschlecht ... Neuregelung ... | Politik\" \/>\n<meta name=\"robots\" content=\"index, follow, max-snippet:-1, max-image-preview:large, max-video-preview:-1\" \/>\n<link rel=\"canonical\" href=\"https:\/\/www.omniquest.de\/marktforschung-news\/aktuelle-umfragen\/politik\/49-stimmen-fuer-eintrag-eines-dritten-geschlechts-im-geburtenregister\" \/>\n<meta property=\"og:locale\" content=\"de_DE\" \/>\n<meta property=\"og:type\" content=\"article\" \/>\n<meta property=\"og:title\" content=\"OmniQuest-Umfrage: 49% stimmen f\u00fcr Eintrag eines dritten Geschlechts im Geburtenregister\" \/>\n<meta property=\"og:description\" content=\"Das Bundesverfassungsgericht fordert die M\u00f6glichkeit, f\u00fcr intersexuelle Menschen im Geburtenregister den Eintrag eines dritten Geschlechts ... | 10. November 2017\" \/>\n<meta property=\"og:url\" content=\"https:\/\/www.omniquest.de\/marktforschung-news\/aktuelle-umfragen\/politik\/49-stimmen-fuer-eintrag-eines-dritten-geschlechts-im-geburtenregister\" \/>\n<meta property=\"og:site_name\" content=\"OmniQuest News\" \/>\n<meta property=\"article:publisher\" content=\"https:\/\/www.facebook.com\/omniquest\" \/>\n<meta property=\"article:published_time\" content=\"2017-11-10T14:00:59+00:00\" \/>\n<meta property=\"article:modified_time\" content=\"2019-02-07T11:39:54+00:00\" \/>\n<meta name=\"author\" content=\"maxkunz\" \/>\n<meta name=\"twitter:card\" content=\"summary_large_image\" \/>\n<meta name=\"twitter:title\" content=\"OmniQuest-Umfrage: 49% stimmen f\u00fcr Eintrag eines dritten Geschlechts im Geburtenregister\" \/>\n<meta name=\"twitter:description\" content=\"Das Bundesverfassungsgericht fordert die M\u00f6glichkeit, f\u00fcr intersexuelle Menschen im Geburtenregister den Eintrag eines dritten Geschlechts ... | 10. November 2017\" \/>\n<meta name=\"twitter:image\" content=\"http:\/\/www.omniquest.de\/wp-content\/uploads\/2017\/11\/intersexuell.jpg\" \/>\n<meta name=\"twitter:creator\" content=\"@omniquestbonn\" \/>\n<meta name=\"twitter:site\" content=\"@omniquestbonn\" \/>\n<meta name=\"twitter:label1\" content=\"Verfasst von\" \/>\n\t<meta name=\"twitter:data1\" content=\"maxkunz\" \/>\n\t<meta name=\"twitter:label2\" content=\"Gesch\u00e4tzte Lesezeit\" \/>\n\t<meta name=\"twitter:data2\" content=\"3\u00a0Minuten\" \/>\n<script type=\"application\/ld+json\" class=\"yoast-schema-graph\">{\"@context\":\"https:\/\/schema.org\",\"@graph\":[{\"@type\":\"Article\",\"@id\":\"https:\/\/www.omniquest.de\/marktforschung-news\/aktuelle-umfragen\/politik\/49-stimmen-fuer-eintrag-eines-dritten-geschlechts-im-geburtenregister#article\",\"isPartOf\":{\"@id\":\"https:\/\/www.omniquest.de\/marktforschung-news\/aktuelle-umfragen\/politik\/49-stimmen-fuer-eintrag-eines-dritten-geschlechts-im-geburtenregister\"},\"author\":{\"name\":\"maxkunz\",\"@id\":\"https:\/\/www.omniquest.de\/marktforschung-news\/#\/schema\/person\/cc5f4802f3fe5782ee50302f6421626f\"},\"headline\":\"49% stimmen f\u00fcr Eintrag eines dritten Geschlechts im Geburtenregister\",\"datePublished\":\"2017-11-10T14:00:59+00:00\",\"dateModified\":\"2019-02-07T11:39:54+00:00\",\"mainEntityOfPage\":{\"@id\":\"https:\/\/www.omniquest.de\/marktforschung-news\/aktuelle-umfragen\/politik\/49-stimmen-fuer-eintrag-eines-dritten-geschlechts-im-geburtenregister\"},\"wordCount\":575,\"publisher\":{\"@id\":\"https:\/\/www.omniquest.de\/marktforschung-news\/#organization\"},\"image\":{\"@id\":\"https:\/\/www.omniquest.de\/marktforschung-news\/aktuelle-umfragen\/politik\/49-stimmen-fuer-eintrag-eines-dritten-geschlechts-im-geburtenregister#primaryimage\"},\"thumbnailUrl\":\"https:\/\/www.omniquest.de\/marktforschung-news\/wp-content\/uploads\/2017\/11\/intersexuell-960x675.jpg\",\"keywords\":[\"geburtenregister\",\"gericht\",\"geschlecht\",\"intersexuell\",\"verfassung\"],\"articleSection\":[\"Politik\"],\"inLanguage\":\"de\"},{\"@type\":\"WebPage\",\"@id\":\"https:\/\/www.omniquest.de\/marktforschung-news\/aktuelle-umfragen\/politik\/49-stimmen-fuer-eintrag-eines-dritten-geschlechts-im-geburtenregister\",\"url\":\"https:\/\/www.omniquest.de\/marktforschung-news\/aktuelle-umfragen\/politik\/49-stimmen-fuer-eintrag-eines-dritten-geschlechts-im-geburtenregister\",\"name\":\"49% stimmen f\u00fcr Eintrag eines dritten Geschlechts im Geburtenregister - OmniQuest News\",\"isPartOf\":{\"@id\":\"https:\/\/www.omniquest.de\/marktforschung-news\/#website\"},\"primaryImageOfPage\":{\"@id\":\"https:\/\/www.omniquest.de\/marktforschung-news\/aktuelle-umfragen\/politik\/49-stimmen-fuer-eintrag-eines-dritten-geschlechts-im-geburtenregister#primaryimage\"},\"image\":{\"@id\":\"https:\/\/www.omniquest.de\/marktforschung-news\/aktuelle-umfragen\/politik\/49-stimmen-fuer-eintrag-eines-dritten-geschlechts-im-geburtenregister#primaryimage\"},\"thumbnailUrl\":\"https:\/\/www.omniquest.de\/marktforschung-news\/wp-content\/uploads\/2017\/11\/intersexuell-960x675.jpg\",\"datePublished\":\"2017-11-10T14:00:59+00:00\",\"dateModified\":\"2019-02-07T11:39:54+00:00\",\"description\":\"Das Bundesverfassungsgericht fordert die M\u00f6glichkeit f\u00fcr intersexuelle Menschen im Geburtenregister ... drittes Geschlecht ... Neuregelung ... | Politik\",\"breadcrumb\":{\"@id\":\"https:\/\/www.omniquest.de\/marktforschung-news\/aktuelle-umfragen\/politik\/49-stimmen-fuer-eintrag-eines-dritten-geschlechts-im-geburtenregister#breadcrumb\"},\"inLanguage\":\"de\",\"potentialAction\":[{\"@type\":\"ReadAction\",\"target\":[\"https:\/\/www.omniquest.de\/marktforschung-news\/aktuelle-umfragen\/politik\/49-stimmen-fuer-eintrag-eines-dritten-geschlechts-im-geburtenregister\"]}]},{\"@type\":\"ImageObject\",\"inLanguage\":\"de\",\"@id\":\"https:\/\/www.omniquest.de\/marktforschung-news\/aktuelle-umfragen\/politik\/49-stimmen-fuer-eintrag-eines-dritten-geschlechts-im-geburtenregister#primaryimage\",\"url\":\"https:\/\/www.omniquest.de\/marktforschung-news\/wp-content\/uploads\/2017\/11\/intersexuell-960x675.jpg\",\"contentUrl\":\"https:\/\/www.omniquest.de\/marktforschung-news\/wp-content\/uploads\/2017\/11\/intersexuell-960x675.jpg\",\"width\":960,\"height\":675,\"caption\":\"intersexuell\"},{\"@type\":\"BreadcrumbList\",\"@id\":\"https:\/\/www.omniquest.de\/marktforschung-news\/aktuelle-umfragen\/politik\/49-stimmen-fuer-eintrag-eines-dritten-geschlechts-im-geburtenregister#breadcrumb\",\"itemListElement\":[{\"@type\":\"ListItem\",\"position\":1,\"name\":\"Startseite\",\"item\":\"https:\/\/www.omniquest.de\/marktforschung-news\"},{\"@type\":\"ListItem\",\"position\":2,\"name\":\"Umfragen\",\"item\":\"https:\/\/www.omniquest.de\/marktforschung-news\/aktuelle-umfragen\"},{\"@type\":\"ListItem\",\"position\":3,\"name\":\"Politik\",\"item\":\"https:\/\/www.omniquest.de\/marktforschung-news\/aktuelle-umfragen\/politik\"},{\"@type\":\"ListItem\",\"position\":4,\"name\":\"49% stimmen f\u00fcr Eintrag eines dritten Geschlechts im Geburtenregister\"}]},{\"@type\":\"WebSite\",\"@id\":\"https:\/\/www.omniquest.de\/marktforschung-news\/#website\",\"url\":\"https:\/\/www.omniquest.de\/marktforschung-news\/\",\"name\":\"OmniQuest News\",\"description\":\"Das Portal f\u00fcr News aus der Marktforschung\",\"publisher\":{\"@id\":\"https:\/\/www.omniquest.de\/marktforschung-news\/#organization\"},\"potentialAction\":[{\"@type\":\"SearchAction\",\"target\":{\"@type\":\"EntryPoint\",\"urlTemplate\":\"https:\/\/www.omniquest.de\/marktforschung-news\/?s={search_term_string}\"},\"query-input\":{\"@type\":\"PropertyValueSpecification\",\"valueRequired\":true,\"valueName\":\"search_term_string\"}}],\"inLanguage\":\"de\"},{\"@type\":\"Organization\",\"@id\":\"https:\/\/www.omniquest.de\/marktforschung-news\/#organization\",\"name\":\"OmniQuest\",\"url\":\"https:\/\/www.omniquest.de\/marktforschung-news\/\",\"logo\":{\"@type\":\"ImageObject\",\"inLanguage\":\"de\",\"@id\":\"https:\/\/www.omniquest.de\/marktforschung-news\/#\/schema\/logo\/image\/\",\"url\":\"https:\/\/www.omniquest.de\/marktforschung-news\/wp-content\/uploads\/2019\/02\/OmniQuest-Logo_Green.png\",\"contentUrl\":\"https:\/\/www.omniquest.de\/marktforschung-news\/wp-content\/uploads\/2019\/02\/OmniQuest-Logo_Green.png\",\"width\":1000,\"height\":254,\"caption\":\"OmniQuest\"},\"image\":{\"@id\":\"https:\/\/www.omniquest.de\/marktforschung-news\/#\/schema\/logo\/image\/\"},\"sameAs\":[\"https:\/\/www.facebook.com\/omniquest\",\"https:\/\/x.com\/omniquestbonn\"]},{\"@type\":\"Person\",\"@id\":\"https:\/\/www.omniquest.de\/marktforschung-news\/#\/schema\/person\/cc5f4802f3fe5782ee50302f6421626f\",\"name\":\"maxkunz\",\"image\":{\"@type\":\"ImageObject\",\"inLanguage\":\"de\",\"@id\":\"https:\/\/www.omniquest.de\/marktforschung-news\/#\/schema\/person\/image\/\",\"url\":\"https:\/\/secure.gravatar.com\/avatar\/4263acc4a3ce0b258a5f70ea20a3e80c96ef22b12f62637ae28a3eebf4a0f094?s=96&d=mm&r=g\",\"contentUrl\":\"https:\/\/secure.gravatar.com\/avatar\/4263acc4a3ce0b258a5f70ea20a3e80c96ef22b12f62637ae28a3eebf4a0f094?s=96&d=mm&r=g\",\"caption\":\"maxkunz\"}}]}<\/script>\n<!-- \/ Yoast SEO plugin. -->","yoast_head_json":{"title":"49% stimmen f\u00fcr Eintrag eines dritten Geschlechts im Geburtenregister - OmniQuest News","description":"Das Bundesverfassungsgericht fordert die M\u00f6glichkeit f\u00fcr intersexuelle Menschen im Geburtenregister ... drittes Geschlecht ... Neuregelung ... | Politik","robots":{"index":"index","follow":"follow","max-snippet":"max-snippet:-1","max-image-preview":"max-image-preview:large","max-video-preview":"max-video-preview:-1"},"canonical":"https:\/\/www.omniquest.de\/marktforschung-news\/aktuelle-umfragen\/politik\/49-stimmen-fuer-eintrag-eines-dritten-geschlechts-im-geburtenregister","og_locale":"de_DE","og_type":"article","og_title":"OmniQuest-Umfrage: 49% stimmen f\u00fcr Eintrag eines dritten Geschlechts im Geburtenregister","og_description":"Das Bundesverfassungsgericht fordert die M\u00f6glichkeit, f\u00fcr intersexuelle Menschen im Geburtenregister den Eintrag eines dritten Geschlechts ... | 10. November 2017","og_url":"https:\/\/www.omniquest.de\/marktforschung-news\/aktuelle-umfragen\/politik\/49-stimmen-fuer-eintrag-eines-dritten-geschlechts-im-geburtenregister","og_site_name":"OmniQuest News","article_publisher":"https:\/\/www.facebook.com\/omniquest","article_published_time":"2017-11-10T14:00:59+00:00","article_modified_time":"2019-02-07T11:39:54+00:00","author":"maxkunz","twitter_card":"summary_large_image","twitter_title":"OmniQuest-Umfrage: 49% stimmen f\u00fcr Eintrag eines dritten Geschlechts im Geburtenregister","twitter_description":"Das Bundesverfassungsgericht fordert die M\u00f6glichkeit, f\u00fcr intersexuelle Menschen im Geburtenregister den Eintrag eines dritten Geschlechts ... | 10. November 2017","twitter_image":"http:\/\/www.omniquest.de\/wp-content\/uploads\/2017\/11\/intersexuell.jpg","twitter_creator":"@omniquestbonn","twitter_site":"@omniquestbonn","twitter_misc":{"Verfasst von":"maxkunz","Gesch\u00e4tzte Lesezeit":"3\u00a0Minuten"},"schema":{"@context":"https:\/\/schema.org","@graph":[{"@type":"Article","@id":"https:\/\/www.omniquest.de\/marktforschung-news\/aktuelle-umfragen\/politik\/49-stimmen-fuer-eintrag-eines-dritten-geschlechts-im-geburtenregister#article","isPartOf":{"@id":"https:\/\/www.omniquest.de\/marktforschung-news\/aktuelle-umfragen\/politik\/49-stimmen-fuer-eintrag-eines-dritten-geschlechts-im-geburtenregister"},"author":{"name":"maxkunz","@id":"https:\/\/www.omniquest.de\/marktforschung-news\/#\/schema\/person\/cc5f4802f3fe5782ee50302f6421626f"},"headline":"49% stimmen f\u00fcr Eintrag eines dritten Geschlechts im Geburtenregister","datePublished":"2017-11-10T14:00:59+00:00","dateModified":"2019-02-07T11:39:54+00:00","mainEntityOfPage":{"@id":"https:\/\/www.omniquest.de\/marktforschung-news\/aktuelle-umfragen\/politik\/49-stimmen-fuer-eintrag-eines-dritten-geschlechts-im-geburtenregister"},"wordCount":575,"publisher":{"@id":"https:\/\/www.omniquest.de\/marktforschung-news\/#organization"},"image":{"@id":"https:\/\/www.omniquest.de\/marktforschung-news\/aktuelle-umfragen\/politik\/49-stimmen-fuer-eintrag-eines-dritten-geschlechts-im-geburtenregister#primaryimage"},"thumbnailUrl":"https:\/\/www.omniquest.de\/marktforschung-news\/wp-content\/uploads\/2017\/11\/intersexuell-960x675.jpg","keywords":["geburtenregister","gericht","geschlecht","intersexuell","verfassung"],"articleSection":["Politik"],"inLanguage":"de"},{"@type":"WebPage","@id":"https:\/\/www.omniquest.de\/marktforschung-news\/aktuelle-umfragen\/politik\/49-stimmen-fuer-eintrag-eines-dritten-geschlechts-im-geburtenregister","url":"https:\/\/www.omniquest.de\/marktforschung-news\/aktuelle-umfragen\/politik\/49-stimmen-fuer-eintrag-eines-dritten-geschlechts-im-geburtenregister","name":"49% stimmen f\u00fcr Eintrag eines dritten Geschlechts im Geburtenregister - OmniQuest News","isPartOf":{"@id":"https:\/\/www.omniquest.de\/marktforschung-news\/#website"},"primaryImageOfPage":{"@id":"https:\/\/www.omniquest.de\/marktforschung-news\/aktuelle-umfragen\/politik\/49-stimmen-fuer-eintrag-eines-dritten-geschlechts-im-geburtenregister#primaryimage"},"image":{"@id":"https:\/\/www.omniquest.de\/marktforschung-news\/aktuelle-umfragen\/politik\/49-stimmen-fuer-eintrag-eines-dritten-geschlechts-im-geburtenregister#primaryimage"},"thumbnailUrl":"https:\/\/www.omniquest.de\/marktforschung-news\/wp-content\/uploads\/2017\/11\/intersexuell-960x675.jpg","datePublished":"2017-11-10T14:00:59+00:00","dateModified":"2019-02-07T11:39:54+00:00","description":"Das Bundesverfassungsgericht fordert die M\u00f6glichkeit f\u00fcr intersexuelle Menschen im Geburtenregister ... drittes Geschlecht ... Neuregelung ... | Politik","breadcrumb":{"@id":"https:\/\/www.omniquest.de\/marktforschung-news\/aktuelle-umfragen\/politik\/49-stimmen-fuer-eintrag-eines-dritten-geschlechts-im-geburtenregister#breadcrumb"},"inLanguage":"de","potentialAction":[{"@type":"ReadAction","target":["https:\/\/www.omniquest.de\/marktforschung-news\/aktuelle-umfragen\/politik\/49-stimmen-fuer-eintrag-eines-dritten-geschlechts-im-geburtenregister"]}]},{"@type":"ImageObject","inLanguage":"de","@id":"https:\/\/www.omniquest.de\/marktforschung-news\/aktuelle-umfragen\/politik\/49-stimmen-fuer-eintrag-eines-dritten-geschlechts-im-geburtenregister#primaryimage","url":"https:\/\/www.omniquest.de\/marktforschung-news\/wp-content\/uploads\/2017\/11\/intersexuell-960x675.jpg","contentUrl":"https:\/\/www.omniquest.de\/marktforschung-news\/wp-content\/uploads\/2017\/11\/intersexuell-960x675.jpg","width":960,"height":675,"caption":"intersexuell"},{"@type":"BreadcrumbList","@id":"https:\/\/www.omniquest.de\/marktforschung-news\/aktuelle-umfragen\/politik\/49-stimmen-fuer-eintrag-eines-dritten-geschlechts-im-geburtenregister#breadcrumb","itemListElement":[{"@type":"ListItem","position":1,"name":"Startseite","item":"https:\/\/www.omniquest.de\/marktforschung-news"},{"@type":"ListItem","position":2,"name":"Umfragen","item":"https:\/\/www.omniquest.de\/marktforschung-news\/aktuelle-umfragen"},{"@type":"ListItem","position":3,"name":"Politik","item":"https:\/\/www.omniquest.de\/marktforschung-news\/aktuelle-umfragen\/politik"},{"@type":"ListItem","position":4,"name":"49% stimmen f\u00fcr Eintrag eines dritten Geschlechts im Geburtenregister"}]},{"@type":"WebSite","@id":"https:\/\/www.omniquest.de\/marktforschung-news\/#website","url":"https:\/\/www.omniquest.de\/marktforschung-news\/","name":"OmniQuest News","description":"Das Portal f\u00fcr News aus der Marktforschung","publisher":{"@id":"https:\/\/www.omniquest.de\/marktforschung-news\/#organization"},"potentialAction":[{"@type":"SearchAction","target":{"@type":"EntryPoint","urlTemplate":"https:\/\/www.omniquest.de\/marktforschung-news\/?s={search_term_string}"},"query-input":{"@type":"PropertyValueSpecification","valueRequired":true,"valueName":"search_term_string"}}],"inLanguage":"de"},{"@type":"Organization","@id":"https:\/\/www.omniquest.de\/marktforschung-news\/#organization","name":"OmniQuest","url":"https:\/\/www.omniquest.de\/marktforschung-news\/","logo":{"@type":"ImageObject","inLanguage":"de","@id":"https:\/\/www.omniquest.de\/marktforschung-news\/#\/schema\/logo\/image\/","url":"https:\/\/www.omniquest.de\/marktforschung-news\/wp-content\/uploads\/2019\/02\/OmniQuest-Logo_Green.png","contentUrl":"https:\/\/www.omniquest.de\/marktforschung-news\/wp-content\/uploads\/2019\/02\/OmniQuest-Logo_Green.png","width":1000,"height":254,"caption":"OmniQuest"},"image":{"@id":"https:\/\/www.omniquest.de\/marktforschung-news\/#\/schema\/logo\/image\/"},"sameAs":["https:\/\/www.facebook.com\/omniquest","https:\/\/x.com\/omniquestbonn"]},{"@type":"Person","@id":"https:\/\/www.omniquest.de\/marktforschung-news\/#\/schema\/person\/cc5f4802f3fe5782ee50302f6421626f","name":"maxkunz","image":{"@type":"ImageObject","inLanguage":"de","@id":"https:\/\/www.omniquest.de\/marktforschung-news\/#\/schema\/person\/image\/","url":"https:\/\/secure.gravatar.com\/avatar\/4263acc4a3ce0b258a5f70ea20a3e80c96ef22b12f62637ae28a3eebf4a0f094?s=96&d=mm&r=g","contentUrl":"https:\/\/secure.gravatar.com\/avatar\/4263acc4a3ce0b258a5f70ea20a3e80c96ef22b12f62637ae28a3eebf4a0f094?s=96&d=mm&r=g","caption":"maxkunz"}}]}},"_links":{"self":[{"href":"https:\/\/www.omniquest.de\/marktforschung-news\/wp-json\/wp\/v2\/posts\/28931","targetHints":{"allow":["GET"]}}],"collection":[{"href":"https:\/\/www.omniquest.de\/marktforschung-news\/wp-json\/wp\/v2\/posts"}],"about":[{"href":"https:\/\/www.omniquest.de\/marktforschung-news\/wp-json\/wp\/v2\/types\/post"}],"author":[{"embeddable":true,"href":"https:\/\/www.omniquest.de\/marktforschung-news\/wp-json\/wp\/v2\/users\/1"}],"replies":[{"embeddable":true,"href":"https:\/\/www.omniquest.de\/marktforschung-news\/wp-json\/wp\/v2\/comments?post=28931"}],"version-history":[{"count":1,"href":"https:\/\/www.omniquest.de\/marktforschung-news\/wp-json\/wp\/v2\/posts\/28931\/revisions"}],"predecessor-version":[{"id":34679,"href":"https:\/\/www.omniquest.de\/marktforschung-news\/wp-json\/wp\/v2\/posts\/28931\/revisions\/34679"}],"wp:featuredmedia":[{"embeddable":true,"href":"https:\/\/www.omniquest.de\/marktforschung-news\/wp-json\/wp\/v2\/media\/34677"}],"wp:attachment":[{"href":"https:\/\/www.omniquest.de\/marktforschung-news\/wp-json\/wp\/v2\/media?parent=28931"}],"wp:term":[{"taxonomy":"category","embeddable":true,"href":"https:\/\/www.omniquest.de\/marktforschung-news\/wp-json\/wp\/v2\/categories?post=28931"},{"taxonomy":"post_tag","embeddable":true,"href":"https:\/\/www.omniquest.de\/marktforschung-news\/wp-json\/wp\/v2\/tags?post=28931"}],"curies":[{"name":"wp","href":"https:\/\/api.w.org\/{rel}","templated":true}]}}