{"id":29007,"date":"2017-11-27T15:19:50","date_gmt":"2017-11-27T14:19:50","guid":{"rendered":"http:\/\/www.omniquest.de?p=29007"},"modified":"2019-02-07T12:37:07","modified_gmt":"2019-02-07T11:37:07","slug":"52-sind-gegen-kategorische-ablehnung-von-afd-antraegen-im-bundestag","status":"publish","type":"post","link":"https:\/\/www.omniquest.de\/marktforschung-news\/aktuelle-umfragen\/politik\/52-sind-gegen-kategorische-ablehnung-von-afd-antraegen-im-bundestag","title":{"rendered":"52% sind gegen kategorische Ablehnung von AfD-Antr\u00e4gen im Bundestag"},"content":{"rendered":"\n[et_pb_section bb_built=&#8220;1&#8243;][et_pb_row][et_pb_column type=&#8220;4_4&#8243;][et_pb_text admin_label=&#8220;Fragetext&#8220; _builder_version=&#8220;3.0.89&#8243; background_layout=&#8220;light&#8220; border_style=&#8220;solid&#8220;]\n\nCSU-Generalsekret\u00e4r Andreas Scheuer lehnt eine Zustimmung der Union zu zuk\u00fcnftigen AfD-Antr\u00e4gen im Bundestag kategorisch ab, auch wenn diese den eigenen politischen Positionen entsprechen, wie zum Beispiel bei der Begrenzung des Familiennachzugs. Wie ist Ihre Meinung dazu?\n\n[\/et_pb_text][et_pb_counters _builder_version=&#8220;3.0.89&#8243; use_percentages=&#8220;on&#8220; background_layout=&#8220;light&#8220; border_radius=&#8220;0&#8243; border_style=&#8220;solid&#8220; bar_bg_color=&#8220;#38b400&#8243;]\n\n[et_pb_counter _builder_version=&#8220;3.0.89&#8243; percent=&#8220;29&#8243; use_background_color_gradient=&#8220;off&#8220; background_color_gradient_start=&#8220;#2b87da&#8220; background_color_gradient_end=&#8220;#29c4a9&#8243; background_color_gradient_type=&#8220;linear&#8220; background_color_gradient_direction=&#8220;180deg&#8220; background_color_gradient_direction_radial=&#8220;center&#8220; background_color_gradient_start_position=&#8220;0%&#8220; background_color_gradient_end_position=&#8220;100%&#8220; parallax=&#8220;off&#8220; parallax_method=&#8220;on&#8220; background_size=&#8220;cover&#8220; background_position=&#8220;center&#8220; background_repeat=&#8220;no-repeat&#8220; background_blend=&#8220;normal&#8220; allow_player_pause=&#8220;off&#8220; title_font_select=&#8220;default&#8220; title_font=&#8220;||||&#8220; percent_font_select=&#8220;default&#8220; percent_font=&#8220;||||&#8220; background_color_gradient_overlays_image=&#8220;off&#8220;]\n\nDie kategorische Ablehnung ist richtig\n\n[\/et_pb_counter][et_pb_counter _builder_version=&#8220;3.0.89&#8243; percent=&#8220;52&#8243; use_background_color_gradient=&#8220;off&#8220; background_color_gradient_start=&#8220;#2b87da&#8220; background_color_gradient_end=&#8220;#29c4a9&#8243; background_color_gradient_type=&#8220;linear&#8220; background_color_gradient_direction=&#8220;180deg&#8220; background_color_gradient_direction_radial=&#8220;center&#8220; background_color_gradient_start_position=&#8220;0%&#8220; background_color_gradient_end_position=&#8220;100%&#8220; parallax=&#8220;off&#8220; parallax_method=&#8220;on&#8220; background_size=&#8220;cover&#8220; background_position=&#8220;center&#8220; background_repeat=&#8220;no-repeat&#8220; background_blend=&#8220;normal&#8220; allow_player_pause=&#8220;off&#8220; title_font_select=&#8220;default&#8220; title_font=&#8220;||||&#8220; percent_font_select=&#8220;default&#8220; percent_font=&#8220;||||&#8220; background_color_gradient_overlays_image=&#8220;off&#8220;]\n\nDie kategorische Ablehnung ist nicht richtig\n\n[\/et_pb_counter][et_pb_counter _builder_version=&#8220;3.0.89&#8243; percent=&#8220;19&#8243; use_background_color_gradient=&#8220;off&#8220; background_color_gradient_start=&#8220;#2b87da&#8220; background_color_gradient_end=&#8220;#29c4a9&#8243; background_color_gradient_type=&#8220;linear&#8220; background_color_gradient_direction=&#8220;180deg&#8220; background_color_gradient_direction_radial=&#8220;center&#8220; background_color_gradient_start_position=&#8220;0%&#8220; background_color_gradient_end_position=&#8220;100%&#8220; parallax=&#8220;off&#8220; parallax_method=&#8220;on&#8220; background_size=&#8220;cover&#8220; background_position=&#8220;center&#8220; background_repeat=&#8220;no-repeat&#8220; background_blend=&#8220;normal&#8220; allow_player_pause=&#8220;off&#8220; title_font_select=&#8220;default&#8220; title_font=&#8220;||||&#8220; percent_font_select=&#8220;default&#8220; percent_font=&#8220;||||&#8220; background_color_gradient_overlays_image=&#8220;off&#8220;]\n\nBin mir nicht sicher\n\n[\/et_pb_counter]\n\n[\/et_pb_counters][et_pb_text _builder_version=&#8220;3.0.89&#8243; background_layout=&#8220;light&#8220; border_style=&#8220;solid&#8220;]\n\n<p>459 Teilnehmer<\/p>\n<p>Erhebungszeitraum: 23.11.2017 \u2013 27.11.2017<\/p>\n<p><span style=\"color: #ff8b00;\">Der Quick Poll ist ein Instrument zur kurzfristigen Trendmessung unter beliebigen Teilnehmern aus dem <a class=\"news_beitrag_link\" href=\"http:\/\/www.omniquest.de\/omnipanel\">OmniPanel<\/a> und beansprucht keine <a class=\"news_beitrag_link\" href=\"http:\/\/www.omniquest.de\/repraesentativitaet\">Repr\u00e4sentativit\u00e4t<\/a> f\u00fcr sich.<\/span><\/p>\n\n[\/et_pb_text][\/et_pb_column][\/et_pb_row][\/et_pb_section]\n","protected":false},"excerpt":{"rendered":"<p><div class=\"et_pb_row et_pb_row_0 et_pb_row_empty\">\n\t\t\t\t\n\t\t\t\t\n\t\t\t\t\n\t\t\t\t\n\t\t\t\t\n\t\t\t<\/div> CSU-Generalsekret\u00e4r Andreas Scheuer lehnt eine Zustimmung der Union zu zuk\u00fcnftigen AfD-Antr\u00e4gen im Bundestag kategorisch ab, auch wenn diese den eigenen politischen Positionen entsprechen, wie zum Beispiel bei der Begrenzung des Familiennachzugs. Wie ist Ihre Meinung dazu? Die kategorische Ablehnung ist richtig Die kategorische Ablehnung ist nicht richtig Bin mir nicht sicher 459 Teilnehmer Erhebungszeitraum: [&hellip;]<\/p>\n","protected":false},"author":1,"featured_media":34662,"comment_status":"closed","ping_status":"closed","sticky":false,"template":"","format":"standard","meta":{"_et_pb_use_builder":"on","_et_pb_old_content":"","_et_gb_content_width":"","footnotes":""},"categories":[17],"tags":[103,53,81,101,13,212],"class_list":["post-29007","post","type-post","status-publish","format-standard","has-post-thumbnail","hentry","category-politik","tag-afd","tag-bundestag","tag-csu","tag-familiennachzug","tag-fluechtlinge","tag-scheuer","et-has-post-format-content","et_post_format-et-post-format-standard"],"yoast_head":"<!-- This site is optimized with the Yoast SEO plugin v26.1.1 - https:\/\/yoast.com\/wordpress\/plugins\/seo\/ -->\n<title>52% sind gegen kategorische Ablehnung von AfD-Antr\u00e4gen im Bundestag - OmniQuest News<\/title>\n<meta name=\"description\" content=\"CSU-Generalsekret\u00e4r Andreas Scheuer lehnt Zustimmung ... AfD-Antr\u00e4gen im Bundestag ab ... politischen Positionen entsprechen ... Familiennachzugs | Politik\" \/>\n<meta name=\"robots\" content=\"index, follow, max-snippet:-1, max-image-preview:large, max-video-preview:-1\" \/>\n<link rel=\"canonical\" href=\"https:\/\/www.omniquest.de\/marktforschung-news\/aktuelle-umfragen\/politik\/52-sind-gegen-kategorische-ablehnung-von-afd-antraegen-im-bundestag\" \/>\n<meta property=\"og:locale\" content=\"de_DE\" \/>\n<meta property=\"og:type\" content=\"article\" \/>\n<meta property=\"og:title\" content=\"OmniQuest-Umfrage: 52% sind gegen kategorische Ablehnung von AfD-Antr\u00e4gen im Bundestag\" \/>\n<meta property=\"og:description\" content=\"CSU-Generalsekret\u00e4r Andreas Scheuer lehnt eine Zustimmung der Union zu zuk\u00fcnftigen AfD-Antr\u00e4gen im Bundestag kategorisch ab, ... | 27. November 2017\" \/>\n<meta property=\"og:url\" content=\"https:\/\/www.omniquest.de\/marktforschung-news\/aktuelle-umfragen\/politik\/52-sind-gegen-kategorische-ablehnung-von-afd-antraegen-im-bundestag\" \/>\n<meta property=\"og:site_name\" content=\"OmniQuest News\" \/>\n<meta property=\"article:publisher\" content=\"https:\/\/www.facebook.com\/omniquest\" \/>\n<meta property=\"article:published_time\" content=\"2017-11-27T14:19:50+00:00\" \/>\n<meta property=\"article:modified_time\" content=\"2019-02-07T11:37:07+00:00\" \/>\n<meta name=\"author\" content=\"maxkunz\" \/>\n<meta name=\"twitter:card\" content=\"summary_large_image\" \/>\n<meta name=\"twitter:title\" content=\"OmniQuest-Umfrage: 52% sind gegen kategorische Ablehnung von AfD-Antr\u00e4gen im Bundestag\" \/>\n<meta name=\"twitter:description\" content=\"CSU-Generalsekret\u00e4r Andreas Scheuer lehnt eine Zustimmung der Union zu zuk\u00fcnftigen AfD-Antr\u00e4gen im Bundestag kategorisch ab, ... | 27. November 2017\" \/>\n<meta name=\"twitter:image\" content=\"http:\/\/www.omniquest.de\/wp-content\/uploads\/2017\/11\/bundestag3.jpg\" \/>\n<meta name=\"twitter:creator\" content=\"@omniquestbonn\" \/>\n<meta name=\"twitter:site\" content=\"@omniquestbonn\" \/>\n<meta name=\"twitter:label1\" content=\"Verfasst von\" \/>\n\t<meta name=\"twitter:data1\" content=\"maxkunz\" \/>\n\t<meta name=\"twitter:label2\" content=\"Gesch\u00e4tzte Lesezeit\" \/>\n\t<meta name=\"twitter:data2\" content=\"2\u00a0Minuten\" \/>\n<script type=\"application\/ld+json\" class=\"yoast-schema-graph\">{\"@context\":\"https:\/\/schema.org\",\"@graph\":[{\"@type\":\"Article\",\"@id\":\"https:\/\/www.omniquest.de\/marktforschung-news\/aktuelle-umfragen\/politik\/52-sind-gegen-kategorische-ablehnung-von-afd-antraegen-im-bundestag#article\",\"isPartOf\":{\"@id\":\"https:\/\/www.omniquest.de\/marktforschung-news\/aktuelle-umfragen\/politik\/52-sind-gegen-kategorische-ablehnung-von-afd-antraegen-im-bundestag\"},\"author\":{\"name\":\"maxkunz\",\"@id\":\"https:\/\/www.omniquest.de\/marktforschung-news\/#\/schema\/person\/cc5f4802f3fe5782ee50302f6421626f\"},\"headline\":\"52% sind gegen kategorische Ablehnung von AfD-Antr\u00e4gen im Bundestag\",\"datePublished\":\"2017-11-27T14:19:50+00:00\",\"dateModified\":\"2019-02-07T11:37:07+00:00\",\"mainEntityOfPage\":{\"@id\":\"https:\/\/www.omniquest.de\/marktforschung-news\/aktuelle-umfragen\/politik\/52-sind-gegen-kategorische-ablehnung-von-afd-antraegen-im-bundestag\"},\"wordCount\":437,\"publisher\":{\"@id\":\"https:\/\/www.omniquest.de\/marktforschung-news\/#organization\"},\"image\":{\"@id\":\"https:\/\/www.omniquest.de\/marktforschung-news\/aktuelle-umfragen\/politik\/52-sind-gegen-kategorische-ablehnung-von-afd-antraegen-im-bundestag#primaryimage\"},\"thumbnailUrl\":\"https:\/\/www.omniquest.de\/marktforschung-news\/wp-content\/uploads\/2017\/11\/bundestag3-1080x675.jpg\",\"keywords\":[\"afd\",\"bundestag\",\"csu\",\"familiennachzug\",\"fl\u00fcchtlinge\",\"scheuer\"],\"articleSection\":[\"Politik\"],\"inLanguage\":\"de\"},{\"@type\":\"WebPage\",\"@id\":\"https:\/\/www.omniquest.de\/marktforschung-news\/aktuelle-umfragen\/politik\/52-sind-gegen-kategorische-ablehnung-von-afd-antraegen-im-bundestag\",\"url\":\"https:\/\/www.omniquest.de\/marktforschung-news\/aktuelle-umfragen\/politik\/52-sind-gegen-kategorische-ablehnung-von-afd-antraegen-im-bundestag\",\"name\":\"52% sind gegen kategorische Ablehnung von AfD-Antr\u00e4gen im Bundestag - OmniQuest News\",\"isPartOf\":{\"@id\":\"https:\/\/www.omniquest.de\/marktforschung-news\/#website\"},\"primaryImageOfPage\":{\"@id\":\"https:\/\/www.omniquest.de\/marktforschung-news\/aktuelle-umfragen\/politik\/52-sind-gegen-kategorische-ablehnung-von-afd-antraegen-im-bundestag#primaryimage\"},\"image\":{\"@id\":\"https:\/\/www.omniquest.de\/marktforschung-news\/aktuelle-umfragen\/politik\/52-sind-gegen-kategorische-ablehnung-von-afd-antraegen-im-bundestag#primaryimage\"},\"thumbnailUrl\":\"https:\/\/www.omniquest.de\/marktforschung-news\/wp-content\/uploads\/2017\/11\/bundestag3-1080x675.jpg\",\"datePublished\":\"2017-11-27T14:19:50+00:00\",\"dateModified\":\"2019-02-07T11:37:07+00:00\",\"description\":\"CSU-Generalsekret\u00e4r Andreas Scheuer lehnt Zustimmung ... AfD-Antr\u00e4gen im Bundestag ab ... politischen Positionen entsprechen ... Familiennachzugs | Politik\",\"breadcrumb\":{\"@id\":\"https:\/\/www.omniquest.de\/marktforschung-news\/aktuelle-umfragen\/politik\/52-sind-gegen-kategorische-ablehnung-von-afd-antraegen-im-bundestag#breadcrumb\"},\"inLanguage\":\"de\",\"potentialAction\":[{\"@type\":\"ReadAction\",\"target\":[\"https:\/\/www.omniquest.de\/marktforschung-news\/aktuelle-umfragen\/politik\/52-sind-gegen-kategorische-ablehnung-von-afd-antraegen-im-bundestag\"]}]},{\"@type\":\"ImageObject\",\"inLanguage\":\"de\",\"@id\":\"https:\/\/www.omniquest.de\/marktforschung-news\/aktuelle-umfragen\/politik\/52-sind-gegen-kategorische-ablehnung-von-afd-antraegen-im-bundestag#primaryimage\",\"url\":\"https:\/\/www.omniquest.de\/marktforschung-news\/wp-content\/uploads\/2017\/11\/bundestag3-1080x675.jpg\",\"contentUrl\":\"https:\/\/www.omniquest.de\/marktforschung-news\/wp-content\/uploads\/2017\/11\/bundestag3-1080x675.jpg\",\"width\":1080,\"height\":675,\"caption\":\"bundestag\"},{\"@type\":\"BreadcrumbList\",\"@id\":\"https:\/\/www.omniquest.de\/marktforschung-news\/aktuelle-umfragen\/politik\/52-sind-gegen-kategorische-ablehnung-von-afd-antraegen-im-bundestag#breadcrumb\",\"itemListElement\":[{\"@type\":\"ListItem\",\"position\":1,\"name\":\"Startseite\",\"item\":\"https:\/\/www.omniquest.de\/marktforschung-news\"},{\"@type\":\"ListItem\",\"position\":2,\"name\":\"Umfragen\",\"item\":\"https:\/\/www.omniquest.de\/marktforschung-news\/aktuelle-umfragen\"},{\"@type\":\"ListItem\",\"position\":3,\"name\":\"Politik\",\"item\":\"https:\/\/www.omniquest.de\/marktforschung-news\/aktuelle-umfragen\/politik\"},{\"@type\":\"ListItem\",\"position\":4,\"name\":\"52% sind gegen kategorische Ablehnung von AfD-Antr\u00e4gen im Bundestag\"}]},{\"@type\":\"WebSite\",\"@id\":\"https:\/\/www.omniquest.de\/marktforschung-news\/#website\",\"url\":\"https:\/\/www.omniquest.de\/marktforschung-news\/\",\"name\":\"OmniQuest News\",\"description\":\"Das Portal f\u00fcr News aus der Marktforschung\",\"publisher\":{\"@id\":\"https:\/\/www.omniquest.de\/marktforschung-news\/#organization\"},\"potentialAction\":[{\"@type\":\"SearchAction\",\"target\":{\"@type\":\"EntryPoint\",\"urlTemplate\":\"https:\/\/www.omniquest.de\/marktforschung-news\/?s={search_term_string}\"},\"query-input\":{\"@type\":\"PropertyValueSpecification\",\"valueRequired\":true,\"valueName\":\"search_term_string\"}}],\"inLanguage\":\"de\"},{\"@type\":\"Organization\",\"@id\":\"https:\/\/www.omniquest.de\/marktforschung-news\/#organization\",\"name\":\"OmniQuest\",\"url\":\"https:\/\/www.omniquest.de\/marktforschung-news\/\",\"logo\":{\"@type\":\"ImageObject\",\"inLanguage\":\"de\",\"@id\":\"https:\/\/www.omniquest.de\/marktforschung-news\/#\/schema\/logo\/image\/\",\"url\":\"https:\/\/www.omniquest.de\/marktforschung-news\/wp-content\/uploads\/2019\/02\/OmniQuest-Logo_Green.png\",\"contentUrl\":\"https:\/\/www.omniquest.de\/marktforschung-news\/wp-content\/uploads\/2019\/02\/OmniQuest-Logo_Green.png\",\"width\":1000,\"height\":254,\"caption\":\"OmniQuest\"},\"image\":{\"@id\":\"https:\/\/www.omniquest.de\/marktforschung-news\/#\/schema\/logo\/image\/\"},\"sameAs\":[\"https:\/\/www.facebook.com\/omniquest\",\"https:\/\/x.com\/omniquestbonn\"]},{\"@type\":\"Person\",\"@id\":\"https:\/\/www.omniquest.de\/marktforschung-news\/#\/schema\/person\/cc5f4802f3fe5782ee50302f6421626f\",\"name\":\"maxkunz\",\"image\":{\"@type\":\"ImageObject\",\"inLanguage\":\"de\",\"@id\":\"https:\/\/www.omniquest.de\/marktforschung-news\/#\/schema\/person\/image\/\",\"url\":\"https:\/\/secure.gravatar.com\/avatar\/4263acc4a3ce0b258a5f70ea20a3e80c96ef22b12f62637ae28a3eebf4a0f094?s=96&d=mm&r=g\",\"contentUrl\":\"https:\/\/secure.gravatar.com\/avatar\/4263acc4a3ce0b258a5f70ea20a3e80c96ef22b12f62637ae28a3eebf4a0f094?s=96&d=mm&r=g\",\"caption\":\"maxkunz\"}}]}<\/script>\n<!-- \/ Yoast SEO plugin. -->","yoast_head_json":{"title":"52% sind gegen kategorische Ablehnung von AfD-Antr\u00e4gen im Bundestag - OmniQuest News","description":"CSU-Generalsekret\u00e4r Andreas Scheuer lehnt Zustimmung ... AfD-Antr\u00e4gen im Bundestag ab ... politischen Positionen entsprechen ... Familiennachzugs | Politik","robots":{"index":"index","follow":"follow","max-snippet":"max-snippet:-1","max-image-preview":"max-image-preview:large","max-video-preview":"max-video-preview:-1"},"canonical":"https:\/\/www.omniquest.de\/marktforschung-news\/aktuelle-umfragen\/politik\/52-sind-gegen-kategorische-ablehnung-von-afd-antraegen-im-bundestag","og_locale":"de_DE","og_type":"article","og_title":"OmniQuest-Umfrage: 52% sind gegen kategorische Ablehnung von AfD-Antr\u00e4gen im Bundestag","og_description":"CSU-Generalsekret\u00e4r Andreas Scheuer lehnt eine Zustimmung der Union zu zuk\u00fcnftigen AfD-Antr\u00e4gen im Bundestag kategorisch ab, ... | 27. November 2017","og_url":"https:\/\/www.omniquest.de\/marktforschung-news\/aktuelle-umfragen\/politik\/52-sind-gegen-kategorische-ablehnung-von-afd-antraegen-im-bundestag","og_site_name":"OmniQuest News","article_publisher":"https:\/\/www.facebook.com\/omniquest","article_published_time":"2017-11-27T14:19:50+00:00","article_modified_time":"2019-02-07T11:37:07+00:00","author":"maxkunz","twitter_card":"summary_large_image","twitter_title":"OmniQuest-Umfrage: 52% sind gegen kategorische Ablehnung von AfD-Antr\u00e4gen im Bundestag","twitter_description":"CSU-Generalsekret\u00e4r Andreas Scheuer lehnt eine Zustimmung der Union zu zuk\u00fcnftigen AfD-Antr\u00e4gen im Bundestag kategorisch ab, ... | 27. November 2017","twitter_image":"http:\/\/www.omniquest.de\/wp-content\/uploads\/2017\/11\/bundestag3.jpg","twitter_creator":"@omniquestbonn","twitter_site":"@omniquestbonn","twitter_misc":{"Verfasst von":"maxkunz","Gesch\u00e4tzte Lesezeit":"2\u00a0Minuten"},"schema":{"@context":"https:\/\/schema.org","@graph":[{"@type":"Article","@id":"https:\/\/www.omniquest.de\/marktforschung-news\/aktuelle-umfragen\/politik\/52-sind-gegen-kategorische-ablehnung-von-afd-antraegen-im-bundestag#article","isPartOf":{"@id":"https:\/\/www.omniquest.de\/marktforschung-news\/aktuelle-umfragen\/politik\/52-sind-gegen-kategorische-ablehnung-von-afd-antraegen-im-bundestag"},"author":{"name":"maxkunz","@id":"https:\/\/www.omniquest.de\/marktforschung-news\/#\/schema\/person\/cc5f4802f3fe5782ee50302f6421626f"},"headline":"52% sind gegen kategorische Ablehnung von AfD-Antr\u00e4gen im Bundestag","datePublished":"2017-11-27T14:19:50+00:00","dateModified":"2019-02-07T11:37:07+00:00","mainEntityOfPage":{"@id":"https:\/\/www.omniquest.de\/marktforschung-news\/aktuelle-umfragen\/politik\/52-sind-gegen-kategorische-ablehnung-von-afd-antraegen-im-bundestag"},"wordCount":437,"publisher":{"@id":"https:\/\/www.omniquest.de\/marktforschung-news\/#organization"},"image":{"@id":"https:\/\/www.omniquest.de\/marktforschung-news\/aktuelle-umfragen\/politik\/52-sind-gegen-kategorische-ablehnung-von-afd-antraegen-im-bundestag#primaryimage"},"thumbnailUrl":"https:\/\/www.omniquest.de\/marktforschung-news\/wp-content\/uploads\/2017\/11\/bundestag3-1080x675.jpg","keywords":["afd","bundestag","csu","familiennachzug","fl\u00fcchtlinge","scheuer"],"articleSection":["Politik"],"inLanguage":"de"},{"@type":"WebPage","@id":"https:\/\/www.omniquest.de\/marktforschung-news\/aktuelle-umfragen\/politik\/52-sind-gegen-kategorische-ablehnung-von-afd-antraegen-im-bundestag","url":"https:\/\/www.omniquest.de\/marktforschung-news\/aktuelle-umfragen\/politik\/52-sind-gegen-kategorische-ablehnung-von-afd-antraegen-im-bundestag","name":"52% sind gegen kategorische Ablehnung von AfD-Antr\u00e4gen im Bundestag - OmniQuest News","isPartOf":{"@id":"https:\/\/www.omniquest.de\/marktforschung-news\/#website"},"primaryImageOfPage":{"@id":"https:\/\/www.omniquest.de\/marktforschung-news\/aktuelle-umfragen\/politik\/52-sind-gegen-kategorische-ablehnung-von-afd-antraegen-im-bundestag#primaryimage"},"image":{"@id":"https:\/\/www.omniquest.de\/marktforschung-news\/aktuelle-umfragen\/politik\/52-sind-gegen-kategorische-ablehnung-von-afd-antraegen-im-bundestag#primaryimage"},"thumbnailUrl":"https:\/\/www.omniquest.de\/marktforschung-news\/wp-content\/uploads\/2017\/11\/bundestag3-1080x675.jpg","datePublished":"2017-11-27T14:19:50+00:00","dateModified":"2019-02-07T11:37:07+00:00","description":"CSU-Generalsekret\u00e4r Andreas Scheuer lehnt Zustimmung ... AfD-Antr\u00e4gen im Bundestag ab ... politischen Positionen entsprechen ... Familiennachzugs | Politik","breadcrumb":{"@id":"https:\/\/www.omniquest.de\/marktforschung-news\/aktuelle-umfragen\/politik\/52-sind-gegen-kategorische-ablehnung-von-afd-antraegen-im-bundestag#breadcrumb"},"inLanguage":"de","potentialAction":[{"@type":"ReadAction","target":["https:\/\/www.omniquest.de\/marktforschung-news\/aktuelle-umfragen\/politik\/52-sind-gegen-kategorische-ablehnung-von-afd-antraegen-im-bundestag"]}]},{"@type":"ImageObject","inLanguage":"de","@id":"https:\/\/www.omniquest.de\/marktforschung-news\/aktuelle-umfragen\/politik\/52-sind-gegen-kategorische-ablehnung-von-afd-antraegen-im-bundestag#primaryimage","url":"https:\/\/www.omniquest.de\/marktforschung-news\/wp-content\/uploads\/2017\/11\/bundestag3-1080x675.jpg","contentUrl":"https:\/\/www.omniquest.de\/marktforschung-news\/wp-content\/uploads\/2017\/11\/bundestag3-1080x675.jpg","width":1080,"height":675,"caption":"bundestag"},{"@type":"BreadcrumbList","@id":"https:\/\/www.omniquest.de\/marktforschung-news\/aktuelle-umfragen\/politik\/52-sind-gegen-kategorische-ablehnung-von-afd-antraegen-im-bundestag#breadcrumb","itemListElement":[{"@type":"ListItem","position":1,"name":"Startseite","item":"https:\/\/www.omniquest.de\/marktforschung-news"},{"@type":"ListItem","position":2,"name":"Umfragen","item":"https:\/\/www.omniquest.de\/marktforschung-news\/aktuelle-umfragen"},{"@type":"ListItem","position":3,"name":"Politik","item":"https:\/\/www.omniquest.de\/marktforschung-news\/aktuelle-umfragen\/politik"},{"@type":"ListItem","position":4,"name":"52% sind gegen kategorische Ablehnung von AfD-Antr\u00e4gen im Bundestag"}]},{"@type":"WebSite","@id":"https:\/\/www.omniquest.de\/marktforschung-news\/#website","url":"https:\/\/www.omniquest.de\/marktforschung-news\/","name":"OmniQuest News","description":"Das Portal f\u00fcr News aus der Marktforschung","publisher":{"@id":"https:\/\/www.omniquest.de\/marktforschung-news\/#organization"},"potentialAction":[{"@type":"SearchAction","target":{"@type":"EntryPoint","urlTemplate":"https:\/\/www.omniquest.de\/marktforschung-news\/?s={search_term_string}"},"query-input":{"@type":"PropertyValueSpecification","valueRequired":true,"valueName":"search_term_string"}}],"inLanguage":"de"},{"@type":"Organization","@id":"https:\/\/www.omniquest.de\/marktforschung-news\/#organization","name":"OmniQuest","url":"https:\/\/www.omniquest.de\/marktforschung-news\/","logo":{"@type":"ImageObject","inLanguage":"de","@id":"https:\/\/www.omniquest.de\/marktforschung-news\/#\/schema\/logo\/image\/","url":"https:\/\/www.omniquest.de\/marktforschung-news\/wp-content\/uploads\/2019\/02\/OmniQuest-Logo_Green.png","contentUrl":"https:\/\/www.omniquest.de\/marktforschung-news\/wp-content\/uploads\/2019\/02\/OmniQuest-Logo_Green.png","width":1000,"height":254,"caption":"OmniQuest"},"image":{"@id":"https:\/\/www.omniquest.de\/marktforschung-news\/#\/schema\/logo\/image\/"},"sameAs":["https:\/\/www.facebook.com\/omniquest","https:\/\/x.com\/omniquestbonn"]},{"@type":"Person","@id":"https:\/\/www.omniquest.de\/marktforschung-news\/#\/schema\/person\/cc5f4802f3fe5782ee50302f6421626f","name":"maxkunz","image":{"@type":"ImageObject","inLanguage":"de","@id":"https:\/\/www.omniquest.de\/marktforschung-news\/#\/schema\/person\/image\/","url":"https:\/\/secure.gravatar.com\/avatar\/4263acc4a3ce0b258a5f70ea20a3e80c96ef22b12f62637ae28a3eebf4a0f094?s=96&d=mm&r=g","contentUrl":"https:\/\/secure.gravatar.com\/avatar\/4263acc4a3ce0b258a5f70ea20a3e80c96ef22b12f62637ae28a3eebf4a0f094?s=96&d=mm&r=g","caption":"maxkunz"}}]}},"_links":{"self":[{"href":"https:\/\/www.omniquest.de\/marktforschung-news\/wp-json\/wp\/v2\/posts\/29007","targetHints":{"allow":["GET"]}}],"collection":[{"href":"https:\/\/www.omniquest.de\/marktforschung-news\/wp-json\/wp\/v2\/posts"}],"about":[{"href":"https:\/\/www.omniquest.de\/marktforschung-news\/wp-json\/wp\/v2\/types\/post"}],"author":[{"embeddable":true,"href":"https:\/\/www.omniquest.de\/marktforschung-news\/wp-json\/wp\/v2\/users\/1"}],"replies":[{"embeddable":true,"href":"https:\/\/www.omniquest.de\/marktforschung-news\/wp-json\/wp\/v2\/comments?post=29007"}],"version-history":[{"count":1,"href":"https:\/\/www.omniquest.de\/marktforschung-news\/wp-json\/wp\/v2\/posts\/29007\/revisions"}],"predecessor-version":[{"id":34664,"href":"https:\/\/www.omniquest.de\/marktforschung-news\/wp-json\/wp\/v2\/posts\/29007\/revisions\/34664"}],"wp:featuredmedia":[{"embeddable":true,"href":"https:\/\/www.omniquest.de\/marktforschung-news\/wp-json\/wp\/v2\/media\/34662"}],"wp:attachment":[{"href":"https:\/\/www.omniquest.de\/marktforschung-news\/wp-json\/wp\/v2\/media?parent=29007"}],"wp:term":[{"taxonomy":"category","embeddable":true,"href":"https:\/\/www.omniquest.de\/marktforschung-news\/wp-json\/wp\/v2\/categories?post=29007"},{"taxonomy":"post_tag","embeddable":true,"href":"https:\/\/www.omniquest.de\/marktforschung-news\/wp-json\/wp\/v2\/tags?post=29007"}],"curies":[{"name":"wp","href":"https:\/\/api.w.org\/{rel}","templated":true}]}}