{"id":31580,"date":"2018-09-24T15:33:41","date_gmt":"2018-09-24T14:33:41","guid":{"rendered":"https:\/\/www.omniquest.de\/?p=31580"},"modified":"2019-02-07T11:00:56","modified_gmt":"2019-02-07T10:00:56","slug":"39-wuerden-neue-gesundheits-app-vivy-nutzen","status":"publish","type":"post","link":"https:\/\/www.omniquest.de\/marktforschung-news\/aktuelle-umfragen\/gesellschaft\/39-wuerden-neue-gesundheits-app-vivy-nutzen","title":{"rendered":"39% w\u00fcrden neue Gesundheits-App &#8222;Vivy&#8220; nutzen"},"content":{"rendered":"\n[et_pb_section bb_built=&#8220;1&#8243; next_background_color=&#8220;#000000&#8243;][et_pb_row][\/et_pb_row][\/et_pb_section][et_pb_section bb_built=&#8220;1&#8243; prev_background_color=&#8220;#000000&#8243;][et_pb_row][et_pb_column type=&#8220;4_4&#8243;][et_pb_text admin_label=&#8220;Fragetext&#8220; _builder_version=&#8220;3.15&#8243; border_style=&#8220;solid&#8220;]\n\n<p>\u00dcber eine neue kostenfreie Smartphone-App sollen Krankenversicherte bald ihre Gesundheitsdaten verwalten k\u00f6nnen. In der digitalen Akte &#8222;Vivy&#8220; k\u00f6nnen u.a. Befunde, Laborwerte und R\u00f6ntgenbilder gespeichert und mit dem behandelnden Arzt geteilt werden. Auch soll die App an Vorsorgeuntersuchungen und Impftermine erinnern und \u00fcber den Scan von Medikamentenpackungen deren m\u00f6gliche Wechselwirkungen anzeigen. Angenommen, Ihre Krankenversicherung bietet diese App f\u00fcr Ihr Smartphone an: W\u00fcrden Sie eine solche App nutzen?<\/p>\n\n[\/et_pb_text][et_pb_counters _builder_version=&#8220;3.15&#8243; border_radius=&#8220;0&#8243; border_style=&#8220;solid&#8220; bar_bg_color=&#8220;#38b400&#8243;][et_pb_counter _builder_version=&#8220;3.15&#8243; percent=&#8220;39&#8243; use_background_color_gradient=&#8220;off&#8220; background_color_gradient_start=&#8220;#2b87da&#8220; background_color_gradient_end=&#8220;#29c4a9&#8243; background_color_gradient_type=&#8220;linear&#8220; background_color_gradient_direction=&#8220;180deg&#8220; background_color_gradient_direction_radial=&#8220;center&#8220; background_color_gradient_start_position=&#8220;0%&#8220; background_color_gradient_end_position=&#8220;100%&#8220; parallax=&#8220;off&#8220; parallax_method=&#8220;on&#8220; background_size=&#8220;cover&#8220; background_position=&#8220;center&#8220; background_repeat=&#8220;no-repeat&#8220; background_blend=&#8220;normal&#8220; allow_player_pause=&#8220;off&#8220; title_font_select=&#8220;default&#8220; title_font=&#8220;||||&#8220; percent_font_select=&#8220;default&#8220; percent_font=&#8220;||||&#8220; background_color_gradient_overlays_image=&#8220;off&#8220; background_video_pause_outside_viewport=&#8220;on&#8220; text_shadow_style=&#8220;none&#8220; title_text_shadow_style=&#8220;none&#8220; percent_text_shadow_style=&#8220;none&#8220; box_shadow_style=&#8220;none&#8220;]\n\n<p>Ja<\/p>\n\n[\/et_pb_counter][et_pb_counter _builder_version=&#8220;3.15&#8243; percent=&#8220;28&#8243; use_background_color_gradient=&#8220;off&#8220; background_color_gradient_start=&#8220;#2b87da&#8220; background_color_gradient_end=&#8220;#29c4a9&#8243; background_color_gradient_type=&#8220;linear&#8220; background_color_gradient_direction=&#8220;180deg&#8220; background_color_gradient_direction_radial=&#8220;center&#8220; background_color_gradient_start_position=&#8220;0%&#8220; background_color_gradient_end_position=&#8220;100%&#8220; parallax=&#8220;off&#8220; parallax_method=&#8220;on&#8220; background_size=&#8220;cover&#8220; background_position=&#8220;center&#8220; background_repeat=&#8220;no-repeat&#8220; background_blend=&#8220;normal&#8220; allow_player_pause=&#8220;off&#8220; title_font_select=&#8220;default&#8220; title_font=&#8220;||||&#8220; percent_font_select=&#8220;default&#8220; percent_font=&#8220;||||&#8220; background_color_gradient_overlays_image=&#8220;off&#8220; background_video_pause_outside_viewport=&#8220;on&#8220; text_shadow_style=&#8220;none&#8220; title_text_shadow_style=&#8220;none&#8220; percent_text_shadow_style=&#8220;none&#8220; box_shadow_style=&#8220;none&#8220;]\n\n<p>Nein<\/p>\n\n[\/et_pb_counter][et_pb_counter _builder_version=&#8220;3.15&#8243; percent=&#8220;9&#8243; use_background_color_gradient=&#8220;off&#8220; background_color_gradient_start=&#8220;#2b87da&#8220; background_color_gradient_end=&#8220;#29c4a9&#8243; background_color_gradient_type=&#8220;linear&#8220; background_color_gradient_direction=&#8220;180deg&#8220; background_color_gradient_direction_radial=&#8220;center&#8220; background_color_gradient_start_position=&#8220;0%&#8220; background_color_gradient_end_position=&#8220;100%&#8220; parallax=&#8220;off&#8220; parallax_method=&#8220;on&#8220; background_size=&#8220;cover&#8220; background_position=&#8220;center&#8220; background_repeat=&#8220;no-repeat&#8220; background_blend=&#8220;normal&#8220; allow_player_pause=&#8220;off&#8220; title_font_select=&#8220;default&#8220; title_font=&#8220;||||&#8220; percent_font_select=&#8220;default&#8220; percent_font=&#8220;||||&#8220; background_color_gradient_overlays_image=&#8220;off&#8220; background_video_pause_outside_viewport=&#8220;on&#8220; text_shadow_style=&#8220;none&#8220; title_text_shadow_style=&#8220;none&#8220; percent_text_shadow_style=&#8220;none&#8220; box_shadow_style=&#8220;none&#8220;]\n\n<p>Ich habe kein Smartphone<\/p>\n\n[\/et_pb_counter][et_pb_counter _builder_version=&#8220;3.15&#8243; percent=&#8220;0&#8243; use_background_color_gradient=&#8220;off&#8220; background_color_gradient_start=&#8220;#2b87da&#8220; background_color_gradient_end=&#8220;#29c4a9&#8243; background_color_gradient_type=&#8220;linear&#8220; background_color_gradient_direction=&#8220;180deg&#8220; background_color_gradient_direction_radial=&#8220;center&#8220; background_color_gradient_start_position=&#8220;0%&#8220; background_color_gradient_end_position=&#8220;100%&#8220; parallax=&#8220;off&#8220; parallax_method=&#8220;on&#8220; background_size=&#8220;cover&#8220; background_position=&#8220;center&#8220; background_repeat=&#8220;no-repeat&#8220; background_blend=&#8220;normal&#8220; allow_player_pause=&#8220;off&#8220; title_font_select=&#8220;default&#8220; title_font=&#8220;||||&#8220; percent_font_select=&#8220;default&#8220; percent_font=&#8220;||||&#8220; background_color_gradient_overlays_image=&#8220;off&#8220; background_video_pause_outside_viewport=&#8220;on&#8220; text_shadow_style=&#8220;none&#8220; title_text_shadow_style=&#8220;none&#8220; percent_text_shadow_style=&#8220;none&#8220; box_shadow_style=&#8220;none&#8220;]\n\n<p>Ich bin nicht krankenversichert<\/p>\n\n[\/et_pb_counter][et_pb_counter _builder_version=&#8220;3.15&#8243; percent=&#8220;24&#8243; use_background_color_gradient=&#8220;off&#8220; background_color_gradient_start=&#8220;#2b87da&#8220; background_color_gradient_end=&#8220;#29c4a9&#8243; background_color_gradient_type=&#8220;linear&#8220; background_color_gradient_direction=&#8220;180deg&#8220; background_color_gradient_direction_radial=&#8220;center&#8220; background_color_gradient_start_position=&#8220;0%&#8220; background_color_gradient_end_position=&#8220;100%&#8220; parallax=&#8220;off&#8220; parallax_method=&#8220;on&#8220; background_size=&#8220;cover&#8220; background_position=&#8220;center&#8220; background_repeat=&#8220;no-repeat&#8220; background_blend=&#8220;normal&#8220; allow_player_pause=&#8220;off&#8220; title_font_select=&#8220;default&#8220; title_font=&#8220;||||&#8220; percent_font_select=&#8220;default&#8220; percent_font=&#8220;||||&#8220; background_color_gradient_overlays_image=&#8220;off&#8220; background_video_pause_outside_viewport=&#8220;on&#8220; text_shadow_style=&#8220;none&#8220; title_text_shadow_style=&#8220;none&#8220; percent_text_shadow_style=&#8220;none&#8220; box_shadow_style=&#8220;none&#8220;]\n\n<p>Bin mir nicht sicher<\/p>\n\n[\/et_pb_counter][\/et_pb_counters][et_pb_text _builder_version=&#8220;3.15&#8243; border_style=&#8220;solid&#8220;]\n\n<p>357 Teilnehmer<\/p>\n<p>Erhebungszeitraum: 20.09.2018 \u2013 24.09.2018<\/p>\n<p><span style=\"color: #ff8b00;\">Der Quick Poll ist ein Instrument zur kurzfristigen Trendmessung unter beliebigen Teilnehmern aus dem <a class=\"news_beitrag_link\" href=\"http:\/\/www.omniquest.de\/omnipanel\">OmniPanel<\/a> und beansprucht keine <a class=\"news_beitrag_link\" href=\"http:\/\/www.omniquest.de\/repraesentativitaet\">Repr\u00e4sentativit\u00e4t<\/a> f\u00fcr sich.<\/span><\/p>\n\n[\/et_pb_text][\/et_pb_column][\/et_pb_row][\/et_pb_section]\n","protected":false},"excerpt":{"rendered":"<p><div class=\"et_pb_row et_pb_row_0 et_pb_row_empty\">\n\t\t\t\t\n\t\t\t\t\n\t\t\t\t\n\t\t\t\t\n\t\t\t\t\n\t\t\t<\/div><div class=\"et_pb_row et_pb_row_1 et_pb_row_empty\">\n\t\t\t\t\n\t\t\t\t\n\t\t\t\t\n\t\t\t\t\n\t\t\t\t\n\t\t\t<\/div> \u00dcber eine neue kostenfreie Smartphone-App sollen Krankenversicherte bald ihre Gesundheitsdaten verwalten k\u00f6nnen. In der digitalen Akte &#8222;Vivy&#8220; k\u00f6nnen u.a. Befunde, Laborwerte und R\u00f6ntgenbilder gespeichert und mit dem behandelnden Arzt geteilt werden. Auch soll die App an Vorsorgeuntersuchungen und Impftermine erinnern und \u00fcber den Scan von Medikamentenpackungen deren m\u00f6gliche Wechselwirkungen anzeigen. Angenommen, Ihre Krankenversicherung bietet [&hellip;]<\/p>\n","protected":false},"author":1,"featured_media":34314,"comment_status":"closed","ping_status":"closed","sticky":false,"template":"","format":"standard","meta":{"_et_pb_use_builder":"on","_et_pb_old_content":"","_et_gb_content_width":"","footnotes":""},"categories":[41],"tags":[384,179,385,386],"class_list":["post-31580","post","type-post","status-publish","format-standard","has-post-thumbnail","hentry","category-gesellschaft","tag-gesundheitsdaten","tag-krankenversicherung","tag-smartphone-app","tag-vivy","et-has-post-format-content","et_post_format-et-post-format-standard"],"yoast_head":"<!-- This site is optimized with the Yoast SEO plugin v26.1.1 - https:\/\/yoast.com\/wordpress\/plugins\/seo\/ -->\n<title>39% w\u00fcrden neue Gesundheits-App &quot;Vivy&quot; nutzen - OmniQuest News<\/title>\n<meta name=\"description\" content=\"\u00dcber die Smartphone-App &quot;Vivy&quot; sollen Krankenversicherte bald ihre Gesundheitsdaten verwalten k\u00f6nnen. W\u00fcrden Sie eine solche App nutzen? | Gesellschaft\" \/>\n<meta name=\"robots\" content=\"index, follow, max-snippet:-1, max-image-preview:large, max-video-preview:-1\" \/>\n<link rel=\"canonical\" href=\"https:\/\/www.omniquest.de\/marktforschung-news\/aktuelle-umfragen\/gesellschaft\/39-wuerden-neue-gesundheits-app-vivy-nutzen\" \/>\n<meta property=\"og:locale\" content=\"de_DE\" \/>\n<meta property=\"og:type\" content=\"article\" \/>\n<meta property=\"og:title\" content=\"OmniQuest-Umfrage: 39% w\u00fcrden neue Gesundheits-App &quot;Vivy&quot; nutzen\" \/>\n<meta property=\"og:description\" content=\"\u00dcber die Smartphone-App &quot;Vivy&quot; sollen Krankenversicherte bald ihre Gesundheitsdaten verwalten k\u00f6nnen. W\u00fcrden Sie eine solche App nutzen? | 24. September 2018\" \/>\n<meta property=\"og:url\" content=\"https:\/\/www.omniquest.de\/marktforschung-news\/aktuelle-umfragen\/gesellschaft\/39-wuerden-neue-gesundheits-app-vivy-nutzen\" \/>\n<meta property=\"og:site_name\" content=\"OmniQuest News\" \/>\n<meta property=\"article:publisher\" content=\"https:\/\/www.facebook.com\/omniquest\" \/>\n<meta property=\"article:published_time\" content=\"2018-09-24T14:33:41+00:00\" \/>\n<meta property=\"article:modified_time\" content=\"2019-02-07T10:00:56+00:00\" \/>\n<meta name=\"author\" content=\"maxkunz\" \/>\n<meta name=\"twitter:card\" content=\"summary_large_image\" \/>\n<meta name=\"twitter:title\" content=\"OmniQuest-Umfrage: 39% w\u00fcrden neue Gesundheits-App &quot;Vivy&quot; nutzen\" \/>\n<meta name=\"twitter:description\" content=\"\u00dcber die Smartphone-App &quot;Vivy&quot; sollen Krankenversicherte bald ihre Gesundheitsdaten verwalten k\u00f6nnen. W\u00fcrden Sie eine solche App nutzen? | 24. September 2018\" \/>\n<meta name=\"twitter:image\" content=\"https:\/\/www.omniquest.de\/wp-content\/uploads\/2018\/09\/vivy.jpg\" \/>\n<meta name=\"twitter:creator\" content=\"@omniquestbonn\" \/>\n<meta name=\"twitter:site\" content=\"@omniquestbonn\" \/>\n<meta name=\"twitter:label1\" content=\"Verfasst von\" \/>\n\t<meta name=\"twitter:data1\" content=\"maxkunz\" \/>\n\t<meta name=\"twitter:label2\" content=\"Gesch\u00e4tzte Lesezeit\" \/>\n\t<meta name=\"twitter:data2\" content=\"4\u00a0Minuten\" \/>\n<script type=\"application\/ld+json\" class=\"yoast-schema-graph\">{\"@context\":\"https:\/\/schema.org\",\"@graph\":[{\"@type\":\"Article\",\"@id\":\"https:\/\/www.omniquest.de\/marktforschung-news\/aktuelle-umfragen\/gesellschaft\/39-wuerden-neue-gesundheits-app-vivy-nutzen#article\",\"isPartOf\":{\"@id\":\"https:\/\/www.omniquest.de\/marktforschung-news\/aktuelle-umfragen\/gesellschaft\/39-wuerden-neue-gesundheits-app-vivy-nutzen\"},\"author\":{\"name\":\"maxkunz\",\"@id\":\"https:\/\/www.omniquest.de\/marktforschung-news\/#\/schema\/person\/cc5f4802f3fe5782ee50302f6421626f\"},\"headline\":\"39% w\u00fcrden neue Gesundheits-App &#8222;Vivy&#8220; nutzen\",\"datePublished\":\"2018-09-24T14:33:41+00:00\",\"dateModified\":\"2019-02-07T10:00:56+00:00\",\"mainEntityOfPage\":{\"@id\":\"https:\/\/www.omniquest.de\/marktforschung-news\/aktuelle-umfragen\/gesellschaft\/39-wuerden-neue-gesundheits-app-vivy-nutzen\"},\"wordCount\":777,\"publisher\":{\"@id\":\"https:\/\/www.omniquest.de\/marktforschung-news\/#organization\"},\"image\":{\"@id\":\"https:\/\/www.omniquest.de\/marktforschung-news\/aktuelle-umfragen\/gesellschaft\/39-wuerden-neue-gesundheits-app-vivy-nutzen#primaryimage\"},\"thumbnailUrl\":\"https:\/\/www.omniquest.de\/marktforschung-news\/wp-content\/uploads\/2019\/02\/vivy.jpg\",\"keywords\":[\"gesundheitsdaten\",\"krankenversicherung\",\"smartphone app\",\"vivy\"],\"articleSection\":[\"Gesellschaft\"],\"inLanguage\":\"de\"},{\"@type\":\"WebPage\",\"@id\":\"https:\/\/www.omniquest.de\/marktforschung-news\/aktuelle-umfragen\/gesellschaft\/39-wuerden-neue-gesundheits-app-vivy-nutzen\",\"url\":\"https:\/\/www.omniquest.de\/marktforschung-news\/aktuelle-umfragen\/gesellschaft\/39-wuerden-neue-gesundheits-app-vivy-nutzen\",\"name\":\"39% w\u00fcrden neue Gesundheits-App \\\"Vivy\\\" nutzen - OmniQuest News\",\"isPartOf\":{\"@id\":\"https:\/\/www.omniquest.de\/marktforschung-news\/#website\"},\"primaryImageOfPage\":{\"@id\":\"https:\/\/www.omniquest.de\/marktforschung-news\/aktuelle-umfragen\/gesellschaft\/39-wuerden-neue-gesundheits-app-vivy-nutzen#primaryimage\"},\"image\":{\"@id\":\"https:\/\/www.omniquest.de\/marktforschung-news\/aktuelle-umfragen\/gesellschaft\/39-wuerden-neue-gesundheits-app-vivy-nutzen#primaryimage\"},\"thumbnailUrl\":\"https:\/\/www.omniquest.de\/marktforschung-news\/wp-content\/uploads\/2019\/02\/vivy.jpg\",\"datePublished\":\"2018-09-24T14:33:41+00:00\",\"dateModified\":\"2019-02-07T10:00:56+00:00\",\"description\":\"\u00dcber die Smartphone-App \\\"Vivy\\\" sollen Krankenversicherte bald ihre Gesundheitsdaten verwalten k\u00f6nnen. W\u00fcrden Sie eine solche App nutzen? | Gesellschaft\",\"breadcrumb\":{\"@id\":\"https:\/\/www.omniquest.de\/marktforschung-news\/aktuelle-umfragen\/gesellschaft\/39-wuerden-neue-gesundheits-app-vivy-nutzen#breadcrumb\"},\"inLanguage\":\"de\",\"potentialAction\":[{\"@type\":\"ReadAction\",\"target\":[\"https:\/\/www.omniquest.de\/marktforschung-news\/aktuelle-umfragen\/gesellschaft\/39-wuerden-neue-gesundheits-app-vivy-nutzen\"]}]},{\"@type\":\"ImageObject\",\"inLanguage\":\"de\",\"@id\":\"https:\/\/www.omniquest.de\/marktforschung-news\/aktuelle-umfragen\/gesellschaft\/39-wuerden-neue-gesundheits-app-vivy-nutzen#primaryimage\",\"url\":\"https:\/\/www.omniquest.de\/marktforschung-news\/wp-content\/uploads\/2019\/02\/vivy.jpg\",\"contentUrl\":\"https:\/\/www.omniquest.de\/marktforschung-news\/wp-content\/uploads\/2019\/02\/vivy.jpg\",\"width\":960,\"height\":640,\"caption\":\"vivy\"},{\"@type\":\"BreadcrumbList\",\"@id\":\"https:\/\/www.omniquest.de\/marktforschung-news\/aktuelle-umfragen\/gesellschaft\/39-wuerden-neue-gesundheits-app-vivy-nutzen#breadcrumb\",\"itemListElement\":[{\"@type\":\"ListItem\",\"position\":1,\"name\":\"Startseite\",\"item\":\"https:\/\/www.omniquest.de\/marktforschung-news\"},{\"@type\":\"ListItem\",\"position\":2,\"name\":\"Umfragen\",\"item\":\"https:\/\/www.omniquest.de\/marktforschung-news\/aktuelle-umfragen\"},{\"@type\":\"ListItem\",\"position\":3,\"name\":\"Gesellschaft\",\"item\":\"https:\/\/www.omniquest.de\/marktforschung-news\/aktuelle-umfragen\/gesellschaft\"},{\"@type\":\"ListItem\",\"position\":4,\"name\":\"39% w\u00fcrden neue Gesundheits-App &#8222;Vivy&#8220; nutzen\"}]},{\"@type\":\"WebSite\",\"@id\":\"https:\/\/www.omniquest.de\/marktforschung-news\/#website\",\"url\":\"https:\/\/www.omniquest.de\/marktforschung-news\/\",\"name\":\"OmniQuest News\",\"description\":\"Das Portal f\u00fcr News aus der Marktforschung\",\"publisher\":{\"@id\":\"https:\/\/www.omniquest.de\/marktforschung-news\/#organization\"},\"potentialAction\":[{\"@type\":\"SearchAction\",\"target\":{\"@type\":\"EntryPoint\",\"urlTemplate\":\"https:\/\/www.omniquest.de\/marktforschung-news\/?s={search_term_string}\"},\"query-input\":{\"@type\":\"PropertyValueSpecification\",\"valueRequired\":true,\"valueName\":\"search_term_string\"}}],\"inLanguage\":\"de\"},{\"@type\":\"Organization\",\"@id\":\"https:\/\/www.omniquest.de\/marktforschung-news\/#organization\",\"name\":\"OmniQuest\",\"url\":\"https:\/\/www.omniquest.de\/marktforschung-news\/\",\"logo\":{\"@type\":\"ImageObject\",\"inLanguage\":\"de\",\"@id\":\"https:\/\/www.omniquest.de\/marktforschung-news\/#\/schema\/logo\/image\/\",\"url\":\"https:\/\/www.omniquest.de\/marktforschung-news\/wp-content\/uploads\/2019\/02\/OmniQuest-Logo_Green.png\",\"contentUrl\":\"https:\/\/www.omniquest.de\/marktforschung-news\/wp-content\/uploads\/2019\/02\/OmniQuest-Logo_Green.png\",\"width\":1000,\"height\":254,\"caption\":\"OmniQuest\"},\"image\":{\"@id\":\"https:\/\/www.omniquest.de\/marktforschung-news\/#\/schema\/logo\/image\/\"},\"sameAs\":[\"https:\/\/www.facebook.com\/omniquest\",\"https:\/\/x.com\/omniquestbonn\"]},{\"@type\":\"Person\",\"@id\":\"https:\/\/www.omniquest.de\/marktforschung-news\/#\/schema\/person\/cc5f4802f3fe5782ee50302f6421626f\",\"name\":\"maxkunz\",\"image\":{\"@type\":\"ImageObject\",\"inLanguage\":\"de\",\"@id\":\"https:\/\/www.omniquest.de\/marktforschung-news\/#\/schema\/person\/image\/\",\"url\":\"https:\/\/secure.gravatar.com\/avatar\/4263acc4a3ce0b258a5f70ea20a3e80c96ef22b12f62637ae28a3eebf4a0f094?s=96&d=mm&r=g\",\"contentUrl\":\"https:\/\/secure.gravatar.com\/avatar\/4263acc4a3ce0b258a5f70ea20a3e80c96ef22b12f62637ae28a3eebf4a0f094?s=96&d=mm&r=g\",\"caption\":\"maxkunz\"}}]}<\/script>\n<!-- \/ Yoast SEO plugin. -->","yoast_head_json":{"title":"39% w\u00fcrden neue Gesundheits-App \"Vivy\" nutzen - OmniQuest News","description":"\u00dcber die Smartphone-App \"Vivy\" sollen Krankenversicherte bald ihre Gesundheitsdaten verwalten k\u00f6nnen. W\u00fcrden Sie eine solche App nutzen? | Gesellschaft","robots":{"index":"index","follow":"follow","max-snippet":"max-snippet:-1","max-image-preview":"max-image-preview:large","max-video-preview":"max-video-preview:-1"},"canonical":"https:\/\/www.omniquest.de\/marktforschung-news\/aktuelle-umfragen\/gesellschaft\/39-wuerden-neue-gesundheits-app-vivy-nutzen","og_locale":"de_DE","og_type":"article","og_title":"OmniQuest-Umfrage: 39% w\u00fcrden neue Gesundheits-App \"Vivy\" nutzen","og_description":"\u00dcber die Smartphone-App \"Vivy\" sollen Krankenversicherte bald ihre Gesundheitsdaten verwalten k\u00f6nnen. W\u00fcrden Sie eine solche App nutzen? | 24. September 2018","og_url":"https:\/\/www.omniquest.de\/marktforschung-news\/aktuelle-umfragen\/gesellschaft\/39-wuerden-neue-gesundheits-app-vivy-nutzen","og_site_name":"OmniQuest News","article_publisher":"https:\/\/www.facebook.com\/omniquest","article_published_time":"2018-09-24T14:33:41+00:00","article_modified_time":"2019-02-07T10:00:56+00:00","author":"maxkunz","twitter_card":"summary_large_image","twitter_title":"OmniQuest-Umfrage: 39% w\u00fcrden neue Gesundheits-App \"Vivy\" nutzen","twitter_description":"\u00dcber die Smartphone-App \"Vivy\" sollen Krankenversicherte bald ihre Gesundheitsdaten verwalten k\u00f6nnen. W\u00fcrden Sie eine solche App nutzen? | 24. September 2018","twitter_image":"https:\/\/www.omniquest.de\/wp-content\/uploads\/2018\/09\/vivy.jpg","twitter_creator":"@omniquestbonn","twitter_site":"@omniquestbonn","twitter_misc":{"Verfasst von":"maxkunz","Gesch\u00e4tzte Lesezeit":"4\u00a0Minuten"},"schema":{"@context":"https:\/\/schema.org","@graph":[{"@type":"Article","@id":"https:\/\/www.omniquest.de\/marktforschung-news\/aktuelle-umfragen\/gesellschaft\/39-wuerden-neue-gesundheits-app-vivy-nutzen#article","isPartOf":{"@id":"https:\/\/www.omniquest.de\/marktforschung-news\/aktuelle-umfragen\/gesellschaft\/39-wuerden-neue-gesundheits-app-vivy-nutzen"},"author":{"name":"maxkunz","@id":"https:\/\/www.omniquest.de\/marktforschung-news\/#\/schema\/person\/cc5f4802f3fe5782ee50302f6421626f"},"headline":"39% w\u00fcrden neue Gesundheits-App &#8222;Vivy&#8220; nutzen","datePublished":"2018-09-24T14:33:41+00:00","dateModified":"2019-02-07T10:00:56+00:00","mainEntityOfPage":{"@id":"https:\/\/www.omniquest.de\/marktforschung-news\/aktuelle-umfragen\/gesellschaft\/39-wuerden-neue-gesundheits-app-vivy-nutzen"},"wordCount":777,"publisher":{"@id":"https:\/\/www.omniquest.de\/marktforschung-news\/#organization"},"image":{"@id":"https:\/\/www.omniquest.de\/marktforschung-news\/aktuelle-umfragen\/gesellschaft\/39-wuerden-neue-gesundheits-app-vivy-nutzen#primaryimage"},"thumbnailUrl":"https:\/\/www.omniquest.de\/marktforschung-news\/wp-content\/uploads\/2019\/02\/vivy.jpg","keywords":["gesundheitsdaten","krankenversicherung","smartphone app","vivy"],"articleSection":["Gesellschaft"],"inLanguage":"de"},{"@type":"WebPage","@id":"https:\/\/www.omniquest.de\/marktforschung-news\/aktuelle-umfragen\/gesellschaft\/39-wuerden-neue-gesundheits-app-vivy-nutzen","url":"https:\/\/www.omniquest.de\/marktforschung-news\/aktuelle-umfragen\/gesellschaft\/39-wuerden-neue-gesundheits-app-vivy-nutzen","name":"39% w\u00fcrden neue Gesundheits-App \"Vivy\" nutzen - OmniQuest News","isPartOf":{"@id":"https:\/\/www.omniquest.de\/marktforschung-news\/#website"},"primaryImageOfPage":{"@id":"https:\/\/www.omniquest.de\/marktforschung-news\/aktuelle-umfragen\/gesellschaft\/39-wuerden-neue-gesundheits-app-vivy-nutzen#primaryimage"},"image":{"@id":"https:\/\/www.omniquest.de\/marktforschung-news\/aktuelle-umfragen\/gesellschaft\/39-wuerden-neue-gesundheits-app-vivy-nutzen#primaryimage"},"thumbnailUrl":"https:\/\/www.omniquest.de\/marktforschung-news\/wp-content\/uploads\/2019\/02\/vivy.jpg","datePublished":"2018-09-24T14:33:41+00:00","dateModified":"2019-02-07T10:00:56+00:00","description":"\u00dcber die Smartphone-App \"Vivy\" sollen Krankenversicherte bald ihre Gesundheitsdaten verwalten k\u00f6nnen. W\u00fcrden Sie eine solche App nutzen? | Gesellschaft","breadcrumb":{"@id":"https:\/\/www.omniquest.de\/marktforschung-news\/aktuelle-umfragen\/gesellschaft\/39-wuerden-neue-gesundheits-app-vivy-nutzen#breadcrumb"},"inLanguage":"de","potentialAction":[{"@type":"ReadAction","target":["https:\/\/www.omniquest.de\/marktforschung-news\/aktuelle-umfragen\/gesellschaft\/39-wuerden-neue-gesundheits-app-vivy-nutzen"]}]},{"@type":"ImageObject","inLanguage":"de","@id":"https:\/\/www.omniquest.de\/marktforschung-news\/aktuelle-umfragen\/gesellschaft\/39-wuerden-neue-gesundheits-app-vivy-nutzen#primaryimage","url":"https:\/\/www.omniquest.de\/marktforschung-news\/wp-content\/uploads\/2019\/02\/vivy.jpg","contentUrl":"https:\/\/www.omniquest.de\/marktforschung-news\/wp-content\/uploads\/2019\/02\/vivy.jpg","width":960,"height":640,"caption":"vivy"},{"@type":"BreadcrumbList","@id":"https:\/\/www.omniquest.de\/marktforschung-news\/aktuelle-umfragen\/gesellschaft\/39-wuerden-neue-gesundheits-app-vivy-nutzen#breadcrumb","itemListElement":[{"@type":"ListItem","position":1,"name":"Startseite","item":"https:\/\/www.omniquest.de\/marktforschung-news"},{"@type":"ListItem","position":2,"name":"Umfragen","item":"https:\/\/www.omniquest.de\/marktforschung-news\/aktuelle-umfragen"},{"@type":"ListItem","position":3,"name":"Gesellschaft","item":"https:\/\/www.omniquest.de\/marktforschung-news\/aktuelle-umfragen\/gesellschaft"},{"@type":"ListItem","position":4,"name":"39% w\u00fcrden neue Gesundheits-App &#8222;Vivy&#8220; nutzen"}]},{"@type":"WebSite","@id":"https:\/\/www.omniquest.de\/marktforschung-news\/#website","url":"https:\/\/www.omniquest.de\/marktforschung-news\/","name":"OmniQuest News","description":"Das Portal f\u00fcr News aus der Marktforschung","publisher":{"@id":"https:\/\/www.omniquest.de\/marktforschung-news\/#organization"},"potentialAction":[{"@type":"SearchAction","target":{"@type":"EntryPoint","urlTemplate":"https:\/\/www.omniquest.de\/marktforschung-news\/?s={search_term_string}"},"query-input":{"@type":"PropertyValueSpecification","valueRequired":true,"valueName":"search_term_string"}}],"inLanguage":"de"},{"@type":"Organization","@id":"https:\/\/www.omniquest.de\/marktforschung-news\/#organization","name":"OmniQuest","url":"https:\/\/www.omniquest.de\/marktforschung-news\/","logo":{"@type":"ImageObject","inLanguage":"de","@id":"https:\/\/www.omniquest.de\/marktforschung-news\/#\/schema\/logo\/image\/","url":"https:\/\/www.omniquest.de\/marktforschung-news\/wp-content\/uploads\/2019\/02\/OmniQuest-Logo_Green.png","contentUrl":"https:\/\/www.omniquest.de\/marktforschung-news\/wp-content\/uploads\/2019\/02\/OmniQuest-Logo_Green.png","width":1000,"height":254,"caption":"OmniQuest"},"image":{"@id":"https:\/\/www.omniquest.de\/marktforschung-news\/#\/schema\/logo\/image\/"},"sameAs":["https:\/\/www.facebook.com\/omniquest","https:\/\/x.com\/omniquestbonn"]},{"@type":"Person","@id":"https:\/\/www.omniquest.de\/marktforschung-news\/#\/schema\/person\/cc5f4802f3fe5782ee50302f6421626f","name":"maxkunz","image":{"@type":"ImageObject","inLanguage":"de","@id":"https:\/\/www.omniquest.de\/marktforschung-news\/#\/schema\/person\/image\/","url":"https:\/\/secure.gravatar.com\/avatar\/4263acc4a3ce0b258a5f70ea20a3e80c96ef22b12f62637ae28a3eebf4a0f094?s=96&d=mm&r=g","contentUrl":"https:\/\/secure.gravatar.com\/avatar\/4263acc4a3ce0b258a5f70ea20a3e80c96ef22b12f62637ae28a3eebf4a0f094?s=96&d=mm&r=g","caption":"maxkunz"}}]}},"_links":{"self":[{"href":"https:\/\/www.omniquest.de\/marktforschung-news\/wp-json\/wp\/v2\/posts\/31580","targetHints":{"allow":["GET"]}}],"collection":[{"href":"https:\/\/www.omniquest.de\/marktforschung-news\/wp-json\/wp\/v2\/posts"}],"about":[{"href":"https:\/\/www.omniquest.de\/marktforschung-news\/wp-json\/wp\/v2\/types\/post"}],"author":[{"embeddable":true,"href":"https:\/\/www.omniquest.de\/marktforschung-news\/wp-json\/wp\/v2\/users\/1"}],"replies":[{"embeddable":true,"href":"https:\/\/www.omniquest.de\/marktforschung-news\/wp-json\/wp\/v2\/comments?post=31580"}],"version-history":[{"count":1,"href":"https:\/\/www.omniquest.de\/marktforschung-news\/wp-json\/wp\/v2\/posts\/31580\/revisions"}],"predecessor-version":[{"id":34458,"href":"https:\/\/www.omniquest.de\/marktforschung-news\/wp-json\/wp\/v2\/posts\/31580\/revisions\/34458"}],"wp:featuredmedia":[{"embeddable":true,"href":"https:\/\/www.omniquest.de\/marktforschung-news\/wp-json\/wp\/v2\/media\/34314"}],"wp:attachment":[{"href":"https:\/\/www.omniquest.de\/marktforschung-news\/wp-json\/wp\/v2\/media?parent=31580"}],"wp:term":[{"taxonomy":"category","embeddable":true,"href":"https:\/\/www.omniquest.de\/marktforschung-news\/wp-json\/wp\/v2\/categories?post=31580"},{"taxonomy":"post_tag","embeddable":true,"href":"https:\/\/www.omniquest.de\/marktforschung-news\/wp-json\/wp\/v2\/tags?post=31580"}],"curies":[{"name":"wp","href":"https:\/\/api.w.org\/{rel}","templated":true}]}}