{"id":32395,"date":"2018-10-30T11:54:19","date_gmt":"2018-10-30T10:54:19","guid":{"rendered":"https:\/\/www.omniquest.de\/?p=32395"},"modified":"2019-02-07T10:55:47","modified_gmt":"2019-02-07T09:55:47","slug":"49-befuerworten-samariter-bund-weigerung-fuer-afd-erste-hilfe-kurs","status":"publish","type":"post","link":"https:\/\/www.omniquest.de\/marktforschung-news\/aktuelle-umfragen\/politik\/49-befuerworten-samariter-bund-weigerung-fuer-afd-erste-hilfe-kurs","title":{"rendered":"49% bef\u00fcrworten Samariter-Bund-Weigerung f\u00fcr AfD-Erste-Hilfe-Kurs"},"content":{"rendered":"\n[et_pb_section fb_built=&#8220;1&#8243; _builder_version=&#8220;3.0.47&#8243;][et_pb_row _builder_version=&#8220;3.0.48&#8243; background_size=&#8220;initial&#8220; background_position=&#8220;top_left&#8220; background_repeat=&#8220;repeat&#8220;][et_pb_column type=&#8220;4_4&#8243; _builder_version=&#8220;3.0.47&#8243; parallax=&#8220;off&#8220; parallax_method=&#8220;on&#8220;][et_pb_text admin_label=&#8220;Fragetext&#8220; _builder_version=&#8220;3.17.2&#8243; border_style=&#8220;solid&#8220;]Der Arbeiter-Samariter-Bund (ASB) hat einen Erste-Hilfe-Kurs f\u00fcr die Mitglieder der AfD-Fraktion im Bundestag mit Verweis auf den Wertekodex abgesagt. Der ASB wolle keinerlei Gesch\u00e4ftsbeziehungen mit der AfD eingehen, so der Bundesgesch\u00e4ftsf\u00fchrer Ulrich Bauch. Wie bewerten Sie die Entscheidung des ASB?\n[\/et_pb_text][et_pb_counters bar_bg_color=&#8220;#38b400&#8243; _builder_version=&#8220;3.17.2&#8243; border_style=&#8220;solid&#8220; border_radius=&#8220;0&#8243;][et_pb_counter percent=&#8220;49&#8243; _builder_version=&#8220;3.17.2&#8243; title_font=&#8220;||||&#8220; percent_font=&#8220;||||&#8220; background_color_default=&#8220;#dddddd&#8220; parallax_default=&#8220;off&#8220; parallax_method_default=&#8220;on&#8220; bar_background_color_default=&#8220;#38b400&#8243; use_percentages=&#8220;on&#8220; border_radius=&#8220;0&#8243; allow_player_pause_default=&#8220;off&#8220;]Bef\u00fcrworte ich\n[\/et_pb_counter][et_pb_counter percent=&#8220;36&#8243; _builder_version=&#8220;3.17.2&#8243; title_font=&#8220;||||&#8220; percent_font=&#8220;||||&#8220; background_color_default=&#8220;#dddddd&#8220; parallax_default=&#8220;off&#8220; parallax_method_default=&#8220;on&#8220; bar_background_color_default=&#8220;#38b400&#8243; use_percentages=&#8220;on&#8220; border_radius=&#8220;0&#8243; allow_player_pause_default=&#8220;off&#8220;]Lehne ich ab\n[\/et_pb_counter][et_pb_counter percent=&#8220;15&#8243; _builder_version=&#8220;3.17.2&#8243; title_font=&#8220;||||&#8220; percent_font=&#8220;||||&#8220; background_color_default=&#8220;#dddddd&#8220; parallax_default=&#8220;off&#8220; parallax_method_default=&#8220;on&#8220; bar_background_color_default=&#8220;#38b400&#8243; use_percentages=&#8220;on&#8220; border_radius=&#8220;0&#8243; allow_player_pause_default=&#8220;off&#8220;]Bin mir nicht sicher\n[\/et_pb_counter][\/et_pb_counters][et_pb_text _builder_version=&#8220;3.17.2&#8243; border_style=&#8220;solid&#8220;]<p>334 Teilnehmer<\/p>\n<p>Erhebungszeitraum: 26.10.2018 \u2013 30.10.2018<\/p>\n<p><span style=\"color: #ff8b00;\">Der Quick Poll ist ein Instrument zur kurzfristigen Trendmessung unter beliebigen Teilnehmern aus dem <a class=\"news_beitrag_link\" href=\"http:\/\/www.omniquest.de\/omnipanel\">OmniPanel<\/a> und beansprucht keine <a class=\"news_beitrag_link\" href=\"http:\/\/www.omniquest.de\/repraesentativitaet\">Repr\u00e4sentativit\u00e4t<\/a> f\u00fcr sich.<\/span><\/p>\n[\/et_pb_text][\/et_pb_column][\/et_pb_row][\/et_pb_section]\n","protected":false},"excerpt":{"rendered":"<p>Der Arbeiter-Samariter-Bund (ASB) hat einen Erste-Hilfe-Kurs f\u00fcr die Mitglieder der AfD-Fraktion im Bundestag mit Verweis auf den Wertekodex abgesagt. Der ASB wolle keinerlei Gesch\u00e4ftsbeziehungen mit der AfD eingehen, so der Bundesgesch\u00e4ftsf\u00fchrer Ulrich Bauch. Wie bewerten Sie die Entscheidung des ASB? Bef\u00fcrworte ich Lehne ich ab Bin mir nicht sicher 334 Teilnehmer Erhebungszeitraum: 26.10.2018 \u2013 30.10.2018 [&hellip;]<\/p>\n","protected":false},"author":1,"featured_media":34333,"comment_status":"closed","ping_status":"closed","sticky":false,"template":"","format":"standard","meta":{"_et_pb_use_builder":"on","_et_pb_old_content":"","_et_gb_content_width":"","footnotes":""},"categories":[17],"tags":[103,53,410],"class_list":["post-32395","post","type-post","status-publish","format-standard","has-post-thumbnail","hentry","category-politik","tag-afd","tag-bundestag","tag-samariter","et-has-post-format-content","et_post_format-et-post-format-standard"],"yoast_head":"<!-- This site is optimized with the Yoast SEO plugin v26.1.1 - https:\/\/yoast.com\/wordpress\/plugins\/seo\/ -->\n<title>49% bef\u00fcrworten Samariter-Bund-Weigerung f\u00fcr AfD-Erste-Hilfe-Kurs - OmniQuest News<\/title>\n<meta name=\"description\" content=\"Der Arbeiter-Samariter-Bund ... Erste-Hilfe-Kurs ... AfD-Fraktion im Bundestag ... Wertekodex abgesagt ... Gesch\u00e4ftsbeziehungen ... Ulrich Bauch | Politik\" \/>\n<meta name=\"robots\" content=\"index, follow, max-snippet:-1, max-image-preview:large, max-video-preview:-1\" \/>\n<link rel=\"canonical\" href=\"https:\/\/www.omniquest.de\/marktforschung-news\/aktuelle-umfragen\/politik\/49-befuerworten-samariter-bund-weigerung-fuer-afd-erste-hilfe-kurs\" \/>\n<meta property=\"og:locale\" content=\"de_DE\" \/>\n<meta property=\"og:type\" content=\"article\" \/>\n<meta property=\"og:title\" content=\"OmniQuest-Umfrage: 49% bef\u00fcrworten Samariter-Bund-Weigerung f\u00fcr AfD-Erste-Hilfe-Kurs\" \/>\n<meta property=\"og:description\" content=\"Der Arbeiter-Samariter-Bund hat einen Erste-Hilfe-Kurs f\u00fcr die Mitglieder der AfD-Fraktion im Bundestag mit Verweis auf den Wertekodex abgesagt ... | 30. Oktober 2018\" \/>\n<meta property=\"og:url\" content=\"https:\/\/www.omniquest.de\/marktforschung-news\/aktuelle-umfragen\/politik\/49-befuerworten-samariter-bund-weigerung-fuer-afd-erste-hilfe-kurs\" \/>\n<meta property=\"og:site_name\" content=\"OmniQuest News\" \/>\n<meta property=\"article:publisher\" content=\"https:\/\/www.facebook.com\/omniquest\" \/>\n<meta property=\"article:published_time\" content=\"2018-10-30T10:54:19+00:00\" \/>\n<meta property=\"article:modified_time\" content=\"2019-02-07T09:55:47+00:00\" \/>\n<meta name=\"author\" content=\"maxkunz\" \/>\n<meta name=\"twitter:card\" content=\"summary_large_image\" \/>\n<meta name=\"twitter:title\" content=\"OmniQuest-Umfrage: 49% bef\u00fcrworten Samariter-Bund-Weigerung f\u00fcr AfD-Erste-Hilfe-Kurs\" \/>\n<meta name=\"twitter:description\" content=\"Der Arbeiter-Samariter-Bund hat einen Erste-Hilfe-Kurs f\u00fcr die Mitglieder der AfD-Fraktion im Bundestag mit Verweis auf den Wertekodex abgesagt ... | 30. Oktober 2018\" \/>\n<meta name=\"twitter:creator\" content=\"@omniquestbonn\" \/>\n<meta name=\"twitter:site\" content=\"@omniquestbonn\" \/>\n<meta name=\"twitter:label1\" content=\"Verfasst von\" \/>\n\t<meta name=\"twitter:data1\" content=\"maxkunz\" \/>\n\t<meta name=\"twitter:label2\" content=\"Gesch\u00e4tzte Lesezeit\" \/>\n\t<meta name=\"twitter:data2\" content=\"1\u00a0Minute\" \/>\n<script type=\"application\/ld+json\" class=\"yoast-schema-graph\">{\"@context\":\"https:\/\/schema.org\",\"@graph\":[{\"@type\":\"Article\",\"@id\":\"https:\/\/www.omniquest.de\/marktforschung-news\/aktuelle-umfragen\/politik\/49-befuerworten-samariter-bund-weigerung-fuer-afd-erste-hilfe-kurs#article\",\"isPartOf\":{\"@id\":\"https:\/\/www.omniquest.de\/marktforschung-news\/aktuelle-umfragen\/politik\/49-befuerworten-samariter-bund-weigerung-fuer-afd-erste-hilfe-kurs\"},\"author\":{\"name\":\"maxkunz\",\"@id\":\"https:\/\/www.omniquest.de\/marktforschung-news\/#\/schema\/person\/cc5f4802f3fe5782ee50302f6421626f\"},\"headline\":\"49% bef\u00fcrworten Samariter-Bund-Weigerung f\u00fcr AfD-Erste-Hilfe-Kurs\",\"datePublished\":\"2018-10-30T10:54:19+00:00\",\"dateModified\":\"2019-02-07T09:55:47+00:00\",\"mainEntityOfPage\":{\"@id\":\"https:\/\/www.omniquest.de\/marktforschung-news\/aktuelle-umfragen\/politik\/49-befuerworten-samariter-bund-weigerung-fuer-afd-erste-hilfe-kurs\"},\"wordCount\":287,\"publisher\":{\"@id\":\"https:\/\/www.omniquest.de\/marktforschung-news\/#organization\"},\"image\":{\"@id\":\"https:\/\/www.omniquest.de\/marktforschung-news\/aktuelle-umfragen\/politik\/49-befuerworten-samariter-bund-weigerung-fuer-afd-erste-hilfe-kurs#primaryimage\"},\"thumbnailUrl\":\"https:\/\/www.omniquest.de\/marktforschung-news\/wp-content\/uploads\/2019\/02\/Notruf-1080x675.jpg\",\"keywords\":[\"afd\",\"bundestag\",\"samariter\"],\"articleSection\":[\"Politik\"],\"inLanguage\":\"de\"},{\"@type\":\"WebPage\",\"@id\":\"https:\/\/www.omniquest.de\/marktforschung-news\/aktuelle-umfragen\/politik\/49-befuerworten-samariter-bund-weigerung-fuer-afd-erste-hilfe-kurs\",\"url\":\"https:\/\/www.omniquest.de\/marktforschung-news\/aktuelle-umfragen\/politik\/49-befuerworten-samariter-bund-weigerung-fuer-afd-erste-hilfe-kurs\",\"name\":\"49% bef\u00fcrworten Samariter-Bund-Weigerung f\u00fcr AfD-Erste-Hilfe-Kurs - OmniQuest News\",\"isPartOf\":{\"@id\":\"https:\/\/www.omniquest.de\/marktforschung-news\/#website\"},\"primaryImageOfPage\":{\"@id\":\"https:\/\/www.omniquest.de\/marktforschung-news\/aktuelle-umfragen\/politik\/49-befuerworten-samariter-bund-weigerung-fuer-afd-erste-hilfe-kurs#primaryimage\"},\"image\":{\"@id\":\"https:\/\/www.omniquest.de\/marktforschung-news\/aktuelle-umfragen\/politik\/49-befuerworten-samariter-bund-weigerung-fuer-afd-erste-hilfe-kurs#primaryimage\"},\"thumbnailUrl\":\"https:\/\/www.omniquest.de\/marktforschung-news\/wp-content\/uploads\/2019\/02\/Notruf-1080x675.jpg\",\"datePublished\":\"2018-10-30T10:54:19+00:00\",\"dateModified\":\"2019-02-07T09:55:47+00:00\",\"description\":\"Der Arbeiter-Samariter-Bund ... Erste-Hilfe-Kurs ... AfD-Fraktion im Bundestag ... Wertekodex abgesagt ... Gesch\u00e4ftsbeziehungen ... Ulrich Bauch | Politik\",\"breadcrumb\":{\"@id\":\"https:\/\/www.omniquest.de\/marktforschung-news\/aktuelle-umfragen\/politik\/49-befuerworten-samariter-bund-weigerung-fuer-afd-erste-hilfe-kurs#breadcrumb\"},\"inLanguage\":\"de\",\"potentialAction\":[{\"@type\":\"ReadAction\",\"target\":[\"https:\/\/www.omniquest.de\/marktforschung-news\/aktuelle-umfragen\/politik\/49-befuerworten-samariter-bund-weigerung-fuer-afd-erste-hilfe-kurs\"]}]},{\"@type\":\"ImageObject\",\"inLanguage\":\"de\",\"@id\":\"https:\/\/www.omniquest.de\/marktforschung-news\/aktuelle-umfragen\/politik\/49-befuerworten-samariter-bund-weigerung-fuer-afd-erste-hilfe-kurs#primaryimage\",\"url\":\"https:\/\/www.omniquest.de\/marktforschung-news\/wp-content\/uploads\/2019\/02\/Notruf-1080x675.jpg\",\"contentUrl\":\"https:\/\/www.omniquest.de\/marktforschung-news\/wp-content\/uploads\/2019\/02\/Notruf-1080x675.jpg\",\"width\":1080,\"height\":675,\"caption\":\"notruf\"},{\"@type\":\"BreadcrumbList\",\"@id\":\"https:\/\/www.omniquest.de\/marktforschung-news\/aktuelle-umfragen\/politik\/49-befuerworten-samariter-bund-weigerung-fuer-afd-erste-hilfe-kurs#breadcrumb\",\"itemListElement\":[{\"@type\":\"ListItem\",\"position\":1,\"name\":\"Startseite\",\"item\":\"https:\/\/www.omniquest.de\/marktforschung-news\"},{\"@type\":\"ListItem\",\"position\":2,\"name\":\"Umfragen\",\"item\":\"https:\/\/www.omniquest.de\/marktforschung-news\/aktuelle-umfragen\"},{\"@type\":\"ListItem\",\"position\":3,\"name\":\"Politik\",\"item\":\"https:\/\/www.omniquest.de\/marktforschung-news\/aktuelle-umfragen\/politik\"},{\"@type\":\"ListItem\",\"position\":4,\"name\":\"49% bef\u00fcrworten Samariter-Bund-Weigerung f\u00fcr AfD-Erste-Hilfe-Kurs\"}]},{\"@type\":\"WebSite\",\"@id\":\"https:\/\/www.omniquest.de\/marktforschung-news\/#website\",\"url\":\"https:\/\/www.omniquest.de\/marktforschung-news\/\",\"name\":\"OmniQuest News\",\"description\":\"Das Portal f\u00fcr News aus der Marktforschung\",\"publisher\":{\"@id\":\"https:\/\/www.omniquest.de\/marktforschung-news\/#organization\"},\"potentialAction\":[{\"@type\":\"SearchAction\",\"target\":{\"@type\":\"EntryPoint\",\"urlTemplate\":\"https:\/\/www.omniquest.de\/marktforschung-news\/?s={search_term_string}\"},\"query-input\":{\"@type\":\"PropertyValueSpecification\",\"valueRequired\":true,\"valueName\":\"search_term_string\"}}],\"inLanguage\":\"de\"},{\"@type\":\"Organization\",\"@id\":\"https:\/\/www.omniquest.de\/marktforschung-news\/#organization\",\"name\":\"OmniQuest\",\"url\":\"https:\/\/www.omniquest.de\/marktforschung-news\/\",\"logo\":{\"@type\":\"ImageObject\",\"inLanguage\":\"de\",\"@id\":\"https:\/\/www.omniquest.de\/marktforschung-news\/#\/schema\/logo\/image\/\",\"url\":\"https:\/\/www.omniquest.de\/marktforschung-news\/wp-content\/uploads\/2019\/02\/OmniQuest-Logo_Green.png\",\"contentUrl\":\"https:\/\/www.omniquest.de\/marktforschung-news\/wp-content\/uploads\/2019\/02\/OmniQuest-Logo_Green.png\",\"width\":1000,\"height\":254,\"caption\":\"OmniQuest\"},\"image\":{\"@id\":\"https:\/\/www.omniquest.de\/marktforschung-news\/#\/schema\/logo\/image\/\"},\"sameAs\":[\"https:\/\/www.facebook.com\/omniquest\",\"https:\/\/x.com\/omniquestbonn\"]},{\"@type\":\"Person\",\"@id\":\"https:\/\/www.omniquest.de\/marktforschung-news\/#\/schema\/person\/cc5f4802f3fe5782ee50302f6421626f\",\"name\":\"maxkunz\",\"image\":{\"@type\":\"ImageObject\",\"inLanguage\":\"de\",\"@id\":\"https:\/\/www.omniquest.de\/marktforschung-news\/#\/schema\/person\/image\/\",\"url\":\"https:\/\/secure.gravatar.com\/avatar\/4263acc4a3ce0b258a5f70ea20a3e80c96ef22b12f62637ae28a3eebf4a0f094?s=96&d=mm&r=g\",\"contentUrl\":\"https:\/\/secure.gravatar.com\/avatar\/4263acc4a3ce0b258a5f70ea20a3e80c96ef22b12f62637ae28a3eebf4a0f094?s=96&d=mm&r=g\",\"caption\":\"maxkunz\"}}]}<\/script>\n<!-- \/ Yoast SEO plugin. -->","yoast_head_json":{"title":"49% bef\u00fcrworten Samariter-Bund-Weigerung f\u00fcr AfD-Erste-Hilfe-Kurs - OmniQuest News","description":"Der Arbeiter-Samariter-Bund ... Erste-Hilfe-Kurs ... AfD-Fraktion im Bundestag ... Wertekodex abgesagt ... Gesch\u00e4ftsbeziehungen ... Ulrich Bauch | Politik","robots":{"index":"index","follow":"follow","max-snippet":"max-snippet:-1","max-image-preview":"max-image-preview:large","max-video-preview":"max-video-preview:-1"},"canonical":"https:\/\/www.omniquest.de\/marktforschung-news\/aktuelle-umfragen\/politik\/49-befuerworten-samariter-bund-weigerung-fuer-afd-erste-hilfe-kurs","og_locale":"de_DE","og_type":"article","og_title":"OmniQuest-Umfrage: 49% bef\u00fcrworten Samariter-Bund-Weigerung f\u00fcr AfD-Erste-Hilfe-Kurs","og_description":"Der Arbeiter-Samariter-Bund hat einen Erste-Hilfe-Kurs f\u00fcr die Mitglieder der AfD-Fraktion im Bundestag mit Verweis auf den Wertekodex abgesagt ... | 30. Oktober 2018","og_url":"https:\/\/www.omniquest.de\/marktforschung-news\/aktuelle-umfragen\/politik\/49-befuerworten-samariter-bund-weigerung-fuer-afd-erste-hilfe-kurs","og_site_name":"OmniQuest News","article_publisher":"https:\/\/www.facebook.com\/omniquest","article_published_time":"2018-10-30T10:54:19+00:00","article_modified_time":"2019-02-07T09:55:47+00:00","author":"maxkunz","twitter_card":"summary_large_image","twitter_title":"OmniQuest-Umfrage: 49% bef\u00fcrworten Samariter-Bund-Weigerung f\u00fcr AfD-Erste-Hilfe-Kurs","twitter_description":"Der Arbeiter-Samariter-Bund hat einen Erste-Hilfe-Kurs f\u00fcr die Mitglieder der AfD-Fraktion im Bundestag mit Verweis auf den Wertekodex abgesagt ... | 30. Oktober 2018","twitter_creator":"@omniquestbonn","twitter_site":"@omniquestbonn","twitter_misc":{"Verfasst von":"maxkunz","Gesch\u00e4tzte Lesezeit":"1\u00a0Minute"},"schema":{"@context":"https:\/\/schema.org","@graph":[{"@type":"Article","@id":"https:\/\/www.omniquest.de\/marktforschung-news\/aktuelle-umfragen\/politik\/49-befuerworten-samariter-bund-weigerung-fuer-afd-erste-hilfe-kurs#article","isPartOf":{"@id":"https:\/\/www.omniquest.de\/marktforschung-news\/aktuelle-umfragen\/politik\/49-befuerworten-samariter-bund-weigerung-fuer-afd-erste-hilfe-kurs"},"author":{"name":"maxkunz","@id":"https:\/\/www.omniquest.de\/marktforschung-news\/#\/schema\/person\/cc5f4802f3fe5782ee50302f6421626f"},"headline":"49% bef\u00fcrworten Samariter-Bund-Weigerung f\u00fcr AfD-Erste-Hilfe-Kurs","datePublished":"2018-10-30T10:54:19+00:00","dateModified":"2019-02-07T09:55:47+00:00","mainEntityOfPage":{"@id":"https:\/\/www.omniquest.de\/marktforschung-news\/aktuelle-umfragen\/politik\/49-befuerworten-samariter-bund-weigerung-fuer-afd-erste-hilfe-kurs"},"wordCount":287,"publisher":{"@id":"https:\/\/www.omniquest.de\/marktforschung-news\/#organization"},"image":{"@id":"https:\/\/www.omniquest.de\/marktforschung-news\/aktuelle-umfragen\/politik\/49-befuerworten-samariter-bund-weigerung-fuer-afd-erste-hilfe-kurs#primaryimage"},"thumbnailUrl":"https:\/\/www.omniquest.de\/marktforschung-news\/wp-content\/uploads\/2019\/02\/Notruf-1080x675.jpg","keywords":["afd","bundestag","samariter"],"articleSection":["Politik"],"inLanguage":"de"},{"@type":"WebPage","@id":"https:\/\/www.omniquest.de\/marktforschung-news\/aktuelle-umfragen\/politik\/49-befuerworten-samariter-bund-weigerung-fuer-afd-erste-hilfe-kurs","url":"https:\/\/www.omniquest.de\/marktforschung-news\/aktuelle-umfragen\/politik\/49-befuerworten-samariter-bund-weigerung-fuer-afd-erste-hilfe-kurs","name":"49% bef\u00fcrworten Samariter-Bund-Weigerung f\u00fcr AfD-Erste-Hilfe-Kurs - OmniQuest News","isPartOf":{"@id":"https:\/\/www.omniquest.de\/marktforschung-news\/#website"},"primaryImageOfPage":{"@id":"https:\/\/www.omniquest.de\/marktforschung-news\/aktuelle-umfragen\/politik\/49-befuerworten-samariter-bund-weigerung-fuer-afd-erste-hilfe-kurs#primaryimage"},"image":{"@id":"https:\/\/www.omniquest.de\/marktforschung-news\/aktuelle-umfragen\/politik\/49-befuerworten-samariter-bund-weigerung-fuer-afd-erste-hilfe-kurs#primaryimage"},"thumbnailUrl":"https:\/\/www.omniquest.de\/marktforschung-news\/wp-content\/uploads\/2019\/02\/Notruf-1080x675.jpg","datePublished":"2018-10-30T10:54:19+00:00","dateModified":"2019-02-07T09:55:47+00:00","description":"Der Arbeiter-Samariter-Bund ... Erste-Hilfe-Kurs ... AfD-Fraktion im Bundestag ... Wertekodex abgesagt ... Gesch\u00e4ftsbeziehungen ... Ulrich Bauch | Politik","breadcrumb":{"@id":"https:\/\/www.omniquest.de\/marktforschung-news\/aktuelle-umfragen\/politik\/49-befuerworten-samariter-bund-weigerung-fuer-afd-erste-hilfe-kurs#breadcrumb"},"inLanguage":"de","potentialAction":[{"@type":"ReadAction","target":["https:\/\/www.omniquest.de\/marktforschung-news\/aktuelle-umfragen\/politik\/49-befuerworten-samariter-bund-weigerung-fuer-afd-erste-hilfe-kurs"]}]},{"@type":"ImageObject","inLanguage":"de","@id":"https:\/\/www.omniquest.de\/marktforschung-news\/aktuelle-umfragen\/politik\/49-befuerworten-samariter-bund-weigerung-fuer-afd-erste-hilfe-kurs#primaryimage","url":"https:\/\/www.omniquest.de\/marktforschung-news\/wp-content\/uploads\/2019\/02\/Notruf-1080x675.jpg","contentUrl":"https:\/\/www.omniquest.de\/marktforschung-news\/wp-content\/uploads\/2019\/02\/Notruf-1080x675.jpg","width":1080,"height":675,"caption":"notruf"},{"@type":"BreadcrumbList","@id":"https:\/\/www.omniquest.de\/marktforschung-news\/aktuelle-umfragen\/politik\/49-befuerworten-samariter-bund-weigerung-fuer-afd-erste-hilfe-kurs#breadcrumb","itemListElement":[{"@type":"ListItem","position":1,"name":"Startseite","item":"https:\/\/www.omniquest.de\/marktforschung-news"},{"@type":"ListItem","position":2,"name":"Umfragen","item":"https:\/\/www.omniquest.de\/marktforschung-news\/aktuelle-umfragen"},{"@type":"ListItem","position":3,"name":"Politik","item":"https:\/\/www.omniquest.de\/marktforschung-news\/aktuelle-umfragen\/politik"},{"@type":"ListItem","position":4,"name":"49% bef\u00fcrworten Samariter-Bund-Weigerung f\u00fcr AfD-Erste-Hilfe-Kurs"}]},{"@type":"WebSite","@id":"https:\/\/www.omniquest.de\/marktforschung-news\/#website","url":"https:\/\/www.omniquest.de\/marktforschung-news\/","name":"OmniQuest News","description":"Das Portal f\u00fcr News aus der Marktforschung","publisher":{"@id":"https:\/\/www.omniquest.de\/marktforschung-news\/#organization"},"potentialAction":[{"@type":"SearchAction","target":{"@type":"EntryPoint","urlTemplate":"https:\/\/www.omniquest.de\/marktforschung-news\/?s={search_term_string}"},"query-input":{"@type":"PropertyValueSpecification","valueRequired":true,"valueName":"search_term_string"}}],"inLanguage":"de"},{"@type":"Organization","@id":"https:\/\/www.omniquest.de\/marktforschung-news\/#organization","name":"OmniQuest","url":"https:\/\/www.omniquest.de\/marktforschung-news\/","logo":{"@type":"ImageObject","inLanguage":"de","@id":"https:\/\/www.omniquest.de\/marktforschung-news\/#\/schema\/logo\/image\/","url":"https:\/\/www.omniquest.de\/marktforschung-news\/wp-content\/uploads\/2019\/02\/OmniQuest-Logo_Green.png","contentUrl":"https:\/\/www.omniquest.de\/marktforschung-news\/wp-content\/uploads\/2019\/02\/OmniQuest-Logo_Green.png","width":1000,"height":254,"caption":"OmniQuest"},"image":{"@id":"https:\/\/www.omniquest.de\/marktforschung-news\/#\/schema\/logo\/image\/"},"sameAs":["https:\/\/www.facebook.com\/omniquest","https:\/\/x.com\/omniquestbonn"]},{"@type":"Person","@id":"https:\/\/www.omniquest.de\/marktforschung-news\/#\/schema\/person\/cc5f4802f3fe5782ee50302f6421626f","name":"maxkunz","image":{"@type":"ImageObject","inLanguage":"de","@id":"https:\/\/www.omniquest.de\/marktforschung-news\/#\/schema\/person\/image\/","url":"https:\/\/secure.gravatar.com\/avatar\/4263acc4a3ce0b258a5f70ea20a3e80c96ef22b12f62637ae28a3eebf4a0f094?s=96&d=mm&r=g","contentUrl":"https:\/\/secure.gravatar.com\/avatar\/4263acc4a3ce0b258a5f70ea20a3e80c96ef22b12f62637ae28a3eebf4a0f094?s=96&d=mm&r=g","caption":"maxkunz"}}]}},"_links":{"self":[{"href":"https:\/\/www.omniquest.de\/marktforschung-news\/wp-json\/wp\/v2\/posts\/32395","targetHints":{"allow":["GET"]}}],"collection":[{"href":"https:\/\/www.omniquest.de\/marktforschung-news\/wp-json\/wp\/v2\/posts"}],"about":[{"href":"https:\/\/www.omniquest.de\/marktforschung-news\/wp-json\/wp\/v2\/types\/post"}],"author":[{"embeddable":true,"href":"https:\/\/www.omniquest.de\/marktforschung-news\/wp-json\/wp\/v2\/users\/1"}],"replies":[{"embeddable":true,"href":"https:\/\/www.omniquest.de\/marktforschung-news\/wp-json\/wp\/v2\/comments?post=32395"}],"version-history":[{"count":1,"href":"https:\/\/www.omniquest.de\/marktforschung-news\/wp-json\/wp\/v2\/posts\/32395\/revisions"}],"predecessor-version":[{"id":34439,"href":"https:\/\/www.omniquest.de\/marktforschung-news\/wp-json\/wp\/v2\/posts\/32395\/revisions\/34439"}],"wp:featuredmedia":[{"embeddable":true,"href":"https:\/\/www.omniquest.de\/marktforschung-news\/wp-json\/wp\/v2\/media\/34333"}],"wp:attachment":[{"href":"https:\/\/www.omniquest.de\/marktforschung-news\/wp-json\/wp\/v2\/media?parent=32395"}],"wp:term":[{"taxonomy":"category","embeddable":true,"href":"https:\/\/www.omniquest.de\/marktforschung-news\/wp-json\/wp\/v2\/categories?post=32395"},{"taxonomy":"post_tag","embeddable":true,"href":"https:\/\/www.omniquest.de\/marktforschung-news\/wp-json\/wp\/v2\/tags?post=32395"}],"curies":[{"name":"wp","href":"https:\/\/api.w.org\/{rel}","templated":true}]}}