{"id":36527,"date":"2019-11-11T15:59:04","date_gmt":"2019-11-11T14:59:04","guid":{"rendered":"https:\/\/www.omniquest.de\/marktforschung-news\/?p=36527"},"modified":"2019-11-11T16:04:50","modified_gmt":"2019-11-11T15:04:50","slug":"67-befuerworten-forschungsnutzung-von-gesundheitsdaten-nur-bei-vorherigem-einverstaendnis","status":"publish","type":"post","link":"https:\/\/www.omniquest.de\/marktforschung-news\/aktuelle-umfragen\/politik\/67-befuerworten-forschungsnutzung-von-gesundheitsdaten-nur-bei-vorherigem-einverstaendnis","title":{"rendered":"67% bef\u00fcrworten Forschungsnutzung von Gesundheitsdaten nur bei vorherigem Einverst\u00e4ndnis"},"content":{"rendered":"<p>[et_pb_section fb_built=&#8220;1&#8243; _builder_version=&#8220;3.22&#8243; fb_built=&#8220;1&#8243; bb_built=&#8220;1&#8243; _i=&#8220;0&#8243; _address=&#8220;0&#8243;][et_pb_row _builder_version=&#8220;3.25&#8243; background_size=&#8220;initial&#8220; background_position=&#8220;top_left&#8220; background_repeat=&#8220;repeat&#8220; _i=&#8220;0&#8243; _address=&#8220;0.0&#8243;][et_pb_column type=&#8220;4_4&#8243; _builder_version=&#8220;3.25&#8243; custom_padding=&#8220;|||&#8220; _i=&#8220;0&#8243; _address=&#8220;0.0.0&#8243; custom_padding__hover=&#8220;|||&#8220;][et_pb_text admin_label=&#8220;Fragetext&#8220; _builder_version=&#8220;3.29.3&#8243; border_style=&#8220;solid&#8220; _i=&#8220;0&#8243; _address=&#8220;0.0.0.0&#8243;]Nach einem Gesetzentwurf von Bundesgesundheitsminister Jens Spahn (CDU) sollen anonymisiert Daten der rund 73 Millionen gesetzlich Versicherten wie Alter, Geschlecht, Wohnort oder Behandlungsart k\u00fcnftig f\u00fcr die Forschung zur Verf\u00fcgung gestellt werden, dies ohne vorherige Einverst\u00e4ndnis der Betroffenen. Datensch\u00fctzer kritisieren diesen Vorsto\u00df.<br \/>\nWie stehen Sie zu dem Thema? Die Forschungsnutzung der Gesundheitsdaten bef\u00fcrworte ich\u2026[\/et_pb_text][et_pb_counters bar_bg_color=&#8220;#38b400&#8243; _builder_version=&#8220;3.29.3&#8243; border_style=&#8220;solid&#8220; border_radius=&#8220;0&#8243; _i=&#8220;1&#8243; _address=&#8220;0.0.0.1&#8243;][et_pb_counter percent=&#8220;7&#8243; _builder_version=&#8220;3.29.3&#8243; title_font=&#8220;||||&#8220; percent_font=&#8220;||||&#8220; background_color_default=&#8220;#dddddd&#8220; parallax_default=&#8220;off&#8220; parallax_method_default=&#8220;on&#8220; bar_background_color_default=&#8220;#38b400&#8243; use_percentages=&#8220;on&#8220; border_radius=&#8220;0&#8243; allow_player_pause_default=&#8220;off&#8220; _i=&#8220;0&#8243; _address=&#8220;0.0.0.1.0&#8243; background_enable_color_default=&#8220;on&#8220;]ohne vorheriges Einverst\u00e4ndnis[\/et_pb_counter][et_pb_counter percent=&#8220;67&#8243; _builder_version=&#8220;3.29.3&#8243; title_font=&#8220;||||&#8220; percent_font=&#8220;||||&#8220; background_color_default=&#8220;#dddddd&#8220; parallax_default=&#8220;off&#8220; parallax_method_default=&#8220;on&#8220; bar_background_color_default=&#8220;#38b400&#8243; use_percentages=&#8220;on&#8220; border_radius=&#8220;0&#8243; allow_player_pause_default=&#8220;off&#8220; _i=&#8220;1&#8243; _address=&#8220;0.0.0.1.1&#8243; background_enable_color_default=&#8220;on&#8220;]nur mit vorherigem Einverst\u00e4ndnis[\/et_pb_counter][et_pb_counter percent=&#8220;20&#8243; _builder_version=&#8220;3.29.3&#8243; title_font=&#8220;||||&#8220; percent_font=&#8220;||||&#8220; background_color_default=&#8220;#dddddd&#8220; parallax_default=&#8220;off&#8220; parallax_method_default=&#8220;on&#8220; bar_background_color_default=&#8220;#38b400&#8243; use_percentages=&#8220;on&#8220; border_radius=&#8220;0&#8243; allow_player_pause_default=&#8220;off&#8220; _i=&#8220;2&#8243; _address=&#8220;0.0.0.1.2&#8243; background_enable_color_default=&#8220;on&#8220;]grunds\u00e4tzlich gar nicht[\/et_pb_counter][et_pb_counter percent=&#8220;6&#8243; _builder_version=&#8220;3.29.3&#8243; title_font=&#8220;||||&#8220; percent_font=&#8220;||||&#8220; background_color_default=&#8220;#dddddd&#8220; parallax_default=&#8220;off&#8220; parallax_method_default=&#8220;on&#8220; bar_background_color_default=&#8220;#38b400&#8243; use_percentages=&#8220;on&#8220; border_radius=&#8220;0&#8243; allow_player_pause_default=&#8220;off&#8220; _i=&#8220;3&#8243; _address=&#8220;0.0.0.1.3&#8243; background_enable_color_default=&#8220;on&#8220;]Bin mir nicht sicher[\/et_pb_counter][\/et_pb_counters][et_pb_text _builder_version=&#8220;3.29.3&#8243; border_style=&#8220;solid&#8220; _i=&#8220;2&#8243; _address=&#8220;0.0.0.2&#8243;]<\/p>\n<p>291 Teilnehmer<\/p>\n<p>Erhebungszeitraum: 07.11.2019 \u2013 11.11.2019<\/p>\n<p><span style=\"color: #ff8b00;\">Der Quick Poll ist ein Instrument zur kurzfristigen Trendmessung unter beliebigen Teilnehmern aus dem <a class=\"news_beitrag_link\" href=\"http:\/\/www.omniquest.de\/omnipanel\">OmniPanel<\/a> und beansprucht keine <a class=\"news_beitrag_link\" href=\"http:\/\/www.omniquest.de\/repraesentativitaet\">Repr\u00e4sentativit\u00e4t<\/a> f\u00fcr sich.<\/span><\/p>\n<p>[\/et_pb_text][\/et_pb_column][\/et_pb_row][\/et_pb_section]<\/p>\n","protected":false},"excerpt":{"rendered":"<p>Nach einem Gesetzentwurf von Bundesgesundheitsminister Jens Spahn (CDU) sollen anonymisiert Daten der rund 73 Millionen gesetzlich Versicherten wie Alter, Geschlecht, Wohnort oder Behandlungsart k\u00fcnftig f\u00fcr die Forschung zur Verf\u00fcgung gestellt werden, dies ohne vorherige Einverst\u00e4ndnis der Betroffenen. Datensch\u00fctzer kritisieren diesen Vorsto\u00df. Wie stehen Sie zu dem Thema? Die Forschungsnutzung der Gesundheitsdaten bef\u00fcrworte ich\u2026ohne vorheriges Einverst\u00e4ndnisnur [&hellip;]<\/p>\n","protected":false},"author":1,"featured_media":36530,"comment_status":"open","ping_status":"open","sticky":false,"template":"","format":"standard","meta":{"_et_pb_use_builder":"on","_et_pb_old_content":"","_et_gb_content_width":"","footnotes":""},"categories":[17],"tags":[104,111,428,10,524],"class_list":["post-36527","post","type-post","status-publish","format-standard","has-post-thumbnail","hentry","category-politik","tag-cdu","tag-datenschutz","tag-forschung","tag-gesundheit","tag-krankenkasse","et-has-post-format-content","et_post_format-et-post-format-standard"],"yoast_head":"<!-- This site is optimized with the Yoast SEO plugin v26.1.1 - https:\/\/yoast.com\/wordpress\/plugins\/seo\/ -->\n<title>Gesundheitsdaten gesetzlich Versicherter ohne Einverst\u00e4ndnis speichern?<\/title>\n<meta name=\"description\" content=\"Jens Spahn (CDU) fordert anonymisierte Speicherung von Daten gesetzlich Versicherter wie Alter, Wohnort und Behandlungsart f\u00fcr die Forschung.\" \/>\n<meta name=\"robots\" content=\"index, follow, max-snippet:-1, max-image-preview:large, max-video-preview:-1\" \/>\n<link rel=\"canonical\" href=\"https:\/\/www.omniquest.de\/marktforschung-news\/aktuelle-umfragen\/politik\/67-befuerworten-forschungsnutzung-von-gesundheitsdaten-nur-bei-vorherigem-einverstaendnis\" \/>\n<meta property=\"og:locale\" content=\"de_DE\" \/>\n<meta property=\"og:type\" content=\"article\" \/>\n<meta property=\"og:title\" content=\"OmniQuest-Umfrage: 67% bef\u00fcrworten Forschungsnutzung von Gesundheitsdaten nur bei vorherigem Einverst\u00e4ndnis\" \/>\n<meta property=\"og:description\" content=\"Nach einem Gesetzentwurf von Bundesgesundheitsminister Jens Spahn (CDU) sollen anonymisiert Daten der rund 73 Millionen gesetzlich Versicherten wie Alter, Geschlecht ... | 11. November 2019\" \/>\n<meta property=\"og:url\" content=\"https:\/\/www.omniquest.de\/marktforschung-news\/aktuelle-umfragen\/politik\/67-befuerworten-forschungsnutzung-von-gesundheitsdaten-nur-bei-vorherigem-einverstaendnis\" \/>\n<meta property=\"og:site_name\" content=\"OmniQuest News\" \/>\n<meta property=\"article:publisher\" content=\"https:\/\/www.facebook.com\/omniquest\" \/>\n<meta property=\"article:published_time\" content=\"2019-11-11T14:59:04+00:00\" \/>\n<meta property=\"article:modified_time\" content=\"2019-11-11T15:04:50+00:00\" \/>\n<meta property=\"og:image\" content=\"https:\/\/www.omniquest.de\/marktforschung-news\/wp-content\/uploads\/2019\/11\/krankenkasse.jpg\" \/>\n\t<meta property=\"og:image:width\" content=\"1920\" \/>\n\t<meta property=\"og:image:height\" content=\"1280\" \/>\n\t<meta property=\"og:image:type\" content=\"image\/jpeg\" \/>\n<meta name=\"author\" content=\"maxkunz\" \/>\n<meta name=\"twitter:card\" content=\"summary_large_image\" \/>\n<meta name=\"twitter:title\" content=\"OmniQuest-Umfrage: 67% bef\u00fcrworten Forschungsnutzung von Gesundheitsdaten nur bei vorherigem Einverst\u00e4ndnis\" \/>\n<meta name=\"twitter:description\" content=\"Nach einem Gesetzentwurf von Bundesgesundheitsminister Jens Spahn (CDU) sollen anonymisiert Daten der rund 73 Millionen gesetzlich Versicherten wie Alter, Geschlecht ... | 11. November 2019\" \/>\n<meta name=\"twitter:image\" content=\"https:\/\/www.omniquest.de\/marktforschung-news\/wp-content\/uploads\/2019\/11\/krankenkasse.jpg\" \/>\n<meta name=\"twitter:creator\" content=\"@omniquestbonn\" \/>\n<meta name=\"twitter:site\" content=\"@omniquestbonn\" \/>\n<meta name=\"twitter:label1\" content=\"Verfasst von\" \/>\n\t<meta name=\"twitter:data1\" content=\"maxkunz\" \/>\n\t<meta name=\"twitter:label2\" content=\"Gesch\u00e4tzte Lesezeit\" \/>\n\t<meta name=\"twitter:data2\" content=\"2\u00a0Minuten\" \/>\n<script type=\"application\/ld+json\" class=\"yoast-schema-graph\">{\"@context\":\"https:\/\/schema.org\",\"@graph\":[{\"@type\":\"Article\",\"@id\":\"https:\/\/www.omniquest.de\/marktforschung-news\/aktuelle-umfragen\/politik\/67-befuerworten-forschungsnutzung-von-gesundheitsdaten-nur-bei-vorherigem-einverstaendnis#article\",\"isPartOf\":{\"@id\":\"https:\/\/www.omniquest.de\/marktforschung-news\/aktuelle-umfragen\/politik\/67-befuerworten-forschungsnutzung-von-gesundheitsdaten-nur-bei-vorherigem-einverstaendnis\"},\"author\":{\"name\":\"maxkunz\",\"@id\":\"https:\/\/www.omniquest.de\/marktforschung-news\/#\/schema\/person\/cc5f4802f3fe5782ee50302f6421626f\"},\"headline\":\"67% bef\u00fcrworten Forschungsnutzung von Gesundheitsdaten nur bei vorherigem Einverst\u00e4ndnis\",\"datePublished\":\"2019-11-11T14:59:04+00:00\",\"dateModified\":\"2019-11-11T15:04:50+00:00\",\"mainEntityOfPage\":{\"@id\":\"https:\/\/www.omniquest.de\/marktforschung-news\/aktuelle-umfragen\/politik\/67-befuerworten-forschungsnutzung-von-gesundheitsdaten-nur-bei-vorherigem-einverstaendnis\"},\"wordCount\":395,\"commentCount\":0,\"publisher\":{\"@id\":\"https:\/\/www.omniquest.de\/marktforschung-news\/#organization\"},\"image\":{\"@id\":\"https:\/\/www.omniquest.de\/marktforschung-news\/aktuelle-umfragen\/politik\/67-befuerworten-forschungsnutzung-von-gesundheitsdaten-nur-bei-vorherigem-einverstaendnis#primaryimage\"},\"thumbnailUrl\":\"https:\/\/www.omniquest.de\/marktforschung-news\/wp-content\/uploads\/2019\/11\/krankenkasse.jpg\",\"keywords\":[\"cdu\",\"datenschutz\",\"forschung\",\"gesundheit\",\"krankenkasse\"],\"articleSection\":[\"Politik\"],\"inLanguage\":\"de\",\"potentialAction\":[{\"@type\":\"CommentAction\",\"name\":\"Comment\",\"target\":[\"https:\/\/www.omniquest.de\/marktforschung-news\/aktuelle-umfragen\/politik\/67-befuerworten-forschungsnutzung-von-gesundheitsdaten-nur-bei-vorherigem-einverstaendnis#respond\"]}]},{\"@type\":\"WebPage\",\"@id\":\"https:\/\/www.omniquest.de\/marktforschung-news\/aktuelle-umfragen\/politik\/67-befuerworten-forschungsnutzung-von-gesundheitsdaten-nur-bei-vorherigem-einverstaendnis\",\"url\":\"https:\/\/www.omniquest.de\/marktforschung-news\/aktuelle-umfragen\/politik\/67-befuerworten-forschungsnutzung-von-gesundheitsdaten-nur-bei-vorherigem-einverstaendnis\",\"name\":\"Gesundheitsdaten gesetzlich Versicherter ohne Einverst\u00e4ndnis speichern?\",\"isPartOf\":{\"@id\":\"https:\/\/www.omniquest.de\/marktforschung-news\/#website\"},\"primaryImageOfPage\":{\"@id\":\"https:\/\/www.omniquest.de\/marktforschung-news\/aktuelle-umfragen\/politik\/67-befuerworten-forschungsnutzung-von-gesundheitsdaten-nur-bei-vorherigem-einverstaendnis#primaryimage\"},\"image\":{\"@id\":\"https:\/\/www.omniquest.de\/marktforschung-news\/aktuelle-umfragen\/politik\/67-befuerworten-forschungsnutzung-von-gesundheitsdaten-nur-bei-vorherigem-einverstaendnis#primaryimage\"},\"thumbnailUrl\":\"https:\/\/www.omniquest.de\/marktforschung-news\/wp-content\/uploads\/2019\/11\/krankenkasse.jpg\",\"datePublished\":\"2019-11-11T14:59:04+00:00\",\"dateModified\":\"2019-11-11T15:04:50+00:00\",\"description\":\"Jens Spahn (CDU) fordert anonymisierte Speicherung von Daten gesetzlich Versicherter wie Alter, Wohnort und Behandlungsart f\u00fcr die Forschung.\",\"breadcrumb\":{\"@id\":\"https:\/\/www.omniquest.de\/marktforschung-news\/aktuelle-umfragen\/politik\/67-befuerworten-forschungsnutzung-von-gesundheitsdaten-nur-bei-vorherigem-einverstaendnis#breadcrumb\"},\"inLanguage\":\"de\",\"potentialAction\":[{\"@type\":\"ReadAction\",\"target\":[\"https:\/\/www.omniquest.de\/marktforschung-news\/aktuelle-umfragen\/politik\/67-befuerworten-forschungsnutzung-von-gesundheitsdaten-nur-bei-vorherigem-einverstaendnis\"]}]},{\"@type\":\"ImageObject\",\"inLanguage\":\"de\",\"@id\":\"https:\/\/www.omniquest.de\/marktforschung-news\/aktuelle-umfragen\/politik\/67-befuerworten-forschungsnutzung-von-gesundheitsdaten-nur-bei-vorherigem-einverstaendnis#primaryimage\",\"url\":\"https:\/\/www.omniquest.de\/marktforschung-news\/wp-content\/uploads\/2019\/11\/krankenkasse.jpg\",\"contentUrl\":\"https:\/\/www.omniquest.de\/marktforschung-news\/wp-content\/uploads\/2019\/11\/krankenkasse.jpg\",\"width\":1920,\"height\":1280,\"caption\":\"Gesundheitsdaten\"},{\"@type\":\"BreadcrumbList\",\"@id\":\"https:\/\/www.omniquest.de\/marktforschung-news\/aktuelle-umfragen\/politik\/67-befuerworten-forschungsnutzung-von-gesundheitsdaten-nur-bei-vorherigem-einverstaendnis#breadcrumb\",\"itemListElement\":[{\"@type\":\"ListItem\",\"position\":1,\"name\":\"Startseite\",\"item\":\"https:\/\/www.omniquest.de\/marktforschung-news\"},{\"@type\":\"ListItem\",\"position\":2,\"name\":\"Umfragen\",\"item\":\"https:\/\/www.omniquest.de\/marktforschung-news\/aktuelle-umfragen\"},{\"@type\":\"ListItem\",\"position\":3,\"name\":\"Politik\",\"item\":\"https:\/\/www.omniquest.de\/marktforschung-news\/aktuelle-umfragen\/politik\"},{\"@type\":\"ListItem\",\"position\":4,\"name\":\"67% bef\u00fcrworten Forschungsnutzung von Gesundheitsdaten nur bei vorherigem Einverst\u00e4ndnis\"}]},{\"@type\":\"WebSite\",\"@id\":\"https:\/\/www.omniquest.de\/marktforschung-news\/#website\",\"url\":\"https:\/\/www.omniquest.de\/marktforschung-news\/\",\"name\":\"OmniQuest News\",\"description\":\"Das Portal f\u00fcr News aus der Marktforschung\",\"publisher\":{\"@id\":\"https:\/\/www.omniquest.de\/marktforschung-news\/#organization\"},\"potentialAction\":[{\"@type\":\"SearchAction\",\"target\":{\"@type\":\"EntryPoint\",\"urlTemplate\":\"https:\/\/www.omniquest.de\/marktforschung-news\/?s={search_term_string}\"},\"query-input\":{\"@type\":\"PropertyValueSpecification\",\"valueRequired\":true,\"valueName\":\"search_term_string\"}}],\"inLanguage\":\"de\"},{\"@type\":\"Organization\",\"@id\":\"https:\/\/www.omniquest.de\/marktforschung-news\/#organization\",\"name\":\"OmniQuest\",\"url\":\"https:\/\/www.omniquest.de\/marktforschung-news\/\",\"logo\":{\"@type\":\"ImageObject\",\"inLanguage\":\"de\",\"@id\":\"https:\/\/www.omniquest.de\/marktforschung-news\/#\/schema\/logo\/image\/\",\"url\":\"https:\/\/www.omniquest.de\/marktforschung-news\/wp-content\/uploads\/2019\/02\/OmniQuest-Logo_Green.png\",\"contentUrl\":\"https:\/\/www.omniquest.de\/marktforschung-news\/wp-content\/uploads\/2019\/02\/OmniQuest-Logo_Green.png\",\"width\":1000,\"height\":254,\"caption\":\"OmniQuest\"},\"image\":{\"@id\":\"https:\/\/www.omniquest.de\/marktforschung-news\/#\/schema\/logo\/image\/\"},\"sameAs\":[\"https:\/\/www.facebook.com\/omniquest\",\"https:\/\/x.com\/omniquestbonn\"]},{\"@type\":\"Person\",\"@id\":\"https:\/\/www.omniquest.de\/marktforschung-news\/#\/schema\/person\/cc5f4802f3fe5782ee50302f6421626f\",\"name\":\"maxkunz\",\"image\":{\"@type\":\"ImageObject\",\"inLanguage\":\"de\",\"@id\":\"https:\/\/www.omniquest.de\/marktforschung-news\/#\/schema\/person\/image\/\",\"url\":\"https:\/\/secure.gravatar.com\/avatar\/4263acc4a3ce0b258a5f70ea20a3e80c96ef22b12f62637ae28a3eebf4a0f094?s=96&d=mm&r=g\",\"contentUrl\":\"https:\/\/secure.gravatar.com\/avatar\/4263acc4a3ce0b258a5f70ea20a3e80c96ef22b12f62637ae28a3eebf4a0f094?s=96&d=mm&r=g\",\"caption\":\"maxkunz\"}}]}<\/script>\n<!-- \/ Yoast SEO plugin. -->","yoast_head_json":{"title":"Gesundheitsdaten gesetzlich Versicherter ohne Einverst\u00e4ndnis speichern?","description":"Jens Spahn (CDU) fordert anonymisierte Speicherung von Daten gesetzlich Versicherter wie Alter, Wohnort und Behandlungsart f\u00fcr die Forschung.","robots":{"index":"index","follow":"follow","max-snippet":"max-snippet:-1","max-image-preview":"max-image-preview:large","max-video-preview":"max-video-preview:-1"},"canonical":"https:\/\/www.omniquest.de\/marktforschung-news\/aktuelle-umfragen\/politik\/67-befuerworten-forschungsnutzung-von-gesundheitsdaten-nur-bei-vorherigem-einverstaendnis","og_locale":"de_DE","og_type":"article","og_title":"OmniQuest-Umfrage: 67% bef\u00fcrworten Forschungsnutzung von Gesundheitsdaten nur bei vorherigem Einverst\u00e4ndnis","og_description":"Nach einem Gesetzentwurf von Bundesgesundheitsminister Jens Spahn (CDU) sollen anonymisiert Daten der rund 73 Millionen gesetzlich Versicherten wie Alter, Geschlecht ... | 11. November 2019","og_url":"https:\/\/www.omniquest.de\/marktforschung-news\/aktuelle-umfragen\/politik\/67-befuerworten-forschungsnutzung-von-gesundheitsdaten-nur-bei-vorherigem-einverstaendnis","og_site_name":"OmniQuest News","article_publisher":"https:\/\/www.facebook.com\/omniquest","article_published_time":"2019-11-11T14:59:04+00:00","article_modified_time":"2019-11-11T15:04:50+00:00","og_image":[{"width":1920,"height":1280,"url":"https:\/\/www.omniquest.de\/marktforschung-news\/wp-content\/uploads\/2019\/11\/krankenkasse.jpg","type":"image\/jpeg"}],"author":"maxkunz","twitter_card":"summary_large_image","twitter_title":"OmniQuest-Umfrage: 67% bef\u00fcrworten Forschungsnutzung von Gesundheitsdaten nur bei vorherigem Einverst\u00e4ndnis","twitter_description":"Nach einem Gesetzentwurf von Bundesgesundheitsminister Jens Spahn (CDU) sollen anonymisiert Daten der rund 73 Millionen gesetzlich Versicherten wie Alter, Geschlecht ... | 11. November 2019","twitter_image":"https:\/\/www.omniquest.de\/marktforschung-news\/wp-content\/uploads\/2019\/11\/krankenkasse.jpg","twitter_creator":"@omniquestbonn","twitter_site":"@omniquestbonn","twitter_misc":{"Verfasst von":"maxkunz","Gesch\u00e4tzte Lesezeit":"2\u00a0Minuten"},"schema":{"@context":"https:\/\/schema.org","@graph":[{"@type":"Article","@id":"https:\/\/www.omniquest.de\/marktforschung-news\/aktuelle-umfragen\/politik\/67-befuerworten-forschungsnutzung-von-gesundheitsdaten-nur-bei-vorherigem-einverstaendnis#article","isPartOf":{"@id":"https:\/\/www.omniquest.de\/marktforschung-news\/aktuelle-umfragen\/politik\/67-befuerworten-forschungsnutzung-von-gesundheitsdaten-nur-bei-vorherigem-einverstaendnis"},"author":{"name":"maxkunz","@id":"https:\/\/www.omniquest.de\/marktforschung-news\/#\/schema\/person\/cc5f4802f3fe5782ee50302f6421626f"},"headline":"67% bef\u00fcrworten Forschungsnutzung von Gesundheitsdaten nur bei vorherigem Einverst\u00e4ndnis","datePublished":"2019-11-11T14:59:04+00:00","dateModified":"2019-11-11T15:04:50+00:00","mainEntityOfPage":{"@id":"https:\/\/www.omniquest.de\/marktforschung-news\/aktuelle-umfragen\/politik\/67-befuerworten-forschungsnutzung-von-gesundheitsdaten-nur-bei-vorherigem-einverstaendnis"},"wordCount":395,"commentCount":0,"publisher":{"@id":"https:\/\/www.omniquest.de\/marktforschung-news\/#organization"},"image":{"@id":"https:\/\/www.omniquest.de\/marktforschung-news\/aktuelle-umfragen\/politik\/67-befuerworten-forschungsnutzung-von-gesundheitsdaten-nur-bei-vorherigem-einverstaendnis#primaryimage"},"thumbnailUrl":"https:\/\/www.omniquest.de\/marktforschung-news\/wp-content\/uploads\/2019\/11\/krankenkasse.jpg","keywords":["cdu","datenschutz","forschung","gesundheit","krankenkasse"],"articleSection":["Politik"],"inLanguage":"de","potentialAction":[{"@type":"CommentAction","name":"Comment","target":["https:\/\/www.omniquest.de\/marktforschung-news\/aktuelle-umfragen\/politik\/67-befuerworten-forschungsnutzung-von-gesundheitsdaten-nur-bei-vorherigem-einverstaendnis#respond"]}]},{"@type":"WebPage","@id":"https:\/\/www.omniquest.de\/marktforschung-news\/aktuelle-umfragen\/politik\/67-befuerworten-forschungsnutzung-von-gesundheitsdaten-nur-bei-vorherigem-einverstaendnis","url":"https:\/\/www.omniquest.de\/marktforschung-news\/aktuelle-umfragen\/politik\/67-befuerworten-forschungsnutzung-von-gesundheitsdaten-nur-bei-vorherigem-einverstaendnis","name":"Gesundheitsdaten gesetzlich Versicherter ohne Einverst\u00e4ndnis speichern?","isPartOf":{"@id":"https:\/\/www.omniquest.de\/marktforschung-news\/#website"},"primaryImageOfPage":{"@id":"https:\/\/www.omniquest.de\/marktforschung-news\/aktuelle-umfragen\/politik\/67-befuerworten-forschungsnutzung-von-gesundheitsdaten-nur-bei-vorherigem-einverstaendnis#primaryimage"},"image":{"@id":"https:\/\/www.omniquest.de\/marktforschung-news\/aktuelle-umfragen\/politik\/67-befuerworten-forschungsnutzung-von-gesundheitsdaten-nur-bei-vorherigem-einverstaendnis#primaryimage"},"thumbnailUrl":"https:\/\/www.omniquest.de\/marktforschung-news\/wp-content\/uploads\/2019\/11\/krankenkasse.jpg","datePublished":"2019-11-11T14:59:04+00:00","dateModified":"2019-11-11T15:04:50+00:00","description":"Jens Spahn (CDU) fordert anonymisierte Speicherung von Daten gesetzlich Versicherter wie Alter, Wohnort und Behandlungsart f\u00fcr die Forschung.","breadcrumb":{"@id":"https:\/\/www.omniquest.de\/marktforschung-news\/aktuelle-umfragen\/politik\/67-befuerworten-forschungsnutzung-von-gesundheitsdaten-nur-bei-vorherigem-einverstaendnis#breadcrumb"},"inLanguage":"de","potentialAction":[{"@type":"ReadAction","target":["https:\/\/www.omniquest.de\/marktforschung-news\/aktuelle-umfragen\/politik\/67-befuerworten-forschungsnutzung-von-gesundheitsdaten-nur-bei-vorherigem-einverstaendnis"]}]},{"@type":"ImageObject","inLanguage":"de","@id":"https:\/\/www.omniquest.de\/marktforschung-news\/aktuelle-umfragen\/politik\/67-befuerworten-forschungsnutzung-von-gesundheitsdaten-nur-bei-vorherigem-einverstaendnis#primaryimage","url":"https:\/\/www.omniquest.de\/marktforschung-news\/wp-content\/uploads\/2019\/11\/krankenkasse.jpg","contentUrl":"https:\/\/www.omniquest.de\/marktforschung-news\/wp-content\/uploads\/2019\/11\/krankenkasse.jpg","width":1920,"height":1280,"caption":"Gesundheitsdaten"},{"@type":"BreadcrumbList","@id":"https:\/\/www.omniquest.de\/marktforschung-news\/aktuelle-umfragen\/politik\/67-befuerworten-forschungsnutzung-von-gesundheitsdaten-nur-bei-vorherigem-einverstaendnis#breadcrumb","itemListElement":[{"@type":"ListItem","position":1,"name":"Startseite","item":"https:\/\/www.omniquest.de\/marktforschung-news"},{"@type":"ListItem","position":2,"name":"Umfragen","item":"https:\/\/www.omniquest.de\/marktforschung-news\/aktuelle-umfragen"},{"@type":"ListItem","position":3,"name":"Politik","item":"https:\/\/www.omniquest.de\/marktforschung-news\/aktuelle-umfragen\/politik"},{"@type":"ListItem","position":4,"name":"67% bef\u00fcrworten Forschungsnutzung von Gesundheitsdaten nur bei vorherigem Einverst\u00e4ndnis"}]},{"@type":"WebSite","@id":"https:\/\/www.omniquest.de\/marktforschung-news\/#website","url":"https:\/\/www.omniquest.de\/marktforschung-news\/","name":"OmniQuest News","description":"Das Portal f\u00fcr News aus der Marktforschung","publisher":{"@id":"https:\/\/www.omniquest.de\/marktforschung-news\/#organization"},"potentialAction":[{"@type":"SearchAction","target":{"@type":"EntryPoint","urlTemplate":"https:\/\/www.omniquest.de\/marktforschung-news\/?s={search_term_string}"},"query-input":{"@type":"PropertyValueSpecification","valueRequired":true,"valueName":"search_term_string"}}],"inLanguage":"de"},{"@type":"Organization","@id":"https:\/\/www.omniquest.de\/marktforschung-news\/#organization","name":"OmniQuest","url":"https:\/\/www.omniquest.de\/marktforschung-news\/","logo":{"@type":"ImageObject","inLanguage":"de","@id":"https:\/\/www.omniquest.de\/marktforschung-news\/#\/schema\/logo\/image\/","url":"https:\/\/www.omniquest.de\/marktforschung-news\/wp-content\/uploads\/2019\/02\/OmniQuest-Logo_Green.png","contentUrl":"https:\/\/www.omniquest.de\/marktforschung-news\/wp-content\/uploads\/2019\/02\/OmniQuest-Logo_Green.png","width":1000,"height":254,"caption":"OmniQuest"},"image":{"@id":"https:\/\/www.omniquest.de\/marktforschung-news\/#\/schema\/logo\/image\/"},"sameAs":["https:\/\/www.facebook.com\/omniquest","https:\/\/x.com\/omniquestbonn"]},{"@type":"Person","@id":"https:\/\/www.omniquest.de\/marktforschung-news\/#\/schema\/person\/cc5f4802f3fe5782ee50302f6421626f","name":"maxkunz","image":{"@type":"ImageObject","inLanguage":"de","@id":"https:\/\/www.omniquest.de\/marktforschung-news\/#\/schema\/person\/image\/","url":"https:\/\/secure.gravatar.com\/avatar\/4263acc4a3ce0b258a5f70ea20a3e80c96ef22b12f62637ae28a3eebf4a0f094?s=96&d=mm&r=g","contentUrl":"https:\/\/secure.gravatar.com\/avatar\/4263acc4a3ce0b258a5f70ea20a3e80c96ef22b12f62637ae28a3eebf4a0f094?s=96&d=mm&r=g","caption":"maxkunz"}}]}},"_links":{"self":[{"href":"https:\/\/www.omniquest.de\/marktforschung-news\/wp-json\/wp\/v2\/posts\/36527","targetHints":{"allow":["GET"]}}],"collection":[{"href":"https:\/\/www.omniquest.de\/marktforschung-news\/wp-json\/wp\/v2\/posts"}],"about":[{"href":"https:\/\/www.omniquest.de\/marktforschung-news\/wp-json\/wp\/v2\/types\/post"}],"author":[{"embeddable":true,"href":"https:\/\/www.omniquest.de\/marktforschung-news\/wp-json\/wp\/v2\/users\/1"}],"replies":[{"embeddable":true,"href":"https:\/\/www.omniquest.de\/marktforschung-news\/wp-json\/wp\/v2\/comments?post=36527"}],"version-history":[{"count":5,"href":"https:\/\/www.omniquest.de\/marktforschung-news\/wp-json\/wp\/v2\/posts\/36527\/revisions"}],"predecessor-version":[{"id":36537,"href":"https:\/\/www.omniquest.de\/marktforschung-news\/wp-json\/wp\/v2\/posts\/36527\/revisions\/36537"}],"wp:featuredmedia":[{"embeddable":true,"href":"https:\/\/www.omniquest.de\/marktforschung-news\/wp-json\/wp\/v2\/media\/36530"}],"wp:attachment":[{"href":"https:\/\/www.omniquest.de\/marktforschung-news\/wp-json\/wp\/v2\/media?parent=36527"}],"wp:term":[{"taxonomy":"category","embeddable":true,"href":"https:\/\/www.omniquest.de\/marktforschung-news\/wp-json\/wp\/v2\/categories?post=36527"},{"taxonomy":"post_tag","embeddable":true,"href":"https:\/\/www.omniquest.de\/marktforschung-news\/wp-json\/wp\/v2\/tags?post=36527"}],"curies":[{"name":"wp","href":"https:\/\/api.w.org\/{rel}","templated":true}]}}