{"id":36919,"date":"2020-03-24T15:09:20","date_gmt":"2020-03-24T14:09:20","guid":{"rendered":"https:\/\/www.omniquest.de\/marktforschung-news\/?p=36919"},"modified":"2020-03-24T15:09:26","modified_gmt":"2020-03-24T14:09:26","slug":"83-stimmen-gegen-sonntagsoeffnungen-von-supermaerkten-co-in-corona-krise","status":"publish","type":"post","link":"https:\/\/www.omniquest.de\/marktforschung-news\/aktuelle-umfragen\/wirtschaft\/83-stimmen-gegen-sonntagsoeffnungen-von-supermaerkten-co-in-corona-krise","title":{"rendered":"83% stimmen gegen Sonntags\u00f6ffnungen von Superm\u00e4rkten &#038; Co. in Corona-Krise"},"content":{"rendered":"<p>[et_pb_section fb_built=&#8220;1&#8243; _builder_version=&#8220;3.22&#8243;][et_pb_row _builder_version=&#8220;3.25&#8243; background_size=&#8220;initial&#8220; background_position=&#8220;top_left&#8220; background_repeat=&#8220;repeat&#8220;][et_pb_column type=&#8220;4_4&#8243; _builder_version=&#8220;3.25&#8243; custom_padding=&#8220;|||&#8220; custom_padding__hover=&#8220;|||&#8220;][et_pb_text admin_label=&#8220;Fragetext&#8220; _builder_version=&#8220;4.4.0&#8243; hover_enabled=&#8220;0&#8243; border_style=&#8220;solid&#8220;]Nach und nach erlauben Bundesl\u00e4nder Superm\u00e4rkten und anderen Gesch\u00e4ften zur Grundversorgung wegen der Corona-Krise auch sonntags zu \u00f6ffnen. Die gro\u00dfen deutschen Supermarkt- und Discounterketten Edeka, Rewe, Aldi und Lidl wollen ihre Gesch\u00e4fte aber weiterhin nicht am Sonntag \u00f6ffnen und verweisen auf die hohe Belastung der Besch\u00e4ftigten sowie eine auch ohne den Sonntag stabile Versorgungslage der Bev\u00f6lkerung. Sollten Ihrer Meinung nach Superm\u00e4rkte &#038; Co. nun auch sonntags \u00f6ffnen?[\/et_pb_text][et_pb_counters bar_bg_color=&#8220;#38b400&#8243; _builder_version=&#8220;4.4.0&#8243; hover_enabled=&#8220;0&#8243; border_style=&#8220;solid&#8220; border_radius=&#8220;0&#8243;][et_pb_counter percent=&#8220;15&#8243; _builder_version=&#8220;4.4.0&#8243; title_font=&#8220;||||&#8220; percent_font=&#8220;||||&#8220; hover_enabled=&#8220;0&#8243; background_enable_color_default=&#8220;on&#8220; parallax_default=&#8220;off&#8220; parallax_method_default=&#8220;on&#8220; bar_background_color_default=&#8220;#38b400&#8243; use_percentages=&#8220;on&#8220; border_radius=&#8220;0&#8243; allow_player_pause_default=&#8220;off&#8220;]<\/p>\n<p>Ja<\/p>\n<p>[\/et_pb_counter][et_pb_counter percent=&#8220;83&#8243; _builder_version=&#8220;4.4.0&#8243; title_font=&#8220;||||&#8220; percent_font=&#8220;||||&#8220; hover_enabled=&#8220;0&#8243; background_enable_color_default=&#8220;on&#8220; parallax_default=&#8220;off&#8220; parallax_method_default=&#8220;on&#8220; bar_background_color_default=&#8220;#38b400&#8243; use_percentages=&#8220;on&#8220; border_radius=&#8220;0&#8243; allow_player_pause_default=&#8220;off&#8220;]<\/p>\n<p>Nein<\/p>\n<p>[\/et_pb_counter][et_pb_counter percent=&#8220;2&#8243; _builder_version=&#8220;4.4.0&#8243; title_font=&#8220;||||&#8220; percent_font=&#8220;||||&#8220; hover_enabled=&#8220;0&#8243; background_enable_color_default=&#8220;on&#8220; parallax_default=&#8220;off&#8220; parallax_method_default=&#8220;on&#8220; bar_background_color_default=&#8220;#38b400&#8243; use_percentages=&#8220;on&#8220; border_radius=&#8220;0&#8243; allow_player_pause_default=&#8220;off&#8220;]Bin mir nicht sicher[\/et_pb_counter][\/et_pb_counters][et_pb_text _builder_version=&#8220;4.4.0&#8243; hover_enabled=&#8220;0&#8243; border_style=&#8220;solid&#8220;]<\/p>\n<p>283 Teilnehmer<\/p>\n<p>Erhebungszeitraum: 20.03.2020 \u2013 24.03.2020<\/p>\n<p><span style=\"color: #ff8b00;\">Der Quick Poll ist ein Instrument zur kurzfristigen Trendmessung unter beliebigen Teilnehmern aus dem <a class=\"news_beitrag_link\" href=\"http:\/\/www.omniquest.de\/omnipanel\">OmniPanel<\/a> und beansprucht keine <a class=\"news_beitrag_link\" href=\"http:\/\/www.omniquest.de\/repraesentativitaet\">Repr\u00e4sentativit\u00e4t<\/a> f\u00fcr sich.<\/span><\/p>\n<p>[\/et_pb_text][\/et_pb_column][\/et_pb_row][\/et_pb_section]<\/p>\n","protected":false},"excerpt":{"rendered":"<p>Nach und nach erlauben Bundesl\u00e4nder Superm\u00e4rkten und anderen Gesch\u00e4ften zur Grundversorgung wegen der Corona-Krise auch sonntags zu \u00f6ffnen. Die gro\u00dfen deutschen Supermarkt- und Discounterketten Edeka, Rewe, Aldi und Lidl wollen ihre Gesch\u00e4fte aber weiterhin nicht am Sonntag \u00f6ffnen und verweisen auf die hohe Belastung der Besch\u00e4ftigten sowie eine auch ohne den Sonntag stabile Versorgungslage der [&hellip;]<\/p>\n","protected":false},"author":1,"featured_media":36922,"comment_status":"open","ping_status":"open","sticky":false,"template":"","format":"standard","meta":{"_et_pb_use_builder":"on","_et_pb_old_content":"","_et_gb_content_width":"","footnotes":""},"categories":[11],"tags":[],"class_list":["post-36919","post","type-post","status-publish","format-standard","has-post-thumbnail","hentry","category-wirtschaft","et-has-post-format-content","et_post_format-et-post-format-standard"],"yoast_head":"<!-- This site is optimized with the Yoast SEO plugin v26.1.1 - https:\/\/yoast.com\/wordpress\/plugins\/seo\/ -->\n<title>Corona - Superm\u00e4rkte auch Sonntags \u00f6ffnen? | OmniQuest Umfrage<\/title>\n<meta name=\"description\" content=\"Nach und nach erlauben Bundesl\u00e4nder Superm\u00e4rkten und anderen Gesch\u00e4ften zur Grundversorgung wegen der Corona-Krise auch sonntags zu \u00f6ffnen ...\" \/>\n<meta name=\"robots\" content=\"index, follow, max-snippet:-1, max-image-preview:large, max-video-preview:-1\" \/>\n<link rel=\"canonical\" href=\"https:\/\/www.omniquest.de\/marktforschung-news\/aktuelle-umfragen\/wirtschaft\/83-stimmen-gegen-sonntagsoeffnungen-von-supermaerkten-co-in-corona-krise\" \/>\n<meta property=\"og:locale\" content=\"de_DE\" \/>\n<meta property=\"og:type\" content=\"article\" \/>\n<meta property=\"og:title\" content=\"OmniQuest-Umfrage: 83% stimmen gegen Sonntags\u00f6ffnungen von Superm\u00e4rkten &amp; Co. in Corona-Krise\" \/>\n<meta property=\"og:description\" content=\"Nach und nach erlauben Bundesl\u00e4nder Superm\u00e4rkten und anderen Gesch\u00e4ften zur Grundversorgung wegen der Corona-Krise auch sonntags zu \u00f6ffnen. Die gro\u00dfen deutschen ... | 24. M\u00e4rz 2020\" \/>\n<meta property=\"og:url\" content=\"https:\/\/www.omniquest.de\/marktforschung-news\/aktuelle-umfragen\/wirtschaft\/83-stimmen-gegen-sonntagsoeffnungen-von-supermaerkten-co-in-corona-krise\" \/>\n<meta property=\"og:site_name\" content=\"OmniQuest News\" \/>\n<meta property=\"article:publisher\" content=\"https:\/\/www.facebook.com\/omniquest\" \/>\n<meta property=\"article:published_time\" content=\"2020-03-24T14:09:20+00:00\" \/>\n<meta property=\"article:modified_time\" content=\"2020-03-24T14:09:26+00:00\" \/>\n<meta property=\"og:image\" content=\"https:\/\/www.omniquest.de\/marktforschung-news\/wp-content\/uploads\/2020\/03\/supermarkt_aldi.jpg\" \/>\n\t<meta property=\"og:image:width\" content=\"1920\" \/>\n\t<meta property=\"og:image:height\" content=\"1279\" \/>\n\t<meta property=\"og:image:type\" content=\"image\/jpeg\" \/>\n<meta name=\"author\" content=\"maxkunz\" \/>\n<meta name=\"twitter:card\" content=\"summary_large_image\" \/>\n<meta name=\"twitter:title\" content=\"OmniQuest-Umfrage: 83% stimmen gegen Sonntags\u00f6ffnungen von Superm\u00e4rkten &amp; Co. in Corona-Krise\" \/>\n<meta name=\"twitter:description\" content=\"Nach und nach erlauben Bundesl\u00e4nder Superm\u00e4rkten und anderen Gesch\u00e4ften zur Grundversorgung wegen der Corona-Krise auch sonntags zu \u00f6ffnen. Die gro\u00dfen deutschen ... | 24. M\u00e4rz 2020\" \/>\n<meta name=\"twitter:image\" content=\"https:\/\/www.omniquest.de\/marktforschung-news\/wp-content\/uploads\/2020\/03\/supermarkt_aldi.jpg\" \/>\n<meta name=\"twitter:creator\" content=\"@omniquestbonn\" \/>\n<meta name=\"twitter:site\" content=\"@omniquestbonn\" \/>\n<meta name=\"twitter:label1\" content=\"Verfasst von\" \/>\n\t<meta name=\"twitter:data1\" content=\"maxkunz\" \/>\n\t<meta name=\"twitter:label2\" content=\"Gesch\u00e4tzte Lesezeit\" \/>\n\t<meta name=\"twitter:data2\" content=\"2\u00a0Minuten\" \/>\n<script type=\"application\/ld+json\" class=\"yoast-schema-graph\">{\"@context\":\"https:\/\/schema.org\",\"@graph\":[{\"@type\":\"Article\",\"@id\":\"https:\/\/www.omniquest.de\/marktforschung-news\/aktuelle-umfragen\/wirtschaft\/83-stimmen-gegen-sonntagsoeffnungen-von-supermaerkten-co-in-corona-krise#article\",\"isPartOf\":{\"@id\":\"https:\/\/www.omniquest.de\/marktforschung-news\/aktuelle-umfragen\/wirtschaft\/83-stimmen-gegen-sonntagsoeffnungen-von-supermaerkten-co-in-corona-krise\"},\"author\":{\"name\":\"maxkunz\",\"@id\":\"https:\/\/www.omniquest.de\/marktforschung-news\/#\/schema\/person\/cc5f4802f3fe5782ee50302f6421626f\"},\"headline\":\"83% stimmen gegen Sonntags\u00f6ffnungen von Superm\u00e4rkten &#038; Co. in Corona-Krise\",\"datePublished\":\"2020-03-24T14:09:20+00:00\",\"dateModified\":\"2020-03-24T14:09:26+00:00\",\"mainEntityOfPage\":{\"@id\":\"https:\/\/www.omniquest.de\/marktforschung-news\/aktuelle-umfragen\/wirtschaft\/83-stimmen-gegen-sonntagsoeffnungen-von-supermaerkten-co-in-corona-krise\"},\"wordCount\":332,\"commentCount\":0,\"publisher\":{\"@id\":\"https:\/\/www.omniquest.de\/marktforschung-news\/#organization\"},\"image\":{\"@id\":\"https:\/\/www.omniquest.de\/marktforschung-news\/aktuelle-umfragen\/wirtschaft\/83-stimmen-gegen-sonntagsoeffnungen-von-supermaerkten-co-in-corona-krise#primaryimage\"},\"thumbnailUrl\":\"https:\/\/www.omniquest.de\/marktforschung-news\/wp-content\/uploads\/2020\/03\/supermarkt_aldi.jpg\",\"articleSection\":[\"Wirtschaft\"],\"inLanguage\":\"de\",\"potentialAction\":[{\"@type\":\"CommentAction\",\"name\":\"Comment\",\"target\":[\"https:\/\/www.omniquest.de\/marktforschung-news\/aktuelle-umfragen\/wirtschaft\/83-stimmen-gegen-sonntagsoeffnungen-von-supermaerkten-co-in-corona-krise#respond\"]}]},{\"@type\":\"WebPage\",\"@id\":\"https:\/\/www.omniquest.de\/marktforschung-news\/aktuelle-umfragen\/wirtschaft\/83-stimmen-gegen-sonntagsoeffnungen-von-supermaerkten-co-in-corona-krise\",\"url\":\"https:\/\/www.omniquest.de\/marktforschung-news\/aktuelle-umfragen\/wirtschaft\/83-stimmen-gegen-sonntagsoeffnungen-von-supermaerkten-co-in-corona-krise\",\"name\":\"Corona - Superm\u00e4rkte auch Sonntags \u00f6ffnen? | OmniQuest Umfrage\",\"isPartOf\":{\"@id\":\"https:\/\/www.omniquest.de\/marktforschung-news\/#website\"},\"primaryImageOfPage\":{\"@id\":\"https:\/\/www.omniquest.de\/marktforschung-news\/aktuelle-umfragen\/wirtschaft\/83-stimmen-gegen-sonntagsoeffnungen-von-supermaerkten-co-in-corona-krise#primaryimage\"},\"image\":{\"@id\":\"https:\/\/www.omniquest.de\/marktforschung-news\/aktuelle-umfragen\/wirtschaft\/83-stimmen-gegen-sonntagsoeffnungen-von-supermaerkten-co-in-corona-krise#primaryimage\"},\"thumbnailUrl\":\"https:\/\/www.omniquest.de\/marktforschung-news\/wp-content\/uploads\/2020\/03\/supermarkt_aldi.jpg\",\"datePublished\":\"2020-03-24T14:09:20+00:00\",\"dateModified\":\"2020-03-24T14:09:26+00:00\",\"description\":\"Nach und nach erlauben Bundesl\u00e4nder Superm\u00e4rkten und anderen Gesch\u00e4ften zur Grundversorgung wegen der Corona-Krise auch sonntags zu \u00f6ffnen ...\",\"breadcrumb\":{\"@id\":\"https:\/\/www.omniquest.de\/marktforschung-news\/aktuelle-umfragen\/wirtschaft\/83-stimmen-gegen-sonntagsoeffnungen-von-supermaerkten-co-in-corona-krise#breadcrumb\"},\"inLanguage\":\"de\",\"potentialAction\":[{\"@type\":\"ReadAction\",\"target\":[\"https:\/\/www.omniquest.de\/marktforschung-news\/aktuelle-umfragen\/wirtschaft\/83-stimmen-gegen-sonntagsoeffnungen-von-supermaerkten-co-in-corona-krise\"]}]},{\"@type\":\"ImageObject\",\"inLanguage\":\"de\",\"@id\":\"https:\/\/www.omniquest.de\/marktforschung-news\/aktuelle-umfragen\/wirtschaft\/83-stimmen-gegen-sonntagsoeffnungen-von-supermaerkten-co-in-corona-krise#primaryimage\",\"url\":\"https:\/\/www.omniquest.de\/marktforschung-news\/wp-content\/uploads\/2020\/03\/supermarkt_aldi.jpg\",\"contentUrl\":\"https:\/\/www.omniquest.de\/marktforschung-news\/wp-content\/uploads\/2020\/03\/supermarkt_aldi.jpg\",\"width\":1920,\"height\":1279},{\"@type\":\"BreadcrumbList\",\"@id\":\"https:\/\/www.omniquest.de\/marktforschung-news\/aktuelle-umfragen\/wirtschaft\/83-stimmen-gegen-sonntagsoeffnungen-von-supermaerkten-co-in-corona-krise#breadcrumb\",\"itemListElement\":[{\"@type\":\"ListItem\",\"position\":1,\"name\":\"Startseite\",\"item\":\"https:\/\/www.omniquest.de\/marktforschung-news\"},{\"@type\":\"ListItem\",\"position\":2,\"name\":\"Umfragen\",\"item\":\"https:\/\/www.omniquest.de\/marktforschung-news\/aktuelle-umfragen\"},{\"@type\":\"ListItem\",\"position\":3,\"name\":\"Wirtschaft\",\"item\":\"https:\/\/www.omniquest.de\/marktforschung-news\/aktuelle-umfragen\/wirtschaft\"},{\"@type\":\"ListItem\",\"position\":4,\"name\":\"83% stimmen gegen Sonntags\u00f6ffnungen von Superm\u00e4rkten &#038; Co. in Corona-Krise\"}]},{\"@type\":\"WebSite\",\"@id\":\"https:\/\/www.omniquest.de\/marktforschung-news\/#website\",\"url\":\"https:\/\/www.omniquest.de\/marktforschung-news\/\",\"name\":\"OmniQuest News\",\"description\":\"Das Portal f\u00fcr News aus der Marktforschung\",\"publisher\":{\"@id\":\"https:\/\/www.omniquest.de\/marktforschung-news\/#organization\"},\"potentialAction\":[{\"@type\":\"SearchAction\",\"target\":{\"@type\":\"EntryPoint\",\"urlTemplate\":\"https:\/\/www.omniquest.de\/marktforschung-news\/?s={search_term_string}\"},\"query-input\":{\"@type\":\"PropertyValueSpecification\",\"valueRequired\":true,\"valueName\":\"search_term_string\"}}],\"inLanguage\":\"de\"},{\"@type\":\"Organization\",\"@id\":\"https:\/\/www.omniquest.de\/marktforschung-news\/#organization\",\"name\":\"OmniQuest\",\"url\":\"https:\/\/www.omniquest.de\/marktforschung-news\/\",\"logo\":{\"@type\":\"ImageObject\",\"inLanguage\":\"de\",\"@id\":\"https:\/\/www.omniquest.de\/marktforschung-news\/#\/schema\/logo\/image\/\",\"url\":\"https:\/\/www.omniquest.de\/marktforschung-news\/wp-content\/uploads\/2019\/02\/OmniQuest-Logo_Green.png\",\"contentUrl\":\"https:\/\/www.omniquest.de\/marktforschung-news\/wp-content\/uploads\/2019\/02\/OmniQuest-Logo_Green.png\",\"width\":1000,\"height\":254,\"caption\":\"OmniQuest\"},\"image\":{\"@id\":\"https:\/\/www.omniquest.de\/marktforschung-news\/#\/schema\/logo\/image\/\"},\"sameAs\":[\"https:\/\/www.facebook.com\/omniquest\",\"https:\/\/x.com\/omniquestbonn\"]},{\"@type\":\"Person\",\"@id\":\"https:\/\/www.omniquest.de\/marktforschung-news\/#\/schema\/person\/cc5f4802f3fe5782ee50302f6421626f\",\"name\":\"maxkunz\",\"image\":{\"@type\":\"ImageObject\",\"inLanguage\":\"de\",\"@id\":\"https:\/\/www.omniquest.de\/marktforschung-news\/#\/schema\/person\/image\/\",\"url\":\"https:\/\/secure.gravatar.com\/avatar\/4263acc4a3ce0b258a5f70ea20a3e80c96ef22b12f62637ae28a3eebf4a0f094?s=96&d=mm&r=g\",\"contentUrl\":\"https:\/\/secure.gravatar.com\/avatar\/4263acc4a3ce0b258a5f70ea20a3e80c96ef22b12f62637ae28a3eebf4a0f094?s=96&d=mm&r=g\",\"caption\":\"maxkunz\"}}]}<\/script>\n<!-- \/ Yoast SEO plugin. -->","yoast_head_json":{"title":"Corona - Superm\u00e4rkte auch Sonntags \u00f6ffnen? | OmniQuest Umfrage","description":"Nach und nach erlauben Bundesl\u00e4nder Superm\u00e4rkten und anderen Gesch\u00e4ften zur Grundversorgung wegen der Corona-Krise auch sonntags zu \u00f6ffnen ...","robots":{"index":"index","follow":"follow","max-snippet":"max-snippet:-1","max-image-preview":"max-image-preview:large","max-video-preview":"max-video-preview:-1"},"canonical":"https:\/\/www.omniquest.de\/marktforschung-news\/aktuelle-umfragen\/wirtschaft\/83-stimmen-gegen-sonntagsoeffnungen-von-supermaerkten-co-in-corona-krise","og_locale":"de_DE","og_type":"article","og_title":"OmniQuest-Umfrage: 83% stimmen gegen Sonntags\u00f6ffnungen von Superm\u00e4rkten & Co. in Corona-Krise","og_description":"Nach und nach erlauben Bundesl\u00e4nder Superm\u00e4rkten und anderen Gesch\u00e4ften zur Grundversorgung wegen der Corona-Krise auch sonntags zu \u00f6ffnen. Die gro\u00dfen deutschen ... | 24. M\u00e4rz 2020","og_url":"https:\/\/www.omniquest.de\/marktforschung-news\/aktuelle-umfragen\/wirtschaft\/83-stimmen-gegen-sonntagsoeffnungen-von-supermaerkten-co-in-corona-krise","og_site_name":"OmniQuest News","article_publisher":"https:\/\/www.facebook.com\/omniquest","article_published_time":"2020-03-24T14:09:20+00:00","article_modified_time":"2020-03-24T14:09:26+00:00","og_image":[{"width":1920,"height":1279,"url":"https:\/\/www.omniquest.de\/marktforschung-news\/wp-content\/uploads\/2020\/03\/supermarkt_aldi.jpg","type":"image\/jpeg"}],"author":"maxkunz","twitter_card":"summary_large_image","twitter_title":"OmniQuest-Umfrage: 83% stimmen gegen Sonntags\u00f6ffnungen von Superm\u00e4rkten & Co. in Corona-Krise","twitter_description":"Nach und nach erlauben Bundesl\u00e4nder Superm\u00e4rkten und anderen Gesch\u00e4ften zur Grundversorgung wegen der Corona-Krise auch sonntags zu \u00f6ffnen. Die gro\u00dfen deutschen ... | 24. M\u00e4rz 2020","twitter_image":"https:\/\/www.omniquest.de\/marktforschung-news\/wp-content\/uploads\/2020\/03\/supermarkt_aldi.jpg","twitter_creator":"@omniquestbonn","twitter_site":"@omniquestbonn","twitter_misc":{"Verfasst von":"maxkunz","Gesch\u00e4tzte Lesezeit":"2\u00a0Minuten"},"schema":{"@context":"https:\/\/schema.org","@graph":[{"@type":"Article","@id":"https:\/\/www.omniquest.de\/marktforschung-news\/aktuelle-umfragen\/wirtschaft\/83-stimmen-gegen-sonntagsoeffnungen-von-supermaerkten-co-in-corona-krise#article","isPartOf":{"@id":"https:\/\/www.omniquest.de\/marktforschung-news\/aktuelle-umfragen\/wirtschaft\/83-stimmen-gegen-sonntagsoeffnungen-von-supermaerkten-co-in-corona-krise"},"author":{"name":"maxkunz","@id":"https:\/\/www.omniquest.de\/marktforschung-news\/#\/schema\/person\/cc5f4802f3fe5782ee50302f6421626f"},"headline":"83% stimmen gegen Sonntags\u00f6ffnungen von Superm\u00e4rkten &#038; Co. in Corona-Krise","datePublished":"2020-03-24T14:09:20+00:00","dateModified":"2020-03-24T14:09:26+00:00","mainEntityOfPage":{"@id":"https:\/\/www.omniquest.de\/marktforschung-news\/aktuelle-umfragen\/wirtschaft\/83-stimmen-gegen-sonntagsoeffnungen-von-supermaerkten-co-in-corona-krise"},"wordCount":332,"commentCount":0,"publisher":{"@id":"https:\/\/www.omniquest.de\/marktforschung-news\/#organization"},"image":{"@id":"https:\/\/www.omniquest.de\/marktforschung-news\/aktuelle-umfragen\/wirtschaft\/83-stimmen-gegen-sonntagsoeffnungen-von-supermaerkten-co-in-corona-krise#primaryimage"},"thumbnailUrl":"https:\/\/www.omniquest.de\/marktforschung-news\/wp-content\/uploads\/2020\/03\/supermarkt_aldi.jpg","articleSection":["Wirtschaft"],"inLanguage":"de","potentialAction":[{"@type":"CommentAction","name":"Comment","target":["https:\/\/www.omniquest.de\/marktforschung-news\/aktuelle-umfragen\/wirtschaft\/83-stimmen-gegen-sonntagsoeffnungen-von-supermaerkten-co-in-corona-krise#respond"]}]},{"@type":"WebPage","@id":"https:\/\/www.omniquest.de\/marktforschung-news\/aktuelle-umfragen\/wirtschaft\/83-stimmen-gegen-sonntagsoeffnungen-von-supermaerkten-co-in-corona-krise","url":"https:\/\/www.omniquest.de\/marktforschung-news\/aktuelle-umfragen\/wirtschaft\/83-stimmen-gegen-sonntagsoeffnungen-von-supermaerkten-co-in-corona-krise","name":"Corona - Superm\u00e4rkte auch Sonntags \u00f6ffnen? | OmniQuest Umfrage","isPartOf":{"@id":"https:\/\/www.omniquest.de\/marktforschung-news\/#website"},"primaryImageOfPage":{"@id":"https:\/\/www.omniquest.de\/marktforschung-news\/aktuelle-umfragen\/wirtschaft\/83-stimmen-gegen-sonntagsoeffnungen-von-supermaerkten-co-in-corona-krise#primaryimage"},"image":{"@id":"https:\/\/www.omniquest.de\/marktforschung-news\/aktuelle-umfragen\/wirtschaft\/83-stimmen-gegen-sonntagsoeffnungen-von-supermaerkten-co-in-corona-krise#primaryimage"},"thumbnailUrl":"https:\/\/www.omniquest.de\/marktforschung-news\/wp-content\/uploads\/2020\/03\/supermarkt_aldi.jpg","datePublished":"2020-03-24T14:09:20+00:00","dateModified":"2020-03-24T14:09:26+00:00","description":"Nach und nach erlauben Bundesl\u00e4nder Superm\u00e4rkten und anderen Gesch\u00e4ften zur Grundversorgung wegen der Corona-Krise auch sonntags zu \u00f6ffnen ...","breadcrumb":{"@id":"https:\/\/www.omniquest.de\/marktforschung-news\/aktuelle-umfragen\/wirtschaft\/83-stimmen-gegen-sonntagsoeffnungen-von-supermaerkten-co-in-corona-krise#breadcrumb"},"inLanguage":"de","potentialAction":[{"@type":"ReadAction","target":["https:\/\/www.omniquest.de\/marktforschung-news\/aktuelle-umfragen\/wirtschaft\/83-stimmen-gegen-sonntagsoeffnungen-von-supermaerkten-co-in-corona-krise"]}]},{"@type":"ImageObject","inLanguage":"de","@id":"https:\/\/www.omniquest.de\/marktforschung-news\/aktuelle-umfragen\/wirtschaft\/83-stimmen-gegen-sonntagsoeffnungen-von-supermaerkten-co-in-corona-krise#primaryimage","url":"https:\/\/www.omniquest.de\/marktforschung-news\/wp-content\/uploads\/2020\/03\/supermarkt_aldi.jpg","contentUrl":"https:\/\/www.omniquest.de\/marktforschung-news\/wp-content\/uploads\/2020\/03\/supermarkt_aldi.jpg","width":1920,"height":1279},{"@type":"BreadcrumbList","@id":"https:\/\/www.omniquest.de\/marktforschung-news\/aktuelle-umfragen\/wirtschaft\/83-stimmen-gegen-sonntagsoeffnungen-von-supermaerkten-co-in-corona-krise#breadcrumb","itemListElement":[{"@type":"ListItem","position":1,"name":"Startseite","item":"https:\/\/www.omniquest.de\/marktforschung-news"},{"@type":"ListItem","position":2,"name":"Umfragen","item":"https:\/\/www.omniquest.de\/marktforschung-news\/aktuelle-umfragen"},{"@type":"ListItem","position":3,"name":"Wirtschaft","item":"https:\/\/www.omniquest.de\/marktforschung-news\/aktuelle-umfragen\/wirtschaft"},{"@type":"ListItem","position":4,"name":"83% stimmen gegen Sonntags\u00f6ffnungen von Superm\u00e4rkten &#038; Co. in Corona-Krise"}]},{"@type":"WebSite","@id":"https:\/\/www.omniquest.de\/marktforschung-news\/#website","url":"https:\/\/www.omniquest.de\/marktforschung-news\/","name":"OmniQuest News","description":"Das Portal f\u00fcr News aus der Marktforschung","publisher":{"@id":"https:\/\/www.omniquest.de\/marktforschung-news\/#organization"},"potentialAction":[{"@type":"SearchAction","target":{"@type":"EntryPoint","urlTemplate":"https:\/\/www.omniquest.de\/marktforschung-news\/?s={search_term_string}"},"query-input":{"@type":"PropertyValueSpecification","valueRequired":true,"valueName":"search_term_string"}}],"inLanguage":"de"},{"@type":"Organization","@id":"https:\/\/www.omniquest.de\/marktforschung-news\/#organization","name":"OmniQuest","url":"https:\/\/www.omniquest.de\/marktforschung-news\/","logo":{"@type":"ImageObject","inLanguage":"de","@id":"https:\/\/www.omniquest.de\/marktforschung-news\/#\/schema\/logo\/image\/","url":"https:\/\/www.omniquest.de\/marktforschung-news\/wp-content\/uploads\/2019\/02\/OmniQuest-Logo_Green.png","contentUrl":"https:\/\/www.omniquest.de\/marktforschung-news\/wp-content\/uploads\/2019\/02\/OmniQuest-Logo_Green.png","width":1000,"height":254,"caption":"OmniQuest"},"image":{"@id":"https:\/\/www.omniquest.de\/marktforschung-news\/#\/schema\/logo\/image\/"},"sameAs":["https:\/\/www.facebook.com\/omniquest","https:\/\/x.com\/omniquestbonn"]},{"@type":"Person","@id":"https:\/\/www.omniquest.de\/marktforschung-news\/#\/schema\/person\/cc5f4802f3fe5782ee50302f6421626f","name":"maxkunz","image":{"@type":"ImageObject","inLanguage":"de","@id":"https:\/\/www.omniquest.de\/marktforschung-news\/#\/schema\/person\/image\/","url":"https:\/\/secure.gravatar.com\/avatar\/4263acc4a3ce0b258a5f70ea20a3e80c96ef22b12f62637ae28a3eebf4a0f094?s=96&d=mm&r=g","contentUrl":"https:\/\/secure.gravatar.com\/avatar\/4263acc4a3ce0b258a5f70ea20a3e80c96ef22b12f62637ae28a3eebf4a0f094?s=96&d=mm&r=g","caption":"maxkunz"}}]}},"_links":{"self":[{"href":"https:\/\/www.omniquest.de\/marktforschung-news\/wp-json\/wp\/v2\/posts\/36919","targetHints":{"allow":["GET"]}}],"collection":[{"href":"https:\/\/www.omniquest.de\/marktforschung-news\/wp-json\/wp\/v2\/posts"}],"about":[{"href":"https:\/\/www.omniquest.de\/marktforschung-news\/wp-json\/wp\/v2\/types\/post"}],"author":[{"embeddable":true,"href":"https:\/\/www.omniquest.de\/marktforschung-news\/wp-json\/wp\/v2\/users\/1"}],"replies":[{"embeddable":true,"href":"https:\/\/www.omniquest.de\/marktforschung-news\/wp-json\/wp\/v2\/comments?post=36919"}],"version-history":[{"count":2,"href":"https:\/\/www.omniquest.de\/marktforschung-news\/wp-json\/wp\/v2\/posts\/36919\/revisions"}],"predecessor-version":[{"id":36923,"href":"https:\/\/www.omniquest.de\/marktforschung-news\/wp-json\/wp\/v2\/posts\/36919\/revisions\/36923"}],"wp:featuredmedia":[{"embeddable":true,"href":"https:\/\/www.omniquest.de\/marktforschung-news\/wp-json\/wp\/v2\/media\/36922"}],"wp:attachment":[{"href":"https:\/\/www.omniquest.de\/marktforschung-news\/wp-json\/wp\/v2\/media?parent=36919"}],"wp:term":[{"taxonomy":"category","embeddable":true,"href":"https:\/\/www.omniquest.de\/marktforschung-news\/wp-json\/wp\/v2\/categories?post=36919"},{"taxonomy":"post_tag","embeddable":true,"href":"https:\/\/www.omniquest.de\/marktforschung-news\/wp-json\/wp\/v2\/tags?post=36919"}],"curies":[{"name":"wp","href":"https:\/\/api.w.org\/{rel}","templated":true}]}}