{"id":37682,"date":"2021-01-15T09:24:11","date_gmt":"2021-01-15T08:24:11","guid":{"rendered":"https:\/\/www.omniquest.de\/marktforschung-news\/?p=37682"},"modified":"2021-01-15T09:24:15","modified_gmt":"2021-01-15T08:24:15","slug":"72-befuerworten-twitter-sperrung-von-donald-trump","status":"publish","type":"post","link":"https:\/\/www.omniquest.de\/marktforschung-news\/aktuelle-umfragen\/politik\/72-befuerworten-twitter-sperrung-von-donald-trump","title":{"rendered":"72% bef\u00fcrworten Twitter-Sperrung von Donald Trump"},"content":{"rendered":"<p>[et_pb_section fb_built=&#8220;1&#8243; _builder_version=&#8220;3.22&#8243;][et_pb_row _builder_version=&#8220;3.25&#8243; background_size=&#8220;initial&#8220; background_position=&#8220;top_left&#8220; background_repeat=&#8220;repeat&#8220;][et_pb_column type=&#8220;4_4&#8243; _builder_version=&#8220;3.25&#8243; custom_padding=&#8220;|||&#8220; custom_padding__hover=&#8220;|||&#8220;][et_pb_text admin_label=&#8220;Fragetext&#8220; _builder_version=&#8220;4.7.7&#8243; hover_enabled=&#8220;0&#8243; border_style=&#8220;solid&#8220; sticky_enabled=&#8220;0&#8243;]Mit dem Verweis auf die Unruhen im Kapitol der Vereinigten Staaten sperrt der Onlinedienst Twitter den Account des scheidenden US-Pr\u00e4sidenten Donald Trump. Der russische Oppositionspolitiker Alexej Nawalny verurteilt diesen Schritt als \u201einakzeptablen Akt der Zensur\u201c und kritisiert, die Sperrung sei vor allem politisch motiviert und lie\u00dfe sich nicht mit einem Versto\u00df der Twitter-Regeln begr\u00fcnden. Bundeskanzlerin Angela Merkel (CDU) h\u00e4lt die Sperrung f\u00fcr problematisch und sieht es als Eingriff in das Grundrecht auf Meinungs\u00e4u\u00dferung. Wie ist Ihre Meinung zur Sperrung von Trumps Twitter-Account?[\/et_pb_text][et_pb_counters bar_bg_color=&#8220;#38b400&#8243; _builder_version=&#8220;4.7.7&#8243; hover_enabled=&#8220;0&#8243; border_style=&#8220;solid&#8220; border_radius=&#8220;0&#8243; sticky_enabled=&#8220;0&#8243;][et_pb_counter percent=&#8220;72&#8243; _builder_version=&#8220;4.7.7&#8243; title_font=&#8220;||||&#8220; percent_font=&#8220;||||&#8220; hover_enabled=&#8220;0&#8243; background_enable_color_default=&#8220;on&#8220; parallax_default=&#8220;off&#8220; parallax_method_default=&#8220;on&#8220; bar_background_color_default=&#8220;#38b400&#8243; use_percentages=&#8220;on&#8220; border_radius=&#8220;0&#8243; allow_player_pause_default=&#8220;off&#8220; sticky_enabled=&#8220;0&#8243;]<\/p>\n<p>Bef\u00fcrworte ich<\/p>\n<p>[\/et_pb_counter][et_pb_counter percent=&#8220;20&#8243; _builder_version=&#8220;4.7.7&#8243; title_font=&#8220;||||&#8220; percent_font=&#8220;||||&#8220; hover_enabled=&#8220;0&#8243; background_enable_color_default=&#8220;on&#8220; parallax_default=&#8220;off&#8220; parallax_method_default=&#8220;on&#8220; bar_background_color_default=&#8220;#38b400&#8243; use_percentages=&#8220;on&#8220; border_radius=&#8220;0&#8243; allow_player_pause_default=&#8220;off&#8220; sticky_enabled=&#8220;0&#8243;]<\/p>\n<p>Lehne ich ab<\/p>\n<p>[\/et_pb_counter][et_pb_counter percent=&#8220;8&#8243; _builder_version=&#8220;4.7.7&#8243; title_font=&#8220;||||&#8220; percent_font=&#8220;||||&#8220; hover_enabled=&#8220;0&#8243; background_enable_color_default=&#8220;on&#8220; parallax_default=&#8220;off&#8220; parallax_method_default=&#8220;on&#8220; bar_background_color_default=&#8220;#38b400&#8243; use_percentages=&#8220;on&#8220; border_radius=&#8220;0&#8243; allow_player_pause_default=&#8220;off&#8220; sticky_enabled=&#8220;0&#8243;]Bin mir nicht sicher[\/et_pb_counter][\/et_pb_counters][et_pb_text _builder_version=&#8220;4.7.7&#8243; hover_enabled=&#8220;0&#8243; border_style=&#8220;solid&#8220; sticky_enabled=&#8220;0&#8243;]<\/p>\n<p>459 Teilnehmer<\/p>\n<p>Erhebungszeitraum: 11.01.2021 \u2013 15.01.2021<\/p>\n<p><span style=\"color: #ff8b00;\">Der Quick Poll ist ein Instrument zur kurzfristigen Trendmessung unter beliebigen Teilnehmern aus dem <a class=\"news_beitrag_link\" href=\"http:\/\/www.omniquest.de\/omnipanel\">OmniPanel<\/a> und beansprucht keine <a class=\"news_beitrag_link\" href=\"http:\/\/www.omniquest.de\/repraesentativitaet\">Repr\u00e4sentativit\u00e4t<\/a> f\u00fcr sich.<\/span><\/p>\n<p>[\/et_pb_text][\/et_pb_column][\/et_pb_row][\/et_pb_section]<\/p>\n","protected":false},"excerpt":{"rendered":"<p>Mit dem Verweis auf die Unruhen im Kapitol der Vereinigten Staaten sperrt der Onlinedienst Twitter den Account des scheidenden US-Pr\u00e4sidenten Donald Trump. Der russische Oppositionspolitiker Alexej Nawalny verurteilt diesen Schritt als \u201einakzeptablen Akt der Zensur\u201c und kritisiert, die Sperrung sei vor allem politisch motiviert und lie\u00dfe sich nicht mit einem Versto\u00df der Twitter-Regeln begr\u00fcnden. Bundeskanzlerin [&hellip;]<\/p>\n","protected":false},"author":1,"featured_media":37685,"comment_status":"open","ping_status":"open","sticky":false,"template":"","format":"standard","meta":{"_et_pb_use_builder":"on","_et_pb_old_content":"","_et_gb_content_width":"","footnotes":""},"categories":[17],"tags":[],"class_list":["post-37682","post","type-post","status-publish","format-standard","has-post-thumbnail","hentry","category-politik","et-has-post-format-content","et_post_format-et-post-format-standard"],"yoast_head":"<!-- This site is optimized with the Yoast SEO plugin v26.1.1 - https:\/\/yoast.com\/wordpress\/plugins\/seo\/ -->\n<title>Trumps Twitter-Sperre | OmniQuest Umfrage<\/title>\n<meta name=\"description\" content=\"Mit dem Verweis auf die Unruhen im Kapitol der Vereinigten Staaten sperrt der Onlinedienst Twitter den Account des scheidenden US-Pr\u00e4sidenten ...\" \/>\n<meta name=\"robots\" content=\"index, follow, max-snippet:-1, max-image-preview:large, max-video-preview:-1\" \/>\n<link rel=\"canonical\" href=\"https:\/\/www.omniquest.de\/marktforschung-news\/aktuelle-umfragen\/politik\/72-befuerworten-twitter-sperrung-von-donald-trump\" \/>\n<meta property=\"og:locale\" content=\"de_DE\" \/>\n<meta property=\"og:type\" content=\"article\" \/>\n<meta property=\"og:title\" content=\"OmniQuest-Umfrage: 72% bef\u00fcrworten Twitter-Sperrung von Donald Trump\" \/>\n<meta property=\"og:description\" content=\"Mit dem Verweis auf die Unruhen im Kapitol der Vereinigten Staaten sperrt der Onlinedienst Twitter den Account des scheidenden US-Pr\u00e4sidenten Donald Trump ... | 15. Januar 2021\" \/>\n<meta property=\"og:url\" content=\"https:\/\/www.omniquest.de\/marktforschung-news\/aktuelle-umfragen\/politik\/72-befuerworten-twitter-sperrung-von-donald-trump\" \/>\n<meta property=\"og:site_name\" content=\"OmniQuest News\" \/>\n<meta property=\"article:publisher\" content=\"https:\/\/www.facebook.com\/omniquest\" \/>\n<meta property=\"article:published_time\" content=\"2021-01-15T08:24:11+00:00\" \/>\n<meta property=\"article:modified_time\" content=\"2021-01-15T08:24:15+00:00\" \/>\n<meta property=\"og:image\" content=\"https:\/\/www.omniquest.de\/marktforschung-news\/wp-content\/uploads\/2021\/01\/twitter.jpg\" \/>\n\t<meta property=\"og:image:width\" content=\"1920\" \/>\n\t<meta property=\"og:image:height\" content=\"1280\" \/>\n\t<meta property=\"og:image:type\" content=\"image\/jpeg\" \/>\n<meta name=\"author\" content=\"maxkunz\" \/>\n<meta name=\"twitter:card\" content=\"summary_large_image\" \/>\n<meta name=\"twitter:title\" content=\"OmniQuest-Umfrage: 72% bef\u00fcrworten Twitter-Sperrung von Donald Trump\" \/>\n<meta name=\"twitter:description\" content=\"Mit dem Verweis auf die Unruhen im Kapitol der Vereinigten Staaten sperrt der Onlinedienst Twitter den Account des scheidenden US-Pr\u00e4sidenten Donald Trump ... | 15. Januar 2021\" \/>\n<meta name=\"twitter:image\" content=\"https:\/\/www.omniquest.de\/marktforschung-news\/wp-content\/uploads\/2021\/01\/twitter.jpg\" \/>\n<meta name=\"twitter:creator\" content=\"@omniquestbonn\" \/>\n<meta name=\"twitter:site\" content=\"@omniquestbonn\" \/>\n<meta name=\"twitter:label1\" content=\"Verfasst von\" \/>\n\t<meta name=\"twitter:data1\" content=\"maxkunz\" \/>\n\t<meta name=\"twitter:label2\" content=\"Gesch\u00e4tzte Lesezeit\" \/>\n\t<meta name=\"twitter:data2\" content=\"2\u00a0Minuten\" \/>\n<script type=\"application\/ld+json\" class=\"yoast-schema-graph\">{\"@context\":\"https:\/\/schema.org\",\"@graph\":[{\"@type\":\"Article\",\"@id\":\"https:\/\/www.omniquest.de\/marktforschung-news\/aktuelle-umfragen\/politik\/72-befuerworten-twitter-sperrung-von-donald-trump#article\",\"isPartOf\":{\"@id\":\"https:\/\/www.omniquest.de\/marktforschung-news\/aktuelle-umfragen\/politik\/72-befuerworten-twitter-sperrung-von-donald-trump\"},\"author\":{\"name\":\"maxkunz\",\"@id\":\"https:\/\/www.omniquest.de\/marktforschung-news\/#\/schema\/person\/cc5f4802f3fe5782ee50302f6421626f\"},\"headline\":\"72% bef\u00fcrworten Twitter-Sperrung von Donald Trump\",\"datePublished\":\"2021-01-15T08:24:11+00:00\",\"dateModified\":\"2021-01-15T08:24:15+00:00\",\"mainEntityOfPage\":{\"@id\":\"https:\/\/www.omniquest.de\/marktforschung-news\/aktuelle-umfragen\/politik\/72-befuerworten-twitter-sperrung-von-donald-trump\"},\"wordCount\":359,\"commentCount\":0,\"publisher\":{\"@id\":\"https:\/\/www.omniquest.de\/marktforschung-news\/#organization\"},\"image\":{\"@id\":\"https:\/\/www.omniquest.de\/marktforschung-news\/aktuelle-umfragen\/politik\/72-befuerworten-twitter-sperrung-von-donald-trump#primaryimage\"},\"thumbnailUrl\":\"https:\/\/www.omniquest.de\/marktforschung-news\/wp-content\/uploads\/2021\/01\/twitter.jpg\",\"articleSection\":[\"Politik\"],\"inLanguage\":\"de\",\"potentialAction\":[{\"@type\":\"CommentAction\",\"name\":\"Comment\",\"target\":[\"https:\/\/www.omniquest.de\/marktforschung-news\/aktuelle-umfragen\/politik\/72-befuerworten-twitter-sperrung-von-donald-trump#respond\"]}]},{\"@type\":\"WebPage\",\"@id\":\"https:\/\/www.omniquest.de\/marktforschung-news\/aktuelle-umfragen\/politik\/72-befuerworten-twitter-sperrung-von-donald-trump\",\"url\":\"https:\/\/www.omniquest.de\/marktforschung-news\/aktuelle-umfragen\/politik\/72-befuerworten-twitter-sperrung-von-donald-trump\",\"name\":\"Trumps Twitter-Sperre | OmniQuest Umfrage\",\"isPartOf\":{\"@id\":\"https:\/\/www.omniquest.de\/marktforschung-news\/#website\"},\"primaryImageOfPage\":{\"@id\":\"https:\/\/www.omniquest.de\/marktforschung-news\/aktuelle-umfragen\/politik\/72-befuerworten-twitter-sperrung-von-donald-trump#primaryimage\"},\"image\":{\"@id\":\"https:\/\/www.omniquest.de\/marktforschung-news\/aktuelle-umfragen\/politik\/72-befuerworten-twitter-sperrung-von-donald-trump#primaryimage\"},\"thumbnailUrl\":\"https:\/\/www.omniquest.de\/marktforschung-news\/wp-content\/uploads\/2021\/01\/twitter.jpg\",\"datePublished\":\"2021-01-15T08:24:11+00:00\",\"dateModified\":\"2021-01-15T08:24:15+00:00\",\"description\":\"Mit dem Verweis auf die Unruhen im Kapitol der Vereinigten Staaten sperrt der Onlinedienst Twitter den Account des scheidenden US-Pr\u00e4sidenten ...\",\"breadcrumb\":{\"@id\":\"https:\/\/www.omniquest.de\/marktforschung-news\/aktuelle-umfragen\/politik\/72-befuerworten-twitter-sperrung-von-donald-trump#breadcrumb\"},\"inLanguage\":\"de\",\"potentialAction\":[{\"@type\":\"ReadAction\",\"target\":[\"https:\/\/www.omniquest.de\/marktforschung-news\/aktuelle-umfragen\/politik\/72-befuerworten-twitter-sperrung-von-donald-trump\"]}]},{\"@type\":\"ImageObject\",\"inLanguage\":\"de\",\"@id\":\"https:\/\/www.omniquest.de\/marktforschung-news\/aktuelle-umfragen\/politik\/72-befuerworten-twitter-sperrung-von-donald-trump#primaryimage\",\"url\":\"https:\/\/www.omniquest.de\/marktforschung-news\/wp-content\/uploads\/2021\/01\/twitter.jpg\",\"contentUrl\":\"https:\/\/www.omniquest.de\/marktforschung-news\/wp-content\/uploads\/2021\/01\/twitter.jpg\",\"width\":1920,\"height\":1280},{\"@type\":\"BreadcrumbList\",\"@id\":\"https:\/\/www.omniquest.de\/marktforschung-news\/aktuelle-umfragen\/politik\/72-befuerworten-twitter-sperrung-von-donald-trump#breadcrumb\",\"itemListElement\":[{\"@type\":\"ListItem\",\"position\":1,\"name\":\"Startseite\",\"item\":\"https:\/\/www.omniquest.de\/marktforschung-news\"},{\"@type\":\"ListItem\",\"position\":2,\"name\":\"Umfragen\",\"item\":\"https:\/\/www.omniquest.de\/marktforschung-news\/aktuelle-umfragen\"},{\"@type\":\"ListItem\",\"position\":3,\"name\":\"Politik\",\"item\":\"https:\/\/www.omniquest.de\/marktforschung-news\/aktuelle-umfragen\/politik\"},{\"@type\":\"ListItem\",\"position\":4,\"name\":\"72% bef\u00fcrworten Twitter-Sperrung von Donald Trump\"}]},{\"@type\":\"WebSite\",\"@id\":\"https:\/\/www.omniquest.de\/marktforschung-news\/#website\",\"url\":\"https:\/\/www.omniquest.de\/marktforschung-news\/\",\"name\":\"OmniQuest News\",\"description\":\"Das Portal f\u00fcr News aus der Marktforschung\",\"publisher\":{\"@id\":\"https:\/\/www.omniquest.de\/marktforschung-news\/#organization\"},\"potentialAction\":[{\"@type\":\"SearchAction\",\"target\":{\"@type\":\"EntryPoint\",\"urlTemplate\":\"https:\/\/www.omniquest.de\/marktforschung-news\/?s={search_term_string}\"},\"query-input\":{\"@type\":\"PropertyValueSpecification\",\"valueRequired\":true,\"valueName\":\"search_term_string\"}}],\"inLanguage\":\"de\"},{\"@type\":\"Organization\",\"@id\":\"https:\/\/www.omniquest.de\/marktforschung-news\/#organization\",\"name\":\"OmniQuest\",\"url\":\"https:\/\/www.omniquest.de\/marktforschung-news\/\",\"logo\":{\"@type\":\"ImageObject\",\"inLanguage\":\"de\",\"@id\":\"https:\/\/www.omniquest.de\/marktforschung-news\/#\/schema\/logo\/image\/\",\"url\":\"https:\/\/www.omniquest.de\/marktforschung-news\/wp-content\/uploads\/2019\/02\/OmniQuest-Logo_Green.png\",\"contentUrl\":\"https:\/\/www.omniquest.de\/marktforschung-news\/wp-content\/uploads\/2019\/02\/OmniQuest-Logo_Green.png\",\"width\":1000,\"height\":254,\"caption\":\"OmniQuest\"},\"image\":{\"@id\":\"https:\/\/www.omniquest.de\/marktforschung-news\/#\/schema\/logo\/image\/\"},\"sameAs\":[\"https:\/\/www.facebook.com\/omniquest\",\"https:\/\/x.com\/omniquestbonn\"]},{\"@type\":\"Person\",\"@id\":\"https:\/\/www.omniquest.de\/marktforschung-news\/#\/schema\/person\/cc5f4802f3fe5782ee50302f6421626f\",\"name\":\"maxkunz\",\"image\":{\"@type\":\"ImageObject\",\"inLanguage\":\"de\",\"@id\":\"https:\/\/www.omniquest.de\/marktforschung-news\/#\/schema\/person\/image\/\",\"url\":\"https:\/\/secure.gravatar.com\/avatar\/4263acc4a3ce0b258a5f70ea20a3e80c96ef22b12f62637ae28a3eebf4a0f094?s=96&d=mm&r=g\",\"contentUrl\":\"https:\/\/secure.gravatar.com\/avatar\/4263acc4a3ce0b258a5f70ea20a3e80c96ef22b12f62637ae28a3eebf4a0f094?s=96&d=mm&r=g\",\"caption\":\"maxkunz\"}}]}<\/script>\n<!-- \/ Yoast SEO plugin. -->","yoast_head_json":{"title":"Trumps Twitter-Sperre | OmniQuest Umfrage","description":"Mit dem Verweis auf die Unruhen im Kapitol der Vereinigten Staaten sperrt der Onlinedienst Twitter den Account des scheidenden US-Pr\u00e4sidenten ...","robots":{"index":"index","follow":"follow","max-snippet":"max-snippet:-1","max-image-preview":"max-image-preview:large","max-video-preview":"max-video-preview:-1"},"canonical":"https:\/\/www.omniquest.de\/marktforschung-news\/aktuelle-umfragen\/politik\/72-befuerworten-twitter-sperrung-von-donald-trump","og_locale":"de_DE","og_type":"article","og_title":"OmniQuest-Umfrage: 72% bef\u00fcrworten Twitter-Sperrung von Donald Trump","og_description":"Mit dem Verweis auf die Unruhen im Kapitol der Vereinigten Staaten sperrt der Onlinedienst Twitter den Account des scheidenden US-Pr\u00e4sidenten Donald Trump ... | 15. Januar 2021","og_url":"https:\/\/www.omniquest.de\/marktforschung-news\/aktuelle-umfragen\/politik\/72-befuerworten-twitter-sperrung-von-donald-trump","og_site_name":"OmniQuest News","article_publisher":"https:\/\/www.facebook.com\/omniquest","article_published_time":"2021-01-15T08:24:11+00:00","article_modified_time":"2021-01-15T08:24:15+00:00","og_image":[{"width":1920,"height":1280,"url":"https:\/\/www.omniquest.de\/marktforschung-news\/wp-content\/uploads\/2021\/01\/twitter.jpg","type":"image\/jpeg"}],"author":"maxkunz","twitter_card":"summary_large_image","twitter_title":"OmniQuest-Umfrage: 72% bef\u00fcrworten Twitter-Sperrung von Donald Trump","twitter_description":"Mit dem Verweis auf die Unruhen im Kapitol der Vereinigten Staaten sperrt der Onlinedienst Twitter den Account des scheidenden US-Pr\u00e4sidenten Donald Trump ... | 15. Januar 2021","twitter_image":"https:\/\/www.omniquest.de\/marktforschung-news\/wp-content\/uploads\/2021\/01\/twitter.jpg","twitter_creator":"@omniquestbonn","twitter_site":"@omniquestbonn","twitter_misc":{"Verfasst von":"maxkunz","Gesch\u00e4tzte Lesezeit":"2\u00a0Minuten"},"schema":{"@context":"https:\/\/schema.org","@graph":[{"@type":"Article","@id":"https:\/\/www.omniquest.de\/marktforschung-news\/aktuelle-umfragen\/politik\/72-befuerworten-twitter-sperrung-von-donald-trump#article","isPartOf":{"@id":"https:\/\/www.omniquest.de\/marktforschung-news\/aktuelle-umfragen\/politik\/72-befuerworten-twitter-sperrung-von-donald-trump"},"author":{"name":"maxkunz","@id":"https:\/\/www.omniquest.de\/marktforschung-news\/#\/schema\/person\/cc5f4802f3fe5782ee50302f6421626f"},"headline":"72% bef\u00fcrworten Twitter-Sperrung von Donald Trump","datePublished":"2021-01-15T08:24:11+00:00","dateModified":"2021-01-15T08:24:15+00:00","mainEntityOfPage":{"@id":"https:\/\/www.omniquest.de\/marktforschung-news\/aktuelle-umfragen\/politik\/72-befuerworten-twitter-sperrung-von-donald-trump"},"wordCount":359,"commentCount":0,"publisher":{"@id":"https:\/\/www.omniquest.de\/marktforschung-news\/#organization"},"image":{"@id":"https:\/\/www.omniquest.de\/marktforschung-news\/aktuelle-umfragen\/politik\/72-befuerworten-twitter-sperrung-von-donald-trump#primaryimage"},"thumbnailUrl":"https:\/\/www.omniquest.de\/marktforschung-news\/wp-content\/uploads\/2021\/01\/twitter.jpg","articleSection":["Politik"],"inLanguage":"de","potentialAction":[{"@type":"CommentAction","name":"Comment","target":["https:\/\/www.omniquest.de\/marktforschung-news\/aktuelle-umfragen\/politik\/72-befuerworten-twitter-sperrung-von-donald-trump#respond"]}]},{"@type":"WebPage","@id":"https:\/\/www.omniquest.de\/marktforschung-news\/aktuelle-umfragen\/politik\/72-befuerworten-twitter-sperrung-von-donald-trump","url":"https:\/\/www.omniquest.de\/marktforschung-news\/aktuelle-umfragen\/politik\/72-befuerworten-twitter-sperrung-von-donald-trump","name":"Trumps Twitter-Sperre | OmniQuest Umfrage","isPartOf":{"@id":"https:\/\/www.omniquest.de\/marktforschung-news\/#website"},"primaryImageOfPage":{"@id":"https:\/\/www.omniquest.de\/marktforschung-news\/aktuelle-umfragen\/politik\/72-befuerworten-twitter-sperrung-von-donald-trump#primaryimage"},"image":{"@id":"https:\/\/www.omniquest.de\/marktforschung-news\/aktuelle-umfragen\/politik\/72-befuerworten-twitter-sperrung-von-donald-trump#primaryimage"},"thumbnailUrl":"https:\/\/www.omniquest.de\/marktforschung-news\/wp-content\/uploads\/2021\/01\/twitter.jpg","datePublished":"2021-01-15T08:24:11+00:00","dateModified":"2021-01-15T08:24:15+00:00","description":"Mit dem Verweis auf die Unruhen im Kapitol der Vereinigten Staaten sperrt der Onlinedienst Twitter den Account des scheidenden US-Pr\u00e4sidenten ...","breadcrumb":{"@id":"https:\/\/www.omniquest.de\/marktforschung-news\/aktuelle-umfragen\/politik\/72-befuerworten-twitter-sperrung-von-donald-trump#breadcrumb"},"inLanguage":"de","potentialAction":[{"@type":"ReadAction","target":["https:\/\/www.omniquest.de\/marktforschung-news\/aktuelle-umfragen\/politik\/72-befuerworten-twitter-sperrung-von-donald-trump"]}]},{"@type":"ImageObject","inLanguage":"de","@id":"https:\/\/www.omniquest.de\/marktforschung-news\/aktuelle-umfragen\/politik\/72-befuerworten-twitter-sperrung-von-donald-trump#primaryimage","url":"https:\/\/www.omniquest.de\/marktforschung-news\/wp-content\/uploads\/2021\/01\/twitter.jpg","contentUrl":"https:\/\/www.omniquest.de\/marktforschung-news\/wp-content\/uploads\/2021\/01\/twitter.jpg","width":1920,"height":1280},{"@type":"BreadcrumbList","@id":"https:\/\/www.omniquest.de\/marktforschung-news\/aktuelle-umfragen\/politik\/72-befuerworten-twitter-sperrung-von-donald-trump#breadcrumb","itemListElement":[{"@type":"ListItem","position":1,"name":"Startseite","item":"https:\/\/www.omniquest.de\/marktforschung-news"},{"@type":"ListItem","position":2,"name":"Umfragen","item":"https:\/\/www.omniquest.de\/marktforschung-news\/aktuelle-umfragen"},{"@type":"ListItem","position":3,"name":"Politik","item":"https:\/\/www.omniquest.de\/marktforschung-news\/aktuelle-umfragen\/politik"},{"@type":"ListItem","position":4,"name":"72% bef\u00fcrworten Twitter-Sperrung von Donald Trump"}]},{"@type":"WebSite","@id":"https:\/\/www.omniquest.de\/marktforschung-news\/#website","url":"https:\/\/www.omniquest.de\/marktforschung-news\/","name":"OmniQuest News","description":"Das Portal f\u00fcr News aus der Marktforschung","publisher":{"@id":"https:\/\/www.omniquest.de\/marktforschung-news\/#organization"},"potentialAction":[{"@type":"SearchAction","target":{"@type":"EntryPoint","urlTemplate":"https:\/\/www.omniquest.de\/marktforschung-news\/?s={search_term_string}"},"query-input":{"@type":"PropertyValueSpecification","valueRequired":true,"valueName":"search_term_string"}}],"inLanguage":"de"},{"@type":"Organization","@id":"https:\/\/www.omniquest.de\/marktforschung-news\/#organization","name":"OmniQuest","url":"https:\/\/www.omniquest.de\/marktforschung-news\/","logo":{"@type":"ImageObject","inLanguage":"de","@id":"https:\/\/www.omniquest.de\/marktforschung-news\/#\/schema\/logo\/image\/","url":"https:\/\/www.omniquest.de\/marktforschung-news\/wp-content\/uploads\/2019\/02\/OmniQuest-Logo_Green.png","contentUrl":"https:\/\/www.omniquest.de\/marktforschung-news\/wp-content\/uploads\/2019\/02\/OmniQuest-Logo_Green.png","width":1000,"height":254,"caption":"OmniQuest"},"image":{"@id":"https:\/\/www.omniquest.de\/marktforschung-news\/#\/schema\/logo\/image\/"},"sameAs":["https:\/\/www.facebook.com\/omniquest","https:\/\/x.com\/omniquestbonn"]},{"@type":"Person","@id":"https:\/\/www.omniquest.de\/marktforschung-news\/#\/schema\/person\/cc5f4802f3fe5782ee50302f6421626f","name":"maxkunz","image":{"@type":"ImageObject","inLanguage":"de","@id":"https:\/\/www.omniquest.de\/marktforschung-news\/#\/schema\/person\/image\/","url":"https:\/\/secure.gravatar.com\/avatar\/4263acc4a3ce0b258a5f70ea20a3e80c96ef22b12f62637ae28a3eebf4a0f094?s=96&d=mm&r=g","contentUrl":"https:\/\/secure.gravatar.com\/avatar\/4263acc4a3ce0b258a5f70ea20a3e80c96ef22b12f62637ae28a3eebf4a0f094?s=96&d=mm&r=g","caption":"maxkunz"}}]}},"_links":{"self":[{"href":"https:\/\/www.omniquest.de\/marktforschung-news\/wp-json\/wp\/v2\/posts\/37682","targetHints":{"allow":["GET"]}}],"collection":[{"href":"https:\/\/www.omniquest.de\/marktforschung-news\/wp-json\/wp\/v2\/posts"}],"about":[{"href":"https:\/\/www.omniquest.de\/marktforschung-news\/wp-json\/wp\/v2\/types\/post"}],"author":[{"embeddable":true,"href":"https:\/\/www.omniquest.de\/marktforschung-news\/wp-json\/wp\/v2\/users\/1"}],"replies":[{"embeddable":true,"href":"https:\/\/www.omniquest.de\/marktforschung-news\/wp-json\/wp\/v2\/comments?post=37682"}],"version-history":[{"count":2,"href":"https:\/\/www.omniquest.de\/marktforschung-news\/wp-json\/wp\/v2\/posts\/37682\/revisions"}],"predecessor-version":[{"id":37686,"href":"https:\/\/www.omniquest.de\/marktforschung-news\/wp-json\/wp\/v2\/posts\/37682\/revisions\/37686"}],"wp:featuredmedia":[{"embeddable":true,"href":"https:\/\/www.omniquest.de\/marktforschung-news\/wp-json\/wp\/v2\/media\/37685"}],"wp:attachment":[{"href":"https:\/\/www.omniquest.de\/marktforschung-news\/wp-json\/wp\/v2\/media?parent=37682"}],"wp:term":[{"taxonomy":"category","embeddable":true,"href":"https:\/\/www.omniquest.de\/marktforschung-news\/wp-json\/wp\/v2\/categories?post=37682"},{"taxonomy":"post_tag","embeddable":true,"href":"https:\/\/www.omniquest.de\/marktforschung-news\/wp-json\/wp\/v2\/tags?post=37682"}],"curies":[{"name":"wp","href":"https:\/\/api.w.org\/{rel}","templated":true}]}}