{"id":37784,"date":"2021-03-03T08:48:17","date_gmt":"2021-03-03T07:48:17","guid":{"rendered":"https:\/\/www.omniquest.de\/marktforschung-news\/?p=37784"},"modified":"2021-03-03T11:09:34","modified_gmt":"2021-03-03T10:09:34","slug":"44-lehnen-verkuendung-von-festem-datum-fuer-ende-der-corona-massnahmen-in-deutschland-ab","status":"publish","type":"post","link":"https:\/\/www.omniquest.de\/marktforschung-news\/aktuelle-umfragen\/politik\/44-lehnen-verkuendung-von-festem-datum-fuer-ende-der-corona-massnahmen-in-deutschland-ab","title":{"rendered":"44% lehnen Verk\u00fcndung von festem Datum f\u00fcr Ende der Corona-Ma\u00dfnahmen in Deutschland ab"},"content":{"rendered":"<p>[et_pb_section fb_built=&#8220;1&#8243; _builder_version=&#8220;3.22&#8243;][et_pb_row _builder_version=&#8220;3.25&#8243; background_size=&#8220;initial&#8220; background_position=&#8220;top_left&#8220; background_repeat=&#8220;repeat&#8220;][et_pb_column type=&#8220;4_4&#8243; _builder_version=&#8220;3.25&#8243; custom_padding=&#8220;|||&#8220; custom_padding__hover=&#8220;|||&#8220;][et_pb_text admin_label=&#8220;Fragetext&#8220; _builder_version=&#8220;4.7.7&#8243; border_style=&#8220;solid&#8220;]Der britische Premierminister Boris Johnson hat bei der Vorstellung seines Lockdown-Fahrplans angek\u00fcndigt, bis zum 21. Juni alle Corona-Beschr\u00e4nkungen in England aufheben zu wollen. In mehreren Schritten im Abstand von jeweils f\u00fcnf Wochen soll der Lockdown aufgehoben werden, sofern die Infektionszahlen r\u00fcckl\u00e4ufig bleiben und die Impfkampagne weiterhin so erfolgreich verl\u00e4uft. Man werde den Weg aus dem Lockdown vorsichtig, aber unwiderruflich gehen, so Johnson. Was meinen Sie, sollte auch die Bundesregierung ein definitives Datum f\u00fcr das Ende der Corona-Ma\u00dfnahmen in Deutschland verk\u00fcnden?[\/et_pb_text][et_pb_counters bar_bg_color=&#8220;#38b400&#8243; _builder_version=&#8220;4.7.7&#8243; border_style=&#8220;solid&#8220; border_radius=&#8220;0&#8243;][et_pb_counter percent=&#8220;44&#8243; _builder_version=&#8220;4.7.7&#8243; title_font=&#8220;||||&#8220; percent_font=&#8220;||||&#8220; background_enable_color_default=&#8220;on&#8220; parallax_default=&#8220;off&#8220; parallax_method_default=&#8220;on&#8220; bar_background_color_default=&#8220;#38b400&#8243; use_percentages=&#8220;on&#8220; border_radius=&#8220;0&#8243; allow_player_pause_default=&#8220;off&#8220;]Ja[\/et_pb_counter][et_pb_counter percent=&#8220;42&#8243; _builder_version=&#8220;4.7.7&#8243; title_font=&#8220;||||&#8220; percent_font=&#8220;||||&#8220; background_enable_color_default=&#8220;on&#8220; parallax_default=&#8220;off&#8220; parallax_method_default=&#8220;on&#8220; bar_background_color_default=&#8220;#38b400&#8243; use_percentages=&#8220;on&#8220; border_radius=&#8220;0&#8243; allow_player_pause_default=&#8220;off&#8220;]Nein[\/et_pb_counter][et_pb_counter percent=&#8220;14&#8243; _builder_version=&#8220;4.7.7&#8243; title_font=&#8220;||||&#8220; percent_font=&#8220;||||&#8220; background_enable_color_default=&#8220;on&#8220; parallax_default=&#8220;off&#8220; parallax_method_default=&#8220;on&#8220; bar_background_color_default=&#8220;#38b400&#8243; use_percentages=&#8220;on&#8220; border_radius=&#8220;0&#8243; allow_player_pause_default=&#8220;off&#8220;]Bin mir nicht sicher[\/et_pb_counter][\/et_pb_counters][et_pb_text _builder_version=&#8220;4.7.7&#8243; border_style=&#8220;solid&#8220;]<\/p>\n<p>435 Teilnehmer<\/p>\n<p>Erhebungszeitraum: 23.02.2021 \u2013 02.03.2021<\/p>\n<p><span style=\"color: #ff8b00;\">Der Quick Poll ist ein Instrument zur kurzfristigen Trendmessung unter beliebigen Teilnehmern aus dem <a class=\"news_beitrag_link\" href=\"http:\/\/www.omniquest.de\/omnipanel\">OmniPanel<\/a> und beansprucht keine Repr\u00e4sentativit\u00e4t f\u00fcr sich.<\/span><\/p>\n<p>[\/et_pb_text][\/et_pb_column][\/et_pb_row][\/et_pb_section]<\/p>\n","protected":false},"excerpt":{"rendered":"<p>Der britische Premierminister Boris Johnson hat bei der Vorstellung seines Lockdown-Fahrplans angek\u00fcndigt, bis zum 21. Juni alle Corona-Beschr\u00e4nkungen in England aufheben zu wollen. In mehreren Schritten im Abstand von jeweils f\u00fcnf Wochen soll der Lockdown aufgehoben werden, sofern die Infektionszahlen r\u00fcckl\u00e4ufig bleiben und die Impfkampagne weiterhin so erfolgreich verl\u00e4uft. Man werde den Weg aus dem [&hellip;]<\/p>\n","protected":false},"author":1,"featured_media":37787,"comment_status":"open","ping_status":"open","sticky":false,"template":"","format":"standard","meta":{"_et_pb_use_builder":"on","_et_pb_old_content":"","_et_gb_content_width":"","footnotes":""},"categories":[17],"tags":[],"class_list":["post-37784","post","type-post","status-publish","format-standard","has-post-thumbnail","hentry","category-politik","et-has-post-format-content","et_post_format-et-post-format-standard"],"yoast_head":"<!-- This site is optimized with the Yoast SEO plugin v26.1.1 - https:\/\/yoast.com\/wordpress\/plugins\/seo\/ -->\n<title>Ende der Corona-Ma\u00dfnahmen | OmniQuest Umfrage<\/title>\n<meta name=\"description\" content=\"Der britische Premierminister Boris Johnson hat bei der Vorstellung seines Lockdown-Fahrplans angek\u00fcndigt, bis zum 21. Juni alle Corona-Beschr\u00e4nkungen ...\" \/>\n<meta name=\"robots\" content=\"index, follow, max-snippet:-1, max-image-preview:large, max-video-preview:-1\" \/>\n<link rel=\"canonical\" href=\"https:\/\/www.omniquest.de\/marktforschung-news\/aktuelle-umfragen\/politik\/44-lehnen-verkuendung-von-festem-datum-fuer-ende-der-corona-massnahmen-in-deutschland-ab\" \/>\n<meta property=\"og:locale\" content=\"de_DE\" \/>\n<meta property=\"og:type\" content=\"article\" \/>\n<meta property=\"og:title\" content=\"OmniQuest-Umfrage: 44% lehnen Verk\u00fcndung von festem Datum f\u00fcr Ende der Corona-Ma\u00dfnahmen in Deutschland ab\" \/>\n<meta property=\"og:description\" content=\"Der britische Premierminister Boris Johnson hat bei der Vorstellung seines Lockdown-Fahrplans angek\u00fcndigt, bis zum 21. Juni alle Corona-Beschr\u00e4nkungen in England aufheben ... | 03. M\u00e4rz 2021\" \/>\n<meta property=\"og:url\" content=\"https:\/\/www.omniquest.de\/marktforschung-news\/aktuelle-umfragen\/politik\/44-lehnen-verkuendung-von-festem-datum-fuer-ende-der-corona-massnahmen-in-deutschland-ab\" \/>\n<meta property=\"og:site_name\" content=\"OmniQuest News\" \/>\n<meta property=\"article:publisher\" content=\"https:\/\/www.facebook.com\/omniquest\" \/>\n<meta property=\"article:published_time\" content=\"2021-03-03T07:48:17+00:00\" \/>\n<meta property=\"article:modified_time\" content=\"2021-03-03T10:09:34+00:00\" \/>\n<meta property=\"og:image\" content=\"https:\/\/www.omniquest.de\/marktforschung-news\/wp-content\/uploads\/2021\/03\/corona_england.jpg\" \/>\n\t<meta property=\"og:image:width\" content=\"1920\" \/>\n\t<meta property=\"og:image:height\" content=\"1261\" \/>\n\t<meta property=\"og:image:type\" content=\"image\/jpeg\" \/>\n<meta name=\"author\" content=\"maxkunz\" \/>\n<meta name=\"twitter:card\" content=\"summary_large_image\" \/>\n<meta name=\"twitter:title\" content=\"OmniQuest-Umfrage: 44% lehnen Verk\u00fcndung von festem Datum f\u00fcr Ende der Corona-Ma\u00dfnahmen in Deutschland ab\" \/>\n<meta name=\"twitter:description\" content=\"Der britische Premierminister Boris Johnson hat bei der Vorstellung seines Lockdown-Fahrplans angek\u00fcndigt, bis zum 21. Juni alle Corona-Beschr\u00e4nkungen in England aufheben ... | 03. M\u00e4rz 2021\" \/>\n<meta name=\"twitter:creator\" content=\"@omniquestbonn\" \/>\n<meta name=\"twitter:site\" content=\"@omniquestbonn\" \/>\n<meta name=\"twitter:label1\" content=\"Verfasst von\" \/>\n\t<meta name=\"twitter:data1\" content=\"maxkunz\" \/>\n\t<meta name=\"twitter:label2\" content=\"Gesch\u00e4tzte Lesezeit\" \/>\n\t<meta name=\"twitter:data2\" content=\"2\u00a0Minuten\" \/>\n<script type=\"application\/ld+json\" class=\"yoast-schema-graph\">{\"@context\":\"https:\/\/schema.org\",\"@graph\":[{\"@type\":\"Article\",\"@id\":\"https:\/\/www.omniquest.de\/marktforschung-news\/aktuelle-umfragen\/politik\/44-lehnen-verkuendung-von-festem-datum-fuer-ende-der-corona-massnahmen-in-deutschland-ab#article\",\"isPartOf\":{\"@id\":\"https:\/\/www.omniquest.de\/marktforschung-news\/aktuelle-umfragen\/politik\/44-lehnen-verkuendung-von-festem-datum-fuer-ende-der-corona-massnahmen-in-deutschland-ab\"},\"author\":{\"name\":\"maxkunz\",\"@id\":\"https:\/\/www.omniquest.de\/marktforschung-news\/#\/schema\/person\/cc5f4802f3fe5782ee50302f6421626f\"},\"headline\":\"44% lehnen Verk\u00fcndung von festem Datum f\u00fcr Ende der Corona-Ma\u00dfnahmen in Deutschland ab\",\"datePublished\":\"2021-03-03T07:48:17+00:00\",\"dateModified\":\"2021-03-03T10:09:34+00:00\",\"mainEntityOfPage\":{\"@id\":\"https:\/\/www.omniquest.de\/marktforschung-news\/aktuelle-umfragen\/politik\/44-lehnen-verkuendung-von-festem-datum-fuer-ende-der-corona-massnahmen-in-deutschland-ab\"},\"wordCount\":339,\"commentCount\":0,\"publisher\":{\"@id\":\"https:\/\/www.omniquest.de\/marktforschung-news\/#organization\"},\"image\":{\"@id\":\"https:\/\/www.omniquest.de\/marktforschung-news\/aktuelle-umfragen\/politik\/44-lehnen-verkuendung-von-festem-datum-fuer-ende-der-corona-massnahmen-in-deutschland-ab#primaryimage\"},\"thumbnailUrl\":\"https:\/\/www.omniquest.de\/marktforschung-news\/wp-content\/uploads\/2021\/03\/corona_england.jpg\",\"articleSection\":[\"Politik\"],\"inLanguage\":\"de\",\"potentialAction\":[{\"@type\":\"CommentAction\",\"name\":\"Comment\",\"target\":[\"https:\/\/www.omniquest.de\/marktforschung-news\/aktuelle-umfragen\/politik\/44-lehnen-verkuendung-von-festem-datum-fuer-ende-der-corona-massnahmen-in-deutschland-ab#respond\"]}]},{\"@type\":\"WebPage\",\"@id\":\"https:\/\/www.omniquest.de\/marktforschung-news\/aktuelle-umfragen\/politik\/44-lehnen-verkuendung-von-festem-datum-fuer-ende-der-corona-massnahmen-in-deutschland-ab\",\"url\":\"https:\/\/www.omniquest.de\/marktforschung-news\/aktuelle-umfragen\/politik\/44-lehnen-verkuendung-von-festem-datum-fuer-ende-der-corona-massnahmen-in-deutschland-ab\",\"name\":\"Ende der Corona-Ma\u00dfnahmen | OmniQuest Umfrage\",\"isPartOf\":{\"@id\":\"https:\/\/www.omniquest.de\/marktforschung-news\/#website\"},\"primaryImageOfPage\":{\"@id\":\"https:\/\/www.omniquest.de\/marktforschung-news\/aktuelle-umfragen\/politik\/44-lehnen-verkuendung-von-festem-datum-fuer-ende-der-corona-massnahmen-in-deutschland-ab#primaryimage\"},\"image\":{\"@id\":\"https:\/\/www.omniquest.de\/marktforschung-news\/aktuelle-umfragen\/politik\/44-lehnen-verkuendung-von-festem-datum-fuer-ende-der-corona-massnahmen-in-deutschland-ab#primaryimage\"},\"thumbnailUrl\":\"https:\/\/www.omniquest.de\/marktforschung-news\/wp-content\/uploads\/2021\/03\/corona_england.jpg\",\"datePublished\":\"2021-03-03T07:48:17+00:00\",\"dateModified\":\"2021-03-03T10:09:34+00:00\",\"description\":\"Der britische Premierminister Boris Johnson hat bei der Vorstellung seines Lockdown-Fahrplans angek\u00fcndigt, bis zum 21. Juni alle Corona-Beschr\u00e4nkungen ...\",\"breadcrumb\":{\"@id\":\"https:\/\/www.omniquest.de\/marktforschung-news\/aktuelle-umfragen\/politik\/44-lehnen-verkuendung-von-festem-datum-fuer-ende-der-corona-massnahmen-in-deutschland-ab#breadcrumb\"},\"inLanguage\":\"de\",\"potentialAction\":[{\"@type\":\"ReadAction\",\"target\":[\"https:\/\/www.omniquest.de\/marktforschung-news\/aktuelle-umfragen\/politik\/44-lehnen-verkuendung-von-festem-datum-fuer-ende-der-corona-massnahmen-in-deutschland-ab\"]}]},{\"@type\":\"ImageObject\",\"inLanguage\":\"de\",\"@id\":\"https:\/\/www.omniquest.de\/marktforschung-news\/aktuelle-umfragen\/politik\/44-lehnen-verkuendung-von-festem-datum-fuer-ende-der-corona-massnahmen-in-deutschland-ab#primaryimage\",\"url\":\"https:\/\/www.omniquest.de\/marktforschung-news\/wp-content\/uploads\/2021\/03\/corona_england.jpg\",\"contentUrl\":\"https:\/\/www.omniquest.de\/marktforschung-news\/wp-content\/uploads\/2021\/03\/corona_england.jpg\",\"width\":1920,\"height\":1261},{\"@type\":\"BreadcrumbList\",\"@id\":\"https:\/\/www.omniquest.de\/marktforschung-news\/aktuelle-umfragen\/politik\/44-lehnen-verkuendung-von-festem-datum-fuer-ende-der-corona-massnahmen-in-deutschland-ab#breadcrumb\",\"itemListElement\":[{\"@type\":\"ListItem\",\"position\":1,\"name\":\"Startseite\",\"item\":\"https:\/\/www.omniquest.de\/marktforschung-news\"},{\"@type\":\"ListItem\",\"position\":2,\"name\":\"Umfragen\",\"item\":\"https:\/\/www.omniquest.de\/marktforschung-news\/aktuelle-umfragen\"},{\"@type\":\"ListItem\",\"position\":3,\"name\":\"Politik\",\"item\":\"https:\/\/www.omniquest.de\/marktforschung-news\/aktuelle-umfragen\/politik\"},{\"@type\":\"ListItem\",\"position\":4,\"name\":\"44% lehnen Verk\u00fcndung von festem Datum f\u00fcr Ende der Corona-Ma\u00dfnahmen in Deutschland ab\"}]},{\"@type\":\"WebSite\",\"@id\":\"https:\/\/www.omniquest.de\/marktforschung-news\/#website\",\"url\":\"https:\/\/www.omniquest.de\/marktforschung-news\/\",\"name\":\"OmniQuest News\",\"description\":\"Das Portal f\u00fcr News aus der Marktforschung\",\"publisher\":{\"@id\":\"https:\/\/www.omniquest.de\/marktforschung-news\/#organization\"},\"potentialAction\":[{\"@type\":\"SearchAction\",\"target\":{\"@type\":\"EntryPoint\",\"urlTemplate\":\"https:\/\/www.omniquest.de\/marktforschung-news\/?s={search_term_string}\"},\"query-input\":{\"@type\":\"PropertyValueSpecification\",\"valueRequired\":true,\"valueName\":\"search_term_string\"}}],\"inLanguage\":\"de\"},{\"@type\":\"Organization\",\"@id\":\"https:\/\/www.omniquest.de\/marktforschung-news\/#organization\",\"name\":\"OmniQuest\",\"url\":\"https:\/\/www.omniquest.de\/marktforschung-news\/\",\"logo\":{\"@type\":\"ImageObject\",\"inLanguage\":\"de\",\"@id\":\"https:\/\/www.omniquest.de\/marktforschung-news\/#\/schema\/logo\/image\/\",\"url\":\"https:\/\/www.omniquest.de\/marktforschung-news\/wp-content\/uploads\/2019\/02\/OmniQuest-Logo_Green.png\",\"contentUrl\":\"https:\/\/www.omniquest.de\/marktforschung-news\/wp-content\/uploads\/2019\/02\/OmniQuest-Logo_Green.png\",\"width\":1000,\"height\":254,\"caption\":\"OmniQuest\"},\"image\":{\"@id\":\"https:\/\/www.omniquest.de\/marktforschung-news\/#\/schema\/logo\/image\/\"},\"sameAs\":[\"https:\/\/www.facebook.com\/omniquest\",\"https:\/\/x.com\/omniquestbonn\"]},{\"@type\":\"Person\",\"@id\":\"https:\/\/www.omniquest.de\/marktforschung-news\/#\/schema\/person\/cc5f4802f3fe5782ee50302f6421626f\",\"name\":\"maxkunz\",\"image\":{\"@type\":\"ImageObject\",\"inLanguage\":\"de\",\"@id\":\"https:\/\/www.omniquest.de\/marktforschung-news\/#\/schema\/person\/image\/\",\"url\":\"https:\/\/secure.gravatar.com\/avatar\/4263acc4a3ce0b258a5f70ea20a3e80c96ef22b12f62637ae28a3eebf4a0f094?s=96&d=mm&r=g\",\"contentUrl\":\"https:\/\/secure.gravatar.com\/avatar\/4263acc4a3ce0b258a5f70ea20a3e80c96ef22b12f62637ae28a3eebf4a0f094?s=96&d=mm&r=g\",\"caption\":\"maxkunz\"}}]}<\/script>\n<!-- \/ Yoast SEO plugin. -->","yoast_head_json":{"title":"Ende der Corona-Ma\u00dfnahmen | OmniQuest Umfrage","description":"Der britische Premierminister Boris Johnson hat bei der Vorstellung seines Lockdown-Fahrplans angek\u00fcndigt, bis zum 21. Juni alle Corona-Beschr\u00e4nkungen ...","robots":{"index":"index","follow":"follow","max-snippet":"max-snippet:-1","max-image-preview":"max-image-preview:large","max-video-preview":"max-video-preview:-1"},"canonical":"https:\/\/www.omniquest.de\/marktforschung-news\/aktuelle-umfragen\/politik\/44-lehnen-verkuendung-von-festem-datum-fuer-ende-der-corona-massnahmen-in-deutschland-ab","og_locale":"de_DE","og_type":"article","og_title":"OmniQuest-Umfrage: 44% lehnen Verk\u00fcndung von festem Datum f\u00fcr Ende der Corona-Ma\u00dfnahmen in Deutschland ab","og_description":"Der britische Premierminister Boris Johnson hat bei der Vorstellung seines Lockdown-Fahrplans angek\u00fcndigt, bis zum 21. Juni alle Corona-Beschr\u00e4nkungen in England aufheben ... | 03. M\u00e4rz 2021","og_url":"https:\/\/www.omniquest.de\/marktforschung-news\/aktuelle-umfragen\/politik\/44-lehnen-verkuendung-von-festem-datum-fuer-ende-der-corona-massnahmen-in-deutschland-ab","og_site_name":"OmniQuest News","article_publisher":"https:\/\/www.facebook.com\/omniquest","article_published_time":"2021-03-03T07:48:17+00:00","article_modified_time":"2021-03-03T10:09:34+00:00","og_image":[{"width":1920,"height":1261,"url":"https:\/\/www.omniquest.de\/marktforschung-news\/wp-content\/uploads\/2021\/03\/corona_england.jpg","type":"image\/jpeg"}],"author":"maxkunz","twitter_card":"summary_large_image","twitter_title":"OmniQuest-Umfrage: 44% lehnen Verk\u00fcndung von festem Datum f\u00fcr Ende der Corona-Ma\u00dfnahmen in Deutschland ab","twitter_description":"Der britische Premierminister Boris Johnson hat bei der Vorstellung seines Lockdown-Fahrplans angek\u00fcndigt, bis zum 21. Juni alle Corona-Beschr\u00e4nkungen in England aufheben ... | 03. M\u00e4rz 2021","twitter_creator":"@omniquestbonn","twitter_site":"@omniquestbonn","twitter_misc":{"Verfasst von":"maxkunz","Gesch\u00e4tzte Lesezeit":"2\u00a0Minuten"},"schema":{"@context":"https:\/\/schema.org","@graph":[{"@type":"Article","@id":"https:\/\/www.omniquest.de\/marktforschung-news\/aktuelle-umfragen\/politik\/44-lehnen-verkuendung-von-festem-datum-fuer-ende-der-corona-massnahmen-in-deutschland-ab#article","isPartOf":{"@id":"https:\/\/www.omniquest.de\/marktforschung-news\/aktuelle-umfragen\/politik\/44-lehnen-verkuendung-von-festem-datum-fuer-ende-der-corona-massnahmen-in-deutschland-ab"},"author":{"name":"maxkunz","@id":"https:\/\/www.omniquest.de\/marktforschung-news\/#\/schema\/person\/cc5f4802f3fe5782ee50302f6421626f"},"headline":"44% lehnen Verk\u00fcndung von festem Datum f\u00fcr Ende der Corona-Ma\u00dfnahmen in Deutschland ab","datePublished":"2021-03-03T07:48:17+00:00","dateModified":"2021-03-03T10:09:34+00:00","mainEntityOfPage":{"@id":"https:\/\/www.omniquest.de\/marktforschung-news\/aktuelle-umfragen\/politik\/44-lehnen-verkuendung-von-festem-datum-fuer-ende-der-corona-massnahmen-in-deutschland-ab"},"wordCount":339,"commentCount":0,"publisher":{"@id":"https:\/\/www.omniquest.de\/marktforschung-news\/#organization"},"image":{"@id":"https:\/\/www.omniquest.de\/marktforschung-news\/aktuelle-umfragen\/politik\/44-lehnen-verkuendung-von-festem-datum-fuer-ende-der-corona-massnahmen-in-deutschland-ab#primaryimage"},"thumbnailUrl":"https:\/\/www.omniquest.de\/marktforschung-news\/wp-content\/uploads\/2021\/03\/corona_england.jpg","articleSection":["Politik"],"inLanguage":"de","potentialAction":[{"@type":"CommentAction","name":"Comment","target":["https:\/\/www.omniquest.de\/marktforschung-news\/aktuelle-umfragen\/politik\/44-lehnen-verkuendung-von-festem-datum-fuer-ende-der-corona-massnahmen-in-deutschland-ab#respond"]}]},{"@type":"WebPage","@id":"https:\/\/www.omniquest.de\/marktforschung-news\/aktuelle-umfragen\/politik\/44-lehnen-verkuendung-von-festem-datum-fuer-ende-der-corona-massnahmen-in-deutschland-ab","url":"https:\/\/www.omniquest.de\/marktforschung-news\/aktuelle-umfragen\/politik\/44-lehnen-verkuendung-von-festem-datum-fuer-ende-der-corona-massnahmen-in-deutschland-ab","name":"Ende der Corona-Ma\u00dfnahmen | OmniQuest Umfrage","isPartOf":{"@id":"https:\/\/www.omniquest.de\/marktforschung-news\/#website"},"primaryImageOfPage":{"@id":"https:\/\/www.omniquest.de\/marktforschung-news\/aktuelle-umfragen\/politik\/44-lehnen-verkuendung-von-festem-datum-fuer-ende-der-corona-massnahmen-in-deutschland-ab#primaryimage"},"image":{"@id":"https:\/\/www.omniquest.de\/marktforschung-news\/aktuelle-umfragen\/politik\/44-lehnen-verkuendung-von-festem-datum-fuer-ende-der-corona-massnahmen-in-deutschland-ab#primaryimage"},"thumbnailUrl":"https:\/\/www.omniquest.de\/marktforschung-news\/wp-content\/uploads\/2021\/03\/corona_england.jpg","datePublished":"2021-03-03T07:48:17+00:00","dateModified":"2021-03-03T10:09:34+00:00","description":"Der britische Premierminister Boris Johnson hat bei der Vorstellung seines Lockdown-Fahrplans angek\u00fcndigt, bis zum 21. Juni alle Corona-Beschr\u00e4nkungen ...","breadcrumb":{"@id":"https:\/\/www.omniquest.de\/marktforschung-news\/aktuelle-umfragen\/politik\/44-lehnen-verkuendung-von-festem-datum-fuer-ende-der-corona-massnahmen-in-deutschland-ab#breadcrumb"},"inLanguage":"de","potentialAction":[{"@type":"ReadAction","target":["https:\/\/www.omniquest.de\/marktforschung-news\/aktuelle-umfragen\/politik\/44-lehnen-verkuendung-von-festem-datum-fuer-ende-der-corona-massnahmen-in-deutschland-ab"]}]},{"@type":"ImageObject","inLanguage":"de","@id":"https:\/\/www.omniquest.de\/marktforschung-news\/aktuelle-umfragen\/politik\/44-lehnen-verkuendung-von-festem-datum-fuer-ende-der-corona-massnahmen-in-deutschland-ab#primaryimage","url":"https:\/\/www.omniquest.de\/marktforschung-news\/wp-content\/uploads\/2021\/03\/corona_england.jpg","contentUrl":"https:\/\/www.omniquest.de\/marktforschung-news\/wp-content\/uploads\/2021\/03\/corona_england.jpg","width":1920,"height":1261},{"@type":"BreadcrumbList","@id":"https:\/\/www.omniquest.de\/marktforschung-news\/aktuelle-umfragen\/politik\/44-lehnen-verkuendung-von-festem-datum-fuer-ende-der-corona-massnahmen-in-deutschland-ab#breadcrumb","itemListElement":[{"@type":"ListItem","position":1,"name":"Startseite","item":"https:\/\/www.omniquest.de\/marktforschung-news"},{"@type":"ListItem","position":2,"name":"Umfragen","item":"https:\/\/www.omniquest.de\/marktforschung-news\/aktuelle-umfragen"},{"@type":"ListItem","position":3,"name":"Politik","item":"https:\/\/www.omniquest.de\/marktforschung-news\/aktuelle-umfragen\/politik"},{"@type":"ListItem","position":4,"name":"44% lehnen Verk\u00fcndung von festem Datum f\u00fcr Ende der Corona-Ma\u00dfnahmen in Deutschland ab"}]},{"@type":"WebSite","@id":"https:\/\/www.omniquest.de\/marktforschung-news\/#website","url":"https:\/\/www.omniquest.de\/marktforschung-news\/","name":"OmniQuest News","description":"Das Portal f\u00fcr News aus der Marktforschung","publisher":{"@id":"https:\/\/www.omniquest.de\/marktforschung-news\/#organization"},"potentialAction":[{"@type":"SearchAction","target":{"@type":"EntryPoint","urlTemplate":"https:\/\/www.omniquest.de\/marktforschung-news\/?s={search_term_string}"},"query-input":{"@type":"PropertyValueSpecification","valueRequired":true,"valueName":"search_term_string"}}],"inLanguage":"de"},{"@type":"Organization","@id":"https:\/\/www.omniquest.de\/marktforschung-news\/#organization","name":"OmniQuest","url":"https:\/\/www.omniquest.de\/marktforschung-news\/","logo":{"@type":"ImageObject","inLanguage":"de","@id":"https:\/\/www.omniquest.de\/marktforschung-news\/#\/schema\/logo\/image\/","url":"https:\/\/www.omniquest.de\/marktforschung-news\/wp-content\/uploads\/2019\/02\/OmniQuest-Logo_Green.png","contentUrl":"https:\/\/www.omniquest.de\/marktforschung-news\/wp-content\/uploads\/2019\/02\/OmniQuest-Logo_Green.png","width":1000,"height":254,"caption":"OmniQuest"},"image":{"@id":"https:\/\/www.omniquest.de\/marktforschung-news\/#\/schema\/logo\/image\/"},"sameAs":["https:\/\/www.facebook.com\/omniquest","https:\/\/x.com\/omniquestbonn"]},{"@type":"Person","@id":"https:\/\/www.omniquest.de\/marktforschung-news\/#\/schema\/person\/cc5f4802f3fe5782ee50302f6421626f","name":"maxkunz","image":{"@type":"ImageObject","inLanguage":"de","@id":"https:\/\/www.omniquest.de\/marktforschung-news\/#\/schema\/person\/image\/","url":"https:\/\/secure.gravatar.com\/avatar\/4263acc4a3ce0b258a5f70ea20a3e80c96ef22b12f62637ae28a3eebf4a0f094?s=96&d=mm&r=g","contentUrl":"https:\/\/secure.gravatar.com\/avatar\/4263acc4a3ce0b258a5f70ea20a3e80c96ef22b12f62637ae28a3eebf4a0f094?s=96&d=mm&r=g","caption":"maxkunz"}}]}},"_links":{"self":[{"href":"https:\/\/www.omniquest.de\/marktforschung-news\/wp-json\/wp\/v2\/posts\/37784","targetHints":{"allow":["GET"]}}],"collection":[{"href":"https:\/\/www.omniquest.de\/marktforschung-news\/wp-json\/wp\/v2\/posts"}],"about":[{"href":"https:\/\/www.omniquest.de\/marktforschung-news\/wp-json\/wp\/v2\/types\/post"}],"author":[{"embeddable":true,"href":"https:\/\/www.omniquest.de\/marktforschung-news\/wp-json\/wp\/v2\/users\/1"}],"replies":[{"embeddable":true,"href":"https:\/\/www.omniquest.de\/marktforschung-news\/wp-json\/wp\/v2\/comments?post=37784"}],"version-history":[{"count":3,"href":"https:\/\/www.omniquest.de\/marktforschung-news\/wp-json\/wp\/v2\/posts\/37784\/revisions"}],"predecessor-version":[{"id":37794,"href":"https:\/\/www.omniquest.de\/marktforschung-news\/wp-json\/wp\/v2\/posts\/37784\/revisions\/37794"}],"wp:featuredmedia":[{"embeddable":true,"href":"https:\/\/www.omniquest.de\/marktforschung-news\/wp-json\/wp\/v2\/media\/37787"}],"wp:attachment":[{"href":"https:\/\/www.omniquest.de\/marktforschung-news\/wp-json\/wp\/v2\/media?parent=37784"}],"wp:term":[{"taxonomy":"category","embeddable":true,"href":"https:\/\/www.omniquest.de\/marktforschung-news\/wp-json\/wp\/v2\/categories?post=37784"},{"taxonomy":"post_tag","embeddable":true,"href":"https:\/\/www.omniquest.de\/marktforschung-news\/wp-json\/wp\/v2\/tags?post=37784"}],"curies":[{"name":"wp","href":"https:\/\/api.w.org\/{rel}","templated":true}]}}