{"id":38335,"date":"2021-10-12T14:11:29","date_gmt":"2021-10-12T12:11:29","guid":{"rendered":"https:\/\/www.omniquest.de\/marktforschung-news\/?p=38335"},"modified":"2021-10-12T14:11:34","modified_gmt":"2021-10-12T12:11:34","slug":"49-befuerworten-abschaffung-von-maskenpflicht-an-schulen","status":"publish","type":"post","link":"https:\/\/www.omniquest.de\/marktforschung-news\/aktuelle-umfragen\/gesellschaft\/49-befuerworten-abschaffung-von-maskenpflicht-an-schulen","title":{"rendered":"49% bef\u00fcrworten Abschaffung von Maskenpflicht an Schulen"},"content":{"rendered":"<p>[et_pb_section fb_built=&#8220;1&#8243; _builder_version=&#8220;3.22&#8243; global_colors_info=&#8220;{}&#8220;][et_pb_row _builder_version=&#8220;3.25&#8243; background_size=&#8220;initial&#8220; background_position=&#8220;top_left&#8220; background_repeat=&#8220;repeat&#8220; global_colors_info=&#8220;{}&#8220;][et_pb_column type=&#8220;4_4&#8243; _builder_version=&#8220;3.25&#8243; custom_padding=&#8220;|||&#8220; global_colors_info=&#8220;{}&#8220; custom_padding__hover=&#8220;|||&#8220;][et_pb_text admin_label=&#8220;Fragetext&#8220; _builder_version=&#8220;4.10.8&#8243; hover_enabled=&#8220;0&#8243; border_style=&#8220;solid&#8220; global_colors_info=&#8220;{}&#8220; sticky_enabled=&#8220;0&#8243;]Nachdem Bayern, Berlin und das Saarland die Maskenpflicht an Schulen gelockert haben, erw\u00e4gen auch andere Bundesl\u00e4nder entsprechende Schritte. Der Berufsverband der Kinder- und Jugend\u00e4rzte (BVKJ) begr\u00fc\u00dft diese Entwicklung. Die Kinder br\u00e4uchten wieder Normalit\u00e4t, so der Sprecher des BVKJ. Auch wenn sich Corona-Viren dadurch wieder schneller verbreiten k\u00f6nnten, seien sie f\u00fcr Kinder relativ harmlos. Auch h\u00e4tten einige von ihnen noch nie ohne Maske im Unterricht gesessen und sie seien die einzige Gruppe, die sich noch Masken und regelm\u00e4\u00dfiges Testen gefallen lassen m\u00fcsse, w\u00e4hrend es f\u00fcr Erwachsene \u00fcberall Freiheiten gebe. Wie bewerten Sie die Maskenpflicht an Schulen?[\/et_pb_text][et_pb_counters bar_bg_color=&#8220;#38b400&#8243; _builder_version=&#8220;4.10.8&#8243; hover_enabled=&#8220;0&#8243; border_style=&#8220;solid&#8220; border_radius=&#8220;0&#8243; global_colors_info=&#8220;{}&#8220; sticky_enabled=&#8220;0&#8243;][et_pb_counter percent=&#8220;29&#8243; _builder_version=&#8220;4.10.8&#8243; title_font=&#8220;||||&#8220; percent_font=&#8220;||||&#8220; hover_enabled=&#8220;0&#8243; global_colors_info=&#8220;{}&#8220; background_enable_color_default=&#8220;on&#8220; parallax_default=&#8220;off&#8220; parallax_method_default=&#8220;on&#8220; bar_background_color_default=&#8220;#38b400&#8243; use_percentages=&#8220;on&#8220; border_radius=&#8220;0&#8243; background_enable_video_mp4=&#8220;on&#8220; background_enable_video_webm=&#8220;on&#8220; sticky_enabled=&#8220;0&#8243;]<\/p>\n<p>Bef\u00fcrworte ich weiter f\u00fcr alle Sch\u00fclerInnen<\/p>\n<p>[\/et_pb_counter][et_pb_counter percent=&#8220;16&#8243; _builder_version=&#8220;4.10.8&#8243; title_font=&#8220;||||&#8220; percent_font=&#8220;||||&#8220; hover_enabled=&#8220;0&#8243; global_colors_info=&#8220;{}&#8220; background_enable_color_default=&#8220;on&#8220; parallax_default=&#8220;off&#8220; parallax_method_default=&#8220;on&#8220; bar_background_color_default=&#8220;#38b400&#8243; use_percentages=&#8220;on&#8220; border_radius=&#8220;0&#8243; background_enable_video_mp4=&#8220;on&#8220; background_enable_video_webm=&#8220;on&#8220; sticky_enabled=&#8220;0&#8243;]<\/p>\n<p>Bef\u00fcrworte ich nur f\u00fcr \u00e4ltere Sch\u00fclerInnen<\/p>\n<p>[\/et_pb_counter][et_pb_counter percent=&#8220;49&#8243; _builder_version=&#8220;4.10.8&#8243; title_font=&#8220;||||&#8220; percent_font=&#8220;||||&#8220; hover_enabled=&#8220;0&#8243; global_colors_info=&#8220;{}&#8220; background_enable_color_default=&#8220;on&#8220; parallax_default=&#8220;off&#8220; parallax_method_default=&#8220;on&#8220; bar_background_color_default=&#8220;#38b400&#8243; use_percentages=&#8220;on&#8220; border_radius=&#8220;0&#8243; background_enable_video_mp4=&#8220;on&#8220; background_enable_video_webm=&#8220;on&#8220; sticky_enabled=&#8220;0&#8243;]<\/p>\n<p>Sollte komplett abgeschafft werden<\/p>\n<p>[\/et_pb_counter][et_pb_counter percent=&#8220;6&#8243; _builder_version=&#8220;4.10.8&#8243; title_font=&#8220;||||&#8220; percent_font=&#8220;||||&#8220; hover_enabled=&#8220;0&#8243; global_colors_info=&#8220;{}&#8220; background_enable_color_default=&#8220;on&#8220; parallax_default=&#8220;off&#8220; parallax_method_default=&#8220;on&#8220; bar_background_color_default=&#8220;#38b400&#8243; use_percentages=&#8220;on&#8220; border_radius=&#8220;0&#8243; background_enable_video_mp4=&#8220;on&#8220; background_enable_video_webm=&#8220;on&#8220; sticky_enabled=&#8220;0&#8243;]Bin mir nicht sicher[\/et_pb_counter][\/et_pb_counters][et_pb_text _builder_version=&#8220;4.10.8&#8243; hover_enabled=&#8220;0&#8243; border_style=&#8220;solid&#8220; global_colors_info=&#8220;{}&#8220; sticky_enabled=&#8220;0&#8243;]<\/p>\n<p>301 Teilnehmer<\/p>\n<p>Erhebungszeitraum: 06.10.2021 \u2013 12.10.2021<\/p>\n<p><span style=\"color: #ff8b00;\">Der Quick Poll ist ein Instrument zur kurzfristigen Trendmessung unter beliebigen Teilnehmern aus dem <a class=\"news_beitrag_link\" href=\"http:\/\/www.omniquest.de\/omnipanel\">OmniPanel<\/a> und beansprucht keine Repr\u00e4sentativit\u00e4t f\u00fcr sich.<\/span><\/p>\n<p>[\/et_pb_text][\/et_pb_column][\/et_pb_row][\/et_pb_section]<\/p>\n","protected":false},"excerpt":{"rendered":"<p>Nachdem Bayern, Berlin und das Saarland die Maskenpflicht an Schulen gelockert haben, erw\u00e4gen auch andere Bundesl\u00e4nder entsprechende Schritte. Der Berufsverband der Kinder- und Jugend\u00e4rzte (BVKJ) begr\u00fc\u00dft diese Entwicklung. Die Kinder br\u00e4uchten wieder Normalit\u00e4t, so der Sprecher des BVKJ. Auch wenn sich Corona-Viren dadurch wieder schneller verbreiten k\u00f6nnten, seien sie f\u00fcr Kinder relativ harmlos. Auch h\u00e4tten [&hellip;]<\/p>\n","protected":false},"author":1,"featured_media":38338,"comment_status":"open","ping_status":"open","sticky":false,"template":"","format":"standard","meta":{"_et_pb_use_builder":"on","_et_pb_old_content":"","_et_gb_content_width":"","footnotes":""},"categories":[41],"tags":[],"class_list":["post-38335","post","type-post","status-publish","format-standard","has-post-thumbnail","hentry","category-gesellschaft","et-has-post-format-content","et_post_format-et-post-format-standard"],"yoast_head":"<!-- This site is optimized with the Yoast SEO plugin v26.1.1 - https:\/\/yoast.com\/wordpress\/plugins\/seo\/ -->\n<title>Maskenpflicht an Schulen lockern? | OmniQuest Umfrage<\/title>\n<meta name=\"description\" content=\"Nachdem Bayern, Berlin und das Saarland die Maskenpflicht an Schulen gelockert haben, erw\u00e4gen auch andere Bundesl\u00e4nder entsprechende ...\" \/>\n<meta name=\"robots\" content=\"index, follow, max-snippet:-1, max-image-preview:large, max-video-preview:-1\" \/>\n<link rel=\"canonical\" href=\"https:\/\/www.omniquest.de\/marktforschung-news\/aktuelle-umfragen\/gesellschaft\/49-befuerworten-abschaffung-von-maskenpflicht-an-schulen\" \/>\n<meta property=\"og:locale\" content=\"de_DE\" \/>\n<meta property=\"og:type\" content=\"article\" \/>\n<meta property=\"og:title\" content=\"OmniQuest-Umfrage: 49% bef\u00fcrworten Abschaffung von Maskenpflicht an Schulen\" \/>\n<meta property=\"og:description\" content=\"Nachdem Bayern, Berlin und das Saarland die Maskenpflicht an Schulen gelockert haben, erw\u00e4gen auch andere Bundesl\u00e4nder entsprechende Schritte. Der Berufsverband der ... | 12. Oktober 2021\" \/>\n<meta property=\"og:url\" content=\"https:\/\/www.omniquest.de\/marktforschung-news\/aktuelle-umfragen\/gesellschaft\/49-befuerworten-abschaffung-von-maskenpflicht-an-schulen\" \/>\n<meta property=\"og:site_name\" content=\"OmniQuest News\" \/>\n<meta property=\"article:publisher\" content=\"https:\/\/www.facebook.com\/omniquest\" \/>\n<meta property=\"article:published_time\" content=\"2021-10-12T12:11:29+00:00\" \/>\n<meta property=\"article:modified_time\" content=\"2021-10-12T12:11:34+00:00\" \/>\n<meta property=\"og:image\" content=\"https:\/\/www.omniquest.de\/marktforschung-news\/wp-content\/uploads\/2021\/10\/klassenzimmer2.jpg\" \/>\n\t<meta property=\"og:image:width\" content=\"1920\" \/>\n\t<meta property=\"og:image:height\" content=\"1440\" \/>\n\t<meta property=\"og:image:type\" content=\"image\/jpeg\" \/>\n<meta name=\"author\" content=\"maxkunz\" \/>\n<meta name=\"twitter:card\" content=\"summary_large_image\" \/>\n<meta name=\"twitter:title\" content=\"OmniQuest-Umfrage: 49% bef\u00fcrworten Abschaffung von Maskenpflicht an Schulen\" \/>\n<meta name=\"twitter:description\" content=\"Nachdem Bayern, Berlin und das Saarland die Maskenpflicht an Schulen gelockert haben, erw\u00e4gen auch andere Bundesl\u00e4nder entsprechende Schritte. Der Berufsverband der ... | 12. Oktober 2021\" \/>\n<meta name=\"twitter:image\" content=\"https:\/\/www.omniquest.de\/marktforschung-news\/wp-content\/uploads\/2021\/10\/klassenzimmer2.jpg\" \/>\n<meta name=\"twitter:creator\" content=\"@omniquestbonn\" \/>\n<meta name=\"twitter:site\" content=\"@omniquestbonn\" \/>\n<meta name=\"twitter:label1\" content=\"Verfasst von\" \/>\n\t<meta name=\"twitter:data1\" content=\"maxkunz\" \/>\n\t<meta name=\"twitter:label2\" content=\"Gesch\u00e4tzte Lesezeit\" \/>\n\t<meta name=\"twitter:data2\" content=\"2\u00a0Minuten\" \/>\n<script type=\"application\/ld+json\" class=\"yoast-schema-graph\">{\"@context\":\"https:\/\/schema.org\",\"@graph\":[{\"@type\":\"Article\",\"@id\":\"https:\/\/www.omniquest.de\/marktforschung-news\/aktuelle-umfragen\/gesellschaft\/49-befuerworten-abschaffung-von-maskenpflicht-an-schulen#article\",\"isPartOf\":{\"@id\":\"https:\/\/www.omniquest.de\/marktforschung-news\/aktuelle-umfragen\/gesellschaft\/49-befuerworten-abschaffung-von-maskenpflicht-an-schulen\"},\"author\":{\"name\":\"maxkunz\",\"@id\":\"https:\/\/www.omniquest.de\/marktforschung-news\/#\/schema\/person\/cc5f4802f3fe5782ee50302f6421626f\"},\"headline\":\"49% bef\u00fcrworten Abschaffung von Maskenpflicht an Schulen\",\"datePublished\":\"2021-10-12T12:11:29+00:00\",\"dateModified\":\"2021-10-12T12:11:34+00:00\",\"mainEntityOfPage\":{\"@id\":\"https:\/\/www.omniquest.de\/marktforschung-news\/aktuelle-umfragen\/gesellschaft\/49-befuerworten-abschaffung-von-maskenpflicht-an-schulen\"},\"wordCount\":489,\"commentCount\":0,\"publisher\":{\"@id\":\"https:\/\/www.omniquest.de\/marktforschung-news\/#organization\"},\"image\":{\"@id\":\"https:\/\/www.omniquest.de\/marktforschung-news\/aktuelle-umfragen\/gesellschaft\/49-befuerworten-abschaffung-von-maskenpflicht-an-schulen#primaryimage\"},\"thumbnailUrl\":\"https:\/\/www.omniquest.de\/marktforschung-news\/wp-content\/uploads\/2021\/10\/klassenzimmer2.jpg\",\"articleSection\":[\"Gesellschaft\"],\"inLanguage\":\"de\",\"potentialAction\":[{\"@type\":\"CommentAction\",\"name\":\"Comment\",\"target\":[\"https:\/\/www.omniquest.de\/marktforschung-news\/aktuelle-umfragen\/gesellschaft\/49-befuerworten-abschaffung-von-maskenpflicht-an-schulen#respond\"]}]},{\"@type\":\"WebPage\",\"@id\":\"https:\/\/www.omniquest.de\/marktforschung-news\/aktuelle-umfragen\/gesellschaft\/49-befuerworten-abschaffung-von-maskenpflicht-an-schulen\",\"url\":\"https:\/\/www.omniquest.de\/marktforschung-news\/aktuelle-umfragen\/gesellschaft\/49-befuerworten-abschaffung-von-maskenpflicht-an-schulen\",\"name\":\"Maskenpflicht an Schulen lockern? | OmniQuest Umfrage\",\"isPartOf\":{\"@id\":\"https:\/\/www.omniquest.de\/marktforschung-news\/#website\"},\"primaryImageOfPage\":{\"@id\":\"https:\/\/www.omniquest.de\/marktforschung-news\/aktuelle-umfragen\/gesellschaft\/49-befuerworten-abschaffung-von-maskenpflicht-an-schulen#primaryimage\"},\"image\":{\"@id\":\"https:\/\/www.omniquest.de\/marktforschung-news\/aktuelle-umfragen\/gesellschaft\/49-befuerworten-abschaffung-von-maskenpflicht-an-schulen#primaryimage\"},\"thumbnailUrl\":\"https:\/\/www.omniquest.de\/marktforschung-news\/wp-content\/uploads\/2021\/10\/klassenzimmer2.jpg\",\"datePublished\":\"2021-10-12T12:11:29+00:00\",\"dateModified\":\"2021-10-12T12:11:34+00:00\",\"description\":\"Nachdem Bayern, Berlin und das Saarland die Maskenpflicht an Schulen gelockert haben, erw\u00e4gen auch andere Bundesl\u00e4nder entsprechende ...\",\"breadcrumb\":{\"@id\":\"https:\/\/www.omniquest.de\/marktforschung-news\/aktuelle-umfragen\/gesellschaft\/49-befuerworten-abschaffung-von-maskenpflicht-an-schulen#breadcrumb\"},\"inLanguage\":\"de\",\"potentialAction\":[{\"@type\":\"ReadAction\",\"target\":[\"https:\/\/www.omniquest.de\/marktforschung-news\/aktuelle-umfragen\/gesellschaft\/49-befuerworten-abschaffung-von-maskenpflicht-an-schulen\"]}]},{\"@type\":\"ImageObject\",\"inLanguage\":\"de\",\"@id\":\"https:\/\/www.omniquest.de\/marktforschung-news\/aktuelle-umfragen\/gesellschaft\/49-befuerworten-abschaffung-von-maskenpflicht-an-schulen#primaryimage\",\"url\":\"https:\/\/www.omniquest.de\/marktforschung-news\/wp-content\/uploads\/2021\/10\/klassenzimmer2.jpg\",\"contentUrl\":\"https:\/\/www.omniquest.de\/marktforschung-news\/wp-content\/uploads\/2021\/10\/klassenzimmer2.jpg\",\"width\":1920,\"height\":1440},{\"@type\":\"BreadcrumbList\",\"@id\":\"https:\/\/www.omniquest.de\/marktforschung-news\/aktuelle-umfragen\/gesellschaft\/49-befuerworten-abschaffung-von-maskenpflicht-an-schulen#breadcrumb\",\"itemListElement\":[{\"@type\":\"ListItem\",\"position\":1,\"name\":\"Startseite\",\"item\":\"https:\/\/www.omniquest.de\/marktforschung-news\"},{\"@type\":\"ListItem\",\"position\":2,\"name\":\"Umfragen\",\"item\":\"https:\/\/www.omniquest.de\/marktforschung-news\/aktuelle-umfragen\"},{\"@type\":\"ListItem\",\"position\":3,\"name\":\"Gesellschaft\",\"item\":\"https:\/\/www.omniquest.de\/marktforschung-news\/aktuelle-umfragen\/gesellschaft\"},{\"@type\":\"ListItem\",\"position\":4,\"name\":\"49% bef\u00fcrworten Abschaffung von Maskenpflicht an Schulen\"}]},{\"@type\":\"WebSite\",\"@id\":\"https:\/\/www.omniquest.de\/marktforschung-news\/#website\",\"url\":\"https:\/\/www.omniquest.de\/marktforschung-news\/\",\"name\":\"OmniQuest News\",\"description\":\"Das Portal f\u00fcr News aus der Marktforschung\",\"publisher\":{\"@id\":\"https:\/\/www.omniquest.de\/marktforschung-news\/#organization\"},\"potentialAction\":[{\"@type\":\"SearchAction\",\"target\":{\"@type\":\"EntryPoint\",\"urlTemplate\":\"https:\/\/www.omniquest.de\/marktforschung-news\/?s={search_term_string}\"},\"query-input\":{\"@type\":\"PropertyValueSpecification\",\"valueRequired\":true,\"valueName\":\"search_term_string\"}}],\"inLanguage\":\"de\"},{\"@type\":\"Organization\",\"@id\":\"https:\/\/www.omniquest.de\/marktforschung-news\/#organization\",\"name\":\"OmniQuest\",\"url\":\"https:\/\/www.omniquest.de\/marktforschung-news\/\",\"logo\":{\"@type\":\"ImageObject\",\"inLanguage\":\"de\",\"@id\":\"https:\/\/www.omniquest.de\/marktforschung-news\/#\/schema\/logo\/image\/\",\"url\":\"https:\/\/www.omniquest.de\/marktforschung-news\/wp-content\/uploads\/2019\/02\/OmniQuest-Logo_Green.png\",\"contentUrl\":\"https:\/\/www.omniquest.de\/marktforschung-news\/wp-content\/uploads\/2019\/02\/OmniQuest-Logo_Green.png\",\"width\":1000,\"height\":254,\"caption\":\"OmniQuest\"},\"image\":{\"@id\":\"https:\/\/www.omniquest.de\/marktforschung-news\/#\/schema\/logo\/image\/\"},\"sameAs\":[\"https:\/\/www.facebook.com\/omniquest\",\"https:\/\/x.com\/omniquestbonn\"]},{\"@type\":\"Person\",\"@id\":\"https:\/\/www.omniquest.de\/marktforschung-news\/#\/schema\/person\/cc5f4802f3fe5782ee50302f6421626f\",\"name\":\"maxkunz\",\"image\":{\"@type\":\"ImageObject\",\"inLanguage\":\"de\",\"@id\":\"https:\/\/www.omniquest.de\/marktforschung-news\/#\/schema\/person\/image\/\",\"url\":\"https:\/\/secure.gravatar.com\/avatar\/4263acc4a3ce0b258a5f70ea20a3e80c96ef22b12f62637ae28a3eebf4a0f094?s=96&d=mm&r=g\",\"contentUrl\":\"https:\/\/secure.gravatar.com\/avatar\/4263acc4a3ce0b258a5f70ea20a3e80c96ef22b12f62637ae28a3eebf4a0f094?s=96&d=mm&r=g\",\"caption\":\"maxkunz\"}}]}<\/script>\n<!-- \/ Yoast SEO plugin. -->","yoast_head_json":{"title":"Maskenpflicht an Schulen lockern? | OmniQuest Umfrage","description":"Nachdem Bayern, Berlin und das Saarland die Maskenpflicht an Schulen gelockert haben, erw\u00e4gen auch andere Bundesl\u00e4nder entsprechende ...","robots":{"index":"index","follow":"follow","max-snippet":"max-snippet:-1","max-image-preview":"max-image-preview:large","max-video-preview":"max-video-preview:-1"},"canonical":"https:\/\/www.omniquest.de\/marktforschung-news\/aktuelle-umfragen\/gesellschaft\/49-befuerworten-abschaffung-von-maskenpflicht-an-schulen","og_locale":"de_DE","og_type":"article","og_title":"OmniQuest-Umfrage: 49% bef\u00fcrworten Abschaffung von Maskenpflicht an Schulen","og_description":"Nachdem Bayern, Berlin und das Saarland die Maskenpflicht an Schulen gelockert haben, erw\u00e4gen auch andere Bundesl\u00e4nder entsprechende Schritte. Der Berufsverband der ... | 12. Oktober 2021","og_url":"https:\/\/www.omniquest.de\/marktforschung-news\/aktuelle-umfragen\/gesellschaft\/49-befuerworten-abschaffung-von-maskenpflicht-an-schulen","og_site_name":"OmniQuest News","article_publisher":"https:\/\/www.facebook.com\/omniquest","article_published_time":"2021-10-12T12:11:29+00:00","article_modified_time":"2021-10-12T12:11:34+00:00","og_image":[{"width":1920,"height":1440,"url":"https:\/\/www.omniquest.de\/marktforschung-news\/wp-content\/uploads\/2021\/10\/klassenzimmer2.jpg","type":"image\/jpeg"}],"author":"maxkunz","twitter_card":"summary_large_image","twitter_title":"OmniQuest-Umfrage: 49% bef\u00fcrworten Abschaffung von Maskenpflicht an Schulen","twitter_description":"Nachdem Bayern, Berlin und das Saarland die Maskenpflicht an Schulen gelockert haben, erw\u00e4gen auch andere Bundesl\u00e4nder entsprechende Schritte. Der Berufsverband der ... | 12. Oktober 2021","twitter_image":"https:\/\/www.omniquest.de\/marktforschung-news\/wp-content\/uploads\/2021\/10\/klassenzimmer2.jpg","twitter_creator":"@omniquestbonn","twitter_site":"@omniquestbonn","twitter_misc":{"Verfasst von":"maxkunz","Gesch\u00e4tzte Lesezeit":"2\u00a0Minuten"},"schema":{"@context":"https:\/\/schema.org","@graph":[{"@type":"Article","@id":"https:\/\/www.omniquest.de\/marktforschung-news\/aktuelle-umfragen\/gesellschaft\/49-befuerworten-abschaffung-von-maskenpflicht-an-schulen#article","isPartOf":{"@id":"https:\/\/www.omniquest.de\/marktforschung-news\/aktuelle-umfragen\/gesellschaft\/49-befuerworten-abschaffung-von-maskenpflicht-an-schulen"},"author":{"name":"maxkunz","@id":"https:\/\/www.omniquest.de\/marktforschung-news\/#\/schema\/person\/cc5f4802f3fe5782ee50302f6421626f"},"headline":"49% bef\u00fcrworten Abschaffung von Maskenpflicht an Schulen","datePublished":"2021-10-12T12:11:29+00:00","dateModified":"2021-10-12T12:11:34+00:00","mainEntityOfPage":{"@id":"https:\/\/www.omniquest.de\/marktforschung-news\/aktuelle-umfragen\/gesellschaft\/49-befuerworten-abschaffung-von-maskenpflicht-an-schulen"},"wordCount":489,"commentCount":0,"publisher":{"@id":"https:\/\/www.omniquest.de\/marktforschung-news\/#organization"},"image":{"@id":"https:\/\/www.omniquest.de\/marktforschung-news\/aktuelle-umfragen\/gesellschaft\/49-befuerworten-abschaffung-von-maskenpflicht-an-schulen#primaryimage"},"thumbnailUrl":"https:\/\/www.omniquest.de\/marktforschung-news\/wp-content\/uploads\/2021\/10\/klassenzimmer2.jpg","articleSection":["Gesellschaft"],"inLanguage":"de","potentialAction":[{"@type":"CommentAction","name":"Comment","target":["https:\/\/www.omniquest.de\/marktforschung-news\/aktuelle-umfragen\/gesellschaft\/49-befuerworten-abschaffung-von-maskenpflicht-an-schulen#respond"]}]},{"@type":"WebPage","@id":"https:\/\/www.omniquest.de\/marktforschung-news\/aktuelle-umfragen\/gesellschaft\/49-befuerworten-abschaffung-von-maskenpflicht-an-schulen","url":"https:\/\/www.omniquest.de\/marktforschung-news\/aktuelle-umfragen\/gesellschaft\/49-befuerworten-abschaffung-von-maskenpflicht-an-schulen","name":"Maskenpflicht an Schulen lockern? | OmniQuest Umfrage","isPartOf":{"@id":"https:\/\/www.omniquest.de\/marktforschung-news\/#website"},"primaryImageOfPage":{"@id":"https:\/\/www.omniquest.de\/marktforschung-news\/aktuelle-umfragen\/gesellschaft\/49-befuerworten-abschaffung-von-maskenpflicht-an-schulen#primaryimage"},"image":{"@id":"https:\/\/www.omniquest.de\/marktforschung-news\/aktuelle-umfragen\/gesellschaft\/49-befuerworten-abschaffung-von-maskenpflicht-an-schulen#primaryimage"},"thumbnailUrl":"https:\/\/www.omniquest.de\/marktforschung-news\/wp-content\/uploads\/2021\/10\/klassenzimmer2.jpg","datePublished":"2021-10-12T12:11:29+00:00","dateModified":"2021-10-12T12:11:34+00:00","description":"Nachdem Bayern, Berlin und das Saarland die Maskenpflicht an Schulen gelockert haben, erw\u00e4gen auch andere Bundesl\u00e4nder entsprechende ...","breadcrumb":{"@id":"https:\/\/www.omniquest.de\/marktforschung-news\/aktuelle-umfragen\/gesellschaft\/49-befuerworten-abschaffung-von-maskenpflicht-an-schulen#breadcrumb"},"inLanguage":"de","potentialAction":[{"@type":"ReadAction","target":["https:\/\/www.omniquest.de\/marktforschung-news\/aktuelle-umfragen\/gesellschaft\/49-befuerworten-abschaffung-von-maskenpflicht-an-schulen"]}]},{"@type":"ImageObject","inLanguage":"de","@id":"https:\/\/www.omniquest.de\/marktforschung-news\/aktuelle-umfragen\/gesellschaft\/49-befuerworten-abschaffung-von-maskenpflicht-an-schulen#primaryimage","url":"https:\/\/www.omniquest.de\/marktforschung-news\/wp-content\/uploads\/2021\/10\/klassenzimmer2.jpg","contentUrl":"https:\/\/www.omniquest.de\/marktforschung-news\/wp-content\/uploads\/2021\/10\/klassenzimmer2.jpg","width":1920,"height":1440},{"@type":"BreadcrumbList","@id":"https:\/\/www.omniquest.de\/marktforschung-news\/aktuelle-umfragen\/gesellschaft\/49-befuerworten-abschaffung-von-maskenpflicht-an-schulen#breadcrumb","itemListElement":[{"@type":"ListItem","position":1,"name":"Startseite","item":"https:\/\/www.omniquest.de\/marktforschung-news"},{"@type":"ListItem","position":2,"name":"Umfragen","item":"https:\/\/www.omniquest.de\/marktforschung-news\/aktuelle-umfragen"},{"@type":"ListItem","position":3,"name":"Gesellschaft","item":"https:\/\/www.omniquest.de\/marktforschung-news\/aktuelle-umfragen\/gesellschaft"},{"@type":"ListItem","position":4,"name":"49% bef\u00fcrworten Abschaffung von Maskenpflicht an Schulen"}]},{"@type":"WebSite","@id":"https:\/\/www.omniquest.de\/marktforschung-news\/#website","url":"https:\/\/www.omniquest.de\/marktforschung-news\/","name":"OmniQuest News","description":"Das Portal f\u00fcr News aus der Marktforschung","publisher":{"@id":"https:\/\/www.omniquest.de\/marktforschung-news\/#organization"},"potentialAction":[{"@type":"SearchAction","target":{"@type":"EntryPoint","urlTemplate":"https:\/\/www.omniquest.de\/marktforschung-news\/?s={search_term_string}"},"query-input":{"@type":"PropertyValueSpecification","valueRequired":true,"valueName":"search_term_string"}}],"inLanguage":"de"},{"@type":"Organization","@id":"https:\/\/www.omniquest.de\/marktforschung-news\/#organization","name":"OmniQuest","url":"https:\/\/www.omniquest.de\/marktforschung-news\/","logo":{"@type":"ImageObject","inLanguage":"de","@id":"https:\/\/www.omniquest.de\/marktforschung-news\/#\/schema\/logo\/image\/","url":"https:\/\/www.omniquest.de\/marktforschung-news\/wp-content\/uploads\/2019\/02\/OmniQuest-Logo_Green.png","contentUrl":"https:\/\/www.omniquest.de\/marktforschung-news\/wp-content\/uploads\/2019\/02\/OmniQuest-Logo_Green.png","width":1000,"height":254,"caption":"OmniQuest"},"image":{"@id":"https:\/\/www.omniquest.de\/marktforschung-news\/#\/schema\/logo\/image\/"},"sameAs":["https:\/\/www.facebook.com\/omniquest","https:\/\/x.com\/omniquestbonn"]},{"@type":"Person","@id":"https:\/\/www.omniquest.de\/marktforschung-news\/#\/schema\/person\/cc5f4802f3fe5782ee50302f6421626f","name":"maxkunz","image":{"@type":"ImageObject","inLanguage":"de","@id":"https:\/\/www.omniquest.de\/marktforschung-news\/#\/schema\/person\/image\/","url":"https:\/\/secure.gravatar.com\/avatar\/4263acc4a3ce0b258a5f70ea20a3e80c96ef22b12f62637ae28a3eebf4a0f094?s=96&d=mm&r=g","contentUrl":"https:\/\/secure.gravatar.com\/avatar\/4263acc4a3ce0b258a5f70ea20a3e80c96ef22b12f62637ae28a3eebf4a0f094?s=96&d=mm&r=g","caption":"maxkunz"}}]}},"_links":{"self":[{"href":"https:\/\/www.omniquest.de\/marktforschung-news\/wp-json\/wp\/v2\/posts\/38335","targetHints":{"allow":["GET"]}}],"collection":[{"href":"https:\/\/www.omniquest.de\/marktforschung-news\/wp-json\/wp\/v2\/posts"}],"about":[{"href":"https:\/\/www.omniquest.de\/marktforschung-news\/wp-json\/wp\/v2\/types\/post"}],"author":[{"embeddable":true,"href":"https:\/\/www.omniquest.de\/marktforschung-news\/wp-json\/wp\/v2\/users\/1"}],"replies":[{"embeddable":true,"href":"https:\/\/www.omniquest.de\/marktforschung-news\/wp-json\/wp\/v2\/comments?post=38335"}],"version-history":[{"count":2,"href":"https:\/\/www.omniquest.de\/marktforschung-news\/wp-json\/wp\/v2\/posts\/38335\/revisions"}],"predecessor-version":[{"id":38339,"href":"https:\/\/www.omniquest.de\/marktforschung-news\/wp-json\/wp\/v2\/posts\/38335\/revisions\/38339"}],"wp:featuredmedia":[{"embeddable":true,"href":"https:\/\/www.omniquest.de\/marktforschung-news\/wp-json\/wp\/v2\/media\/38338"}],"wp:attachment":[{"href":"https:\/\/www.omniquest.de\/marktforschung-news\/wp-json\/wp\/v2\/media?parent=38335"}],"wp:term":[{"taxonomy":"category","embeddable":true,"href":"https:\/\/www.omniquest.de\/marktforschung-news\/wp-json\/wp\/v2\/categories?post=38335"},{"taxonomy":"post_tag","embeddable":true,"href":"https:\/\/www.omniquest.de\/marktforschung-news\/wp-json\/wp\/v2\/tags?post=38335"}],"curies":[{"name":"wp","href":"https:\/\/api.w.org\/{rel}","templated":true}]}}