{"id":38410,"date":"2021-11-10T11:25:59","date_gmt":"2021-11-10T10:25:59","guid":{"rendered":"https:\/\/www.omniquest.de\/marktforschung-news\/?p=38410"},"modified":"2021-11-11T11:31:44","modified_gmt":"2021-11-11T10:31:44","slug":"68-befuerworten-haftung-durch-vereine-fuer-fan-fehlverhalten","status":"publish","type":"post","link":"https:\/\/www.omniquest.de\/marktforschung-news\/aktuelle-umfragen\/sport\/68-befuerworten-haftung-durch-vereine-fuer-fan-fehlverhalten","title":{"rendered":"68% bef\u00fcrworten Haftung durch Vereine f\u00fcr Fan-Fehlverhalten"},"content":{"rendered":"<p>[et_pb_section fb_built=&#8220;1&#8243; _builder_version=&#8220;3.22&#8243; global_colors_info=&#8220;{}&#8220;][et_pb_row _builder_version=&#8220;3.25&#8243; background_size=&#8220;initial&#8220; background_position=&#8220;top_left&#8220; background_repeat=&#8220;repeat&#8220; global_colors_info=&#8220;{}&#8220;][et_pb_column type=&#8220;4_4&#8243; _builder_version=&#8220;3.25&#8243; custom_padding=&#8220;|||&#8220; global_colors_info=&#8220;{}&#8220; custom_padding__hover=&#8220;|||&#8220;][et_pb_text admin_label=&#8220;Fragetext&#8220; _builder_version=&#8220;4.11.3&#8243; border_style=&#8220;solid&#8220; global_colors_info=&#8220;{}&#8220;]In einem neuen Urteil hat der Bundesgerichtshof (BGH) in Karlsruhe entschieden, dass der Deutsche Fu\u00dfball-Bund (DFB) Vereine weiterhin wegen des Verhaltens seiner Anh\u00e4nger im Stadionumfeld mit Geldstrafen belegen darf. Fackeln Fu\u00dfballfans also Pyrotechnik ab, muss der Klub daf\u00fcr zahlen. Geklagt hatte der Regionalligist FC Carl Zeiss Jena, der im Jahr 2018 wegen St\u00f6rungen durch eigene Fans zu knapp 25.000 Euro Strafzahlung verpflichtet worden war. Wie bewern Sie das Urteil?[\/et_pb_text][et_pb_counters bar_bg_color=&#8220;#38b400&#8243; _builder_version=&#8220;4.11.3&#8243; border_style=&#8220;solid&#8220; border_radius=&#8220;0&#8243; global_colors_info=&#8220;{}&#8220;][et_pb_counter percent=&#8220;68&#8243; _builder_version=&#8220;4.11.3&#8243; title_font=&#8220;||||&#8220; percent_font=&#8220;||||&#8220; background_enable_video_mp4=&#8220;on&#8220; background_enable_video_webm=&#8220;on&#8220; global_colors_info=&#8220;{}&#8220; background_enable_color_default=&#8220;on&#8220; parallax_default=&#8220;off&#8220; parallax_method_default=&#8220;on&#8220; bar_background_color_default=&#8220;#38b400&#8243; use_percentages=&#8220;on&#8220; border_radius=&#8220;0&#8243;]Bef\u00fcrworte ich[\/et_pb_counter][et_pb_counter percent=&#8220;21&#8243; _builder_version=&#8220;4.11.3&#8243; title_font=&#8220;||||&#8220; percent_font=&#8220;||||&#8220; background_enable_video_mp4=&#8220;on&#8220; background_enable_video_webm=&#8220;on&#8220; global_colors_info=&#8220;{}&#8220; background_enable_color_default=&#8220;on&#8220; parallax_default=&#8220;off&#8220; parallax_method_default=&#8220;on&#8220; bar_background_color_default=&#8220;#38b400&#8243; use_percentages=&#8220;on&#8220; border_radius=&#8220;0&#8243;]Lehne ich ab[\/et_pb_counter][et_pb_counter percent=&#8220;11&#8243; _builder_version=&#8220;4.11.3&#8243; title_font=&#8220;||||&#8220; percent_font=&#8220;||||&#8220; background_enable_video_mp4=&#8220;on&#8220; background_enable_video_webm=&#8220;on&#8220; global_colors_info=&#8220;{}&#8220; background_enable_color_default=&#8220;on&#8220; parallax_default=&#8220;off&#8220; parallax_method_default=&#8220;on&#8220; bar_background_color_default=&#8220;#38b400&#8243; use_percentages=&#8220;on&#8220; border_radius=&#8220;0&#8243;]Bin mir nicht sicher[\/et_pb_counter][\/et_pb_counters][et_pb_text _builder_version=&#8220;4.11.3&#8243; border_style=&#8220;solid&#8220; global_colors_info=&#8220;{}&#8220;]<\/p>\n<p>283 Teilnehmer<\/p>\n<p>Erhebungszeitraum: 04.11.2021 \u2013 10.11.2021<\/p>\n<p><span style=\"color: #ff8b00;\">Der Quick Poll ist ein Instrument zur kurzfristigen Trendmessung unter beliebigen Teilnehmern aus dem <a class=\"news_beitrag_link\" href=\"http:\/\/www.omniquest.de\/omnipanel\">OmniPanel<\/a> und beansprucht keine Repr\u00e4sentativit\u00e4t f\u00fcr sich.<\/span><\/p>\n<p>[\/et_pb_text][\/et_pb_column][\/et_pb_row][\/et_pb_section]<\/p>\n","protected":false},"excerpt":{"rendered":"<p>In einem neuen Urteil hat der Bundesgerichtshof (BGH) in Karlsruhe entschieden, dass der Deutsche Fu\u00dfball-Bund (DFB) Vereine weiterhin wegen des Verhaltens seiner Anh\u00e4nger im Stadionumfeld mit Geldstrafen belegen darf. Fackeln Fu\u00dfballfans also Pyrotechnik ab, muss der Klub daf\u00fcr zahlen. Geklagt hatte der Regionalligist FC Carl Zeiss Jena, der im Jahr 2018 wegen St\u00f6rungen durch eigene [&hellip;]<\/p>\n","protected":false},"author":1,"featured_media":38413,"comment_status":"open","ping_status":"open","sticky":false,"template":"","format":"standard","meta":{"_et_pb_use_builder":"on","_et_pb_old_content":"","_et_gb_content_width":"","footnotes":""},"categories":[39],"tags":[],"class_list":["post-38410","post","type-post","status-publish","format-standard","has-post-thumbnail","hentry","category-sport","et-has-post-format-content","et_post_format-et-post-format-standard"],"yoast_head":"<!-- This site is optimized with the Yoast SEO plugin v26.1.1 - https:\/\/yoast.com\/wordpress\/plugins\/seo\/ -->\n<title>BGH-Urteil DFB-Geldstrafen | OmniQuest Umfrage<\/title>\n<meta name=\"description\" content=\"In einem neuen Urteil hat der Bundesgerichtshof (BGH) in Karlsruhe entschieden, dass der Deutsche Fu\u00dfball-Bund (DFB) Vereine weiterhin ...\" \/>\n<meta name=\"robots\" content=\"index, follow, max-snippet:-1, max-image-preview:large, max-video-preview:-1\" \/>\n<link rel=\"canonical\" href=\"https:\/\/www.omniquest.de\/marktforschung-news\/aktuelle-umfragen\/sport\/68-befuerworten-haftung-durch-vereine-fuer-fan-fehlverhalten\" \/>\n<meta property=\"og:locale\" content=\"de_DE\" \/>\n<meta property=\"og:type\" content=\"article\" \/>\n<meta property=\"og:title\" content=\"OmniQuest-Umfrage: 68% bef\u00fcrworten Haftung durch Vereine f\u00fcr Fan-Fehlverhalten\" \/>\n<meta property=\"og:description\" content=\"In einem neuen Urteil hat der Bundesgerichtshof (BGH) in Karlsruhe entschieden, dass der Deutsche Fu\u00dfball-Bund (DFB) Vereine weiterhin wegen des Verhaltens seiner ... | 10. November 2021\" \/>\n<meta property=\"og:url\" content=\"https:\/\/www.omniquest.de\/marktforschung-news\/aktuelle-umfragen\/sport\/68-befuerworten-haftung-durch-vereine-fuer-fan-fehlverhalten\" \/>\n<meta property=\"og:site_name\" content=\"OmniQuest News\" \/>\n<meta property=\"article:publisher\" content=\"https:\/\/www.facebook.com\/omniquest\" \/>\n<meta property=\"article:published_time\" content=\"2021-11-10T10:25:59+00:00\" \/>\n<meta property=\"article:modified_time\" content=\"2021-11-11T10:31:44+00:00\" \/>\n<meta property=\"og:image\" content=\"https:\/\/www.omniquest.de\/marktforschung-news\/wp-content\/uploads\/2021\/11\/fussballfans.jpg\" \/>\n\t<meta property=\"og:image:width\" content=\"1920\" \/>\n\t<meta property=\"og:image:height\" content=\"1440\" \/>\n\t<meta property=\"og:image:type\" content=\"image\/jpeg\" \/>\n<meta name=\"author\" content=\"maxkunz\" \/>\n<meta name=\"twitter:card\" content=\"summary_large_image\" \/>\n<meta name=\"twitter:title\" content=\"OmniQuest-Umfrage: 68% bef\u00fcrworten Haftung durch Vereine f\u00fcr Fan-Fehlverhalten\" \/>\n<meta name=\"twitter:description\" content=\"In einem neuen Urteil hat der Bundesgerichtshof (BGH) in Karlsruhe entschieden, dass der Deutsche Fu\u00dfball-Bund (DFB) Vereine weiterhin wegen des Verhaltens seiner ... | 10. November 2021\" \/>\n<meta name=\"twitter:image\" content=\"https:\/\/www.omniquest.de\/marktforschung-news\/wp-content\/uploads\/2021\/11\/Haftung_Vereine.jpg\" \/>\n<meta name=\"twitter:creator\" content=\"@omniquestbonn\" \/>\n<meta name=\"twitter:site\" content=\"@omniquestbonn\" \/>\n<meta name=\"twitter:label1\" content=\"Verfasst von\" \/>\n\t<meta name=\"twitter:data1\" content=\"maxkunz\" \/>\n\t<meta name=\"twitter:label2\" content=\"Gesch\u00e4tzte Lesezeit\" \/>\n\t<meta name=\"twitter:data2\" content=\"2\u00a0Minuten\" \/>\n<script type=\"application\/ld+json\" class=\"yoast-schema-graph\">{\"@context\":\"https:\/\/schema.org\",\"@graph\":[{\"@type\":\"Article\",\"@id\":\"https:\/\/www.omniquest.de\/marktforschung-news\/aktuelle-umfragen\/sport\/68-befuerworten-haftung-durch-vereine-fuer-fan-fehlverhalten#article\",\"isPartOf\":{\"@id\":\"https:\/\/www.omniquest.de\/marktforschung-news\/aktuelle-umfragen\/sport\/68-befuerworten-haftung-durch-vereine-fuer-fan-fehlverhalten\"},\"author\":{\"name\":\"maxkunz\",\"@id\":\"https:\/\/www.omniquest.de\/marktforschung-news\/#\/schema\/person\/cc5f4802f3fe5782ee50302f6421626f\"},\"headline\":\"68% bef\u00fcrworten Haftung durch Vereine f\u00fcr Fan-Fehlverhalten\",\"datePublished\":\"2021-11-10T10:25:59+00:00\",\"dateModified\":\"2021-11-11T10:31:44+00:00\",\"mainEntityOfPage\":{\"@id\":\"https:\/\/www.omniquest.de\/marktforschung-news\/aktuelle-umfragen\/sport\/68-befuerworten-haftung-durch-vereine-fuer-fan-fehlverhalten\"},\"wordCount\":362,\"commentCount\":0,\"publisher\":{\"@id\":\"https:\/\/www.omniquest.de\/marktforschung-news\/#organization\"},\"image\":{\"@id\":\"https:\/\/www.omniquest.de\/marktforschung-news\/aktuelle-umfragen\/sport\/68-befuerworten-haftung-durch-vereine-fuer-fan-fehlverhalten#primaryimage\"},\"thumbnailUrl\":\"https:\/\/www.omniquest.de\/marktforschung-news\/wp-content\/uploads\/2021\/11\/fussballfans.jpg\",\"articleSection\":[\"Sport\"],\"inLanguage\":\"de\",\"potentialAction\":[{\"@type\":\"CommentAction\",\"name\":\"Comment\",\"target\":[\"https:\/\/www.omniquest.de\/marktforschung-news\/aktuelle-umfragen\/sport\/68-befuerworten-haftung-durch-vereine-fuer-fan-fehlverhalten#respond\"]}]},{\"@type\":\"WebPage\",\"@id\":\"https:\/\/www.omniquest.de\/marktforschung-news\/aktuelle-umfragen\/sport\/68-befuerworten-haftung-durch-vereine-fuer-fan-fehlverhalten\",\"url\":\"https:\/\/www.omniquest.de\/marktforschung-news\/aktuelle-umfragen\/sport\/68-befuerworten-haftung-durch-vereine-fuer-fan-fehlverhalten\",\"name\":\"BGH-Urteil DFB-Geldstrafen | OmniQuest Umfrage\",\"isPartOf\":{\"@id\":\"https:\/\/www.omniquest.de\/marktforschung-news\/#website\"},\"primaryImageOfPage\":{\"@id\":\"https:\/\/www.omniquest.de\/marktforschung-news\/aktuelle-umfragen\/sport\/68-befuerworten-haftung-durch-vereine-fuer-fan-fehlverhalten#primaryimage\"},\"image\":{\"@id\":\"https:\/\/www.omniquest.de\/marktforschung-news\/aktuelle-umfragen\/sport\/68-befuerworten-haftung-durch-vereine-fuer-fan-fehlverhalten#primaryimage\"},\"thumbnailUrl\":\"https:\/\/www.omniquest.de\/marktforschung-news\/wp-content\/uploads\/2021\/11\/fussballfans.jpg\",\"datePublished\":\"2021-11-10T10:25:59+00:00\",\"dateModified\":\"2021-11-11T10:31:44+00:00\",\"description\":\"In einem neuen Urteil hat der Bundesgerichtshof (BGH) in Karlsruhe entschieden, dass der Deutsche Fu\u00dfball-Bund (DFB) Vereine weiterhin ...\",\"breadcrumb\":{\"@id\":\"https:\/\/www.omniquest.de\/marktforschung-news\/aktuelle-umfragen\/sport\/68-befuerworten-haftung-durch-vereine-fuer-fan-fehlverhalten#breadcrumb\"},\"inLanguage\":\"de\",\"potentialAction\":[{\"@type\":\"ReadAction\",\"target\":[\"https:\/\/www.omniquest.de\/marktforschung-news\/aktuelle-umfragen\/sport\/68-befuerworten-haftung-durch-vereine-fuer-fan-fehlverhalten\"]}]},{\"@type\":\"ImageObject\",\"inLanguage\":\"de\",\"@id\":\"https:\/\/www.omniquest.de\/marktforschung-news\/aktuelle-umfragen\/sport\/68-befuerworten-haftung-durch-vereine-fuer-fan-fehlverhalten#primaryimage\",\"url\":\"https:\/\/www.omniquest.de\/marktforschung-news\/wp-content\/uploads\/2021\/11\/fussballfans.jpg\",\"contentUrl\":\"https:\/\/www.omniquest.de\/marktforschung-news\/wp-content\/uploads\/2021\/11\/fussballfans.jpg\",\"width\":1920,\"height\":1440},{\"@type\":\"BreadcrumbList\",\"@id\":\"https:\/\/www.omniquest.de\/marktforschung-news\/aktuelle-umfragen\/sport\/68-befuerworten-haftung-durch-vereine-fuer-fan-fehlverhalten#breadcrumb\",\"itemListElement\":[{\"@type\":\"ListItem\",\"position\":1,\"name\":\"Startseite\",\"item\":\"https:\/\/www.omniquest.de\/marktforschung-news\"},{\"@type\":\"ListItem\",\"position\":2,\"name\":\"Umfragen\",\"item\":\"https:\/\/www.omniquest.de\/marktforschung-news\/aktuelle-umfragen\"},{\"@type\":\"ListItem\",\"position\":3,\"name\":\"Sport\",\"item\":\"https:\/\/www.omniquest.de\/marktforschung-news\/aktuelle-umfragen\/sport\"},{\"@type\":\"ListItem\",\"position\":4,\"name\":\"68% bef\u00fcrworten Haftung durch Vereine f\u00fcr Fan-Fehlverhalten\"}]},{\"@type\":\"WebSite\",\"@id\":\"https:\/\/www.omniquest.de\/marktforschung-news\/#website\",\"url\":\"https:\/\/www.omniquest.de\/marktforschung-news\/\",\"name\":\"OmniQuest News\",\"description\":\"Das Portal f\u00fcr News aus der Marktforschung\",\"publisher\":{\"@id\":\"https:\/\/www.omniquest.de\/marktforschung-news\/#organization\"},\"potentialAction\":[{\"@type\":\"SearchAction\",\"target\":{\"@type\":\"EntryPoint\",\"urlTemplate\":\"https:\/\/www.omniquest.de\/marktforschung-news\/?s={search_term_string}\"},\"query-input\":{\"@type\":\"PropertyValueSpecification\",\"valueRequired\":true,\"valueName\":\"search_term_string\"}}],\"inLanguage\":\"de\"},{\"@type\":\"Organization\",\"@id\":\"https:\/\/www.omniquest.de\/marktforschung-news\/#organization\",\"name\":\"OmniQuest\",\"url\":\"https:\/\/www.omniquest.de\/marktforschung-news\/\",\"logo\":{\"@type\":\"ImageObject\",\"inLanguage\":\"de\",\"@id\":\"https:\/\/www.omniquest.de\/marktforschung-news\/#\/schema\/logo\/image\/\",\"url\":\"https:\/\/www.omniquest.de\/marktforschung-news\/wp-content\/uploads\/2019\/02\/OmniQuest-Logo_Green.png\",\"contentUrl\":\"https:\/\/www.omniquest.de\/marktforschung-news\/wp-content\/uploads\/2019\/02\/OmniQuest-Logo_Green.png\",\"width\":1000,\"height\":254,\"caption\":\"OmniQuest\"},\"image\":{\"@id\":\"https:\/\/www.omniquest.de\/marktforschung-news\/#\/schema\/logo\/image\/\"},\"sameAs\":[\"https:\/\/www.facebook.com\/omniquest\",\"https:\/\/x.com\/omniquestbonn\"]},{\"@type\":\"Person\",\"@id\":\"https:\/\/www.omniquest.de\/marktforschung-news\/#\/schema\/person\/cc5f4802f3fe5782ee50302f6421626f\",\"name\":\"maxkunz\",\"image\":{\"@type\":\"ImageObject\",\"inLanguage\":\"de\",\"@id\":\"https:\/\/www.omniquest.de\/marktforschung-news\/#\/schema\/person\/image\/\",\"url\":\"https:\/\/secure.gravatar.com\/avatar\/4263acc4a3ce0b258a5f70ea20a3e80c96ef22b12f62637ae28a3eebf4a0f094?s=96&d=mm&r=g\",\"contentUrl\":\"https:\/\/secure.gravatar.com\/avatar\/4263acc4a3ce0b258a5f70ea20a3e80c96ef22b12f62637ae28a3eebf4a0f094?s=96&d=mm&r=g\",\"caption\":\"maxkunz\"}}]}<\/script>\n<!-- \/ Yoast SEO plugin. -->","yoast_head_json":{"title":"BGH-Urteil DFB-Geldstrafen | OmniQuest Umfrage","description":"In einem neuen Urteil hat der Bundesgerichtshof (BGH) in Karlsruhe entschieden, dass der Deutsche Fu\u00dfball-Bund (DFB) Vereine weiterhin ...","robots":{"index":"index","follow":"follow","max-snippet":"max-snippet:-1","max-image-preview":"max-image-preview:large","max-video-preview":"max-video-preview:-1"},"canonical":"https:\/\/www.omniquest.de\/marktforschung-news\/aktuelle-umfragen\/sport\/68-befuerworten-haftung-durch-vereine-fuer-fan-fehlverhalten","og_locale":"de_DE","og_type":"article","og_title":"OmniQuest-Umfrage: 68% bef\u00fcrworten Haftung durch Vereine f\u00fcr Fan-Fehlverhalten","og_description":"In einem neuen Urteil hat der Bundesgerichtshof (BGH) in Karlsruhe entschieden, dass der Deutsche Fu\u00dfball-Bund (DFB) Vereine weiterhin wegen des Verhaltens seiner ... | 10. November 2021","og_url":"https:\/\/www.omniquest.de\/marktforschung-news\/aktuelle-umfragen\/sport\/68-befuerworten-haftung-durch-vereine-fuer-fan-fehlverhalten","og_site_name":"OmniQuest News","article_publisher":"https:\/\/www.facebook.com\/omniquest","article_published_time":"2021-11-10T10:25:59+00:00","article_modified_time":"2021-11-11T10:31:44+00:00","og_image":[{"width":1920,"height":1440,"url":"https:\/\/www.omniquest.de\/marktforschung-news\/wp-content\/uploads\/2021\/11\/fussballfans.jpg","type":"image\/jpeg"}],"author":"maxkunz","twitter_card":"summary_large_image","twitter_title":"OmniQuest-Umfrage: 68% bef\u00fcrworten Haftung durch Vereine f\u00fcr Fan-Fehlverhalten","twitter_description":"In einem neuen Urteil hat der Bundesgerichtshof (BGH) in Karlsruhe entschieden, dass der Deutsche Fu\u00dfball-Bund (DFB) Vereine weiterhin wegen des Verhaltens seiner ... | 10. November 2021","twitter_image":"https:\/\/www.omniquest.de\/marktforschung-news\/wp-content\/uploads\/2021\/11\/Haftung_Vereine.jpg","twitter_creator":"@omniquestbonn","twitter_site":"@omniquestbonn","twitter_misc":{"Verfasst von":"maxkunz","Gesch\u00e4tzte Lesezeit":"2\u00a0Minuten"},"schema":{"@context":"https:\/\/schema.org","@graph":[{"@type":"Article","@id":"https:\/\/www.omniquest.de\/marktforschung-news\/aktuelle-umfragen\/sport\/68-befuerworten-haftung-durch-vereine-fuer-fan-fehlverhalten#article","isPartOf":{"@id":"https:\/\/www.omniquest.de\/marktforschung-news\/aktuelle-umfragen\/sport\/68-befuerworten-haftung-durch-vereine-fuer-fan-fehlverhalten"},"author":{"name":"maxkunz","@id":"https:\/\/www.omniquest.de\/marktforschung-news\/#\/schema\/person\/cc5f4802f3fe5782ee50302f6421626f"},"headline":"68% bef\u00fcrworten Haftung durch Vereine f\u00fcr Fan-Fehlverhalten","datePublished":"2021-11-10T10:25:59+00:00","dateModified":"2021-11-11T10:31:44+00:00","mainEntityOfPage":{"@id":"https:\/\/www.omniquest.de\/marktforschung-news\/aktuelle-umfragen\/sport\/68-befuerworten-haftung-durch-vereine-fuer-fan-fehlverhalten"},"wordCount":362,"commentCount":0,"publisher":{"@id":"https:\/\/www.omniquest.de\/marktforschung-news\/#organization"},"image":{"@id":"https:\/\/www.omniquest.de\/marktforschung-news\/aktuelle-umfragen\/sport\/68-befuerworten-haftung-durch-vereine-fuer-fan-fehlverhalten#primaryimage"},"thumbnailUrl":"https:\/\/www.omniquest.de\/marktforschung-news\/wp-content\/uploads\/2021\/11\/fussballfans.jpg","articleSection":["Sport"],"inLanguage":"de","potentialAction":[{"@type":"CommentAction","name":"Comment","target":["https:\/\/www.omniquest.de\/marktforschung-news\/aktuelle-umfragen\/sport\/68-befuerworten-haftung-durch-vereine-fuer-fan-fehlverhalten#respond"]}]},{"@type":"WebPage","@id":"https:\/\/www.omniquest.de\/marktforschung-news\/aktuelle-umfragen\/sport\/68-befuerworten-haftung-durch-vereine-fuer-fan-fehlverhalten","url":"https:\/\/www.omniquest.de\/marktforschung-news\/aktuelle-umfragen\/sport\/68-befuerworten-haftung-durch-vereine-fuer-fan-fehlverhalten","name":"BGH-Urteil DFB-Geldstrafen | OmniQuest Umfrage","isPartOf":{"@id":"https:\/\/www.omniquest.de\/marktforschung-news\/#website"},"primaryImageOfPage":{"@id":"https:\/\/www.omniquest.de\/marktforschung-news\/aktuelle-umfragen\/sport\/68-befuerworten-haftung-durch-vereine-fuer-fan-fehlverhalten#primaryimage"},"image":{"@id":"https:\/\/www.omniquest.de\/marktforschung-news\/aktuelle-umfragen\/sport\/68-befuerworten-haftung-durch-vereine-fuer-fan-fehlverhalten#primaryimage"},"thumbnailUrl":"https:\/\/www.omniquest.de\/marktforschung-news\/wp-content\/uploads\/2021\/11\/fussballfans.jpg","datePublished":"2021-11-10T10:25:59+00:00","dateModified":"2021-11-11T10:31:44+00:00","description":"In einem neuen Urteil hat der Bundesgerichtshof (BGH) in Karlsruhe entschieden, dass der Deutsche Fu\u00dfball-Bund (DFB) Vereine weiterhin ...","breadcrumb":{"@id":"https:\/\/www.omniquest.de\/marktforschung-news\/aktuelle-umfragen\/sport\/68-befuerworten-haftung-durch-vereine-fuer-fan-fehlverhalten#breadcrumb"},"inLanguage":"de","potentialAction":[{"@type":"ReadAction","target":["https:\/\/www.omniquest.de\/marktforschung-news\/aktuelle-umfragen\/sport\/68-befuerworten-haftung-durch-vereine-fuer-fan-fehlverhalten"]}]},{"@type":"ImageObject","inLanguage":"de","@id":"https:\/\/www.omniquest.de\/marktforschung-news\/aktuelle-umfragen\/sport\/68-befuerworten-haftung-durch-vereine-fuer-fan-fehlverhalten#primaryimage","url":"https:\/\/www.omniquest.de\/marktforschung-news\/wp-content\/uploads\/2021\/11\/fussballfans.jpg","contentUrl":"https:\/\/www.omniquest.de\/marktforschung-news\/wp-content\/uploads\/2021\/11\/fussballfans.jpg","width":1920,"height":1440},{"@type":"BreadcrumbList","@id":"https:\/\/www.omniquest.de\/marktforschung-news\/aktuelle-umfragen\/sport\/68-befuerworten-haftung-durch-vereine-fuer-fan-fehlverhalten#breadcrumb","itemListElement":[{"@type":"ListItem","position":1,"name":"Startseite","item":"https:\/\/www.omniquest.de\/marktforschung-news"},{"@type":"ListItem","position":2,"name":"Umfragen","item":"https:\/\/www.omniquest.de\/marktforschung-news\/aktuelle-umfragen"},{"@type":"ListItem","position":3,"name":"Sport","item":"https:\/\/www.omniquest.de\/marktforschung-news\/aktuelle-umfragen\/sport"},{"@type":"ListItem","position":4,"name":"68% bef\u00fcrworten Haftung durch Vereine f\u00fcr Fan-Fehlverhalten"}]},{"@type":"WebSite","@id":"https:\/\/www.omniquest.de\/marktforschung-news\/#website","url":"https:\/\/www.omniquest.de\/marktforschung-news\/","name":"OmniQuest News","description":"Das Portal f\u00fcr News aus der Marktforschung","publisher":{"@id":"https:\/\/www.omniquest.de\/marktforschung-news\/#organization"},"potentialAction":[{"@type":"SearchAction","target":{"@type":"EntryPoint","urlTemplate":"https:\/\/www.omniquest.de\/marktforschung-news\/?s={search_term_string}"},"query-input":{"@type":"PropertyValueSpecification","valueRequired":true,"valueName":"search_term_string"}}],"inLanguage":"de"},{"@type":"Organization","@id":"https:\/\/www.omniquest.de\/marktforschung-news\/#organization","name":"OmniQuest","url":"https:\/\/www.omniquest.de\/marktforschung-news\/","logo":{"@type":"ImageObject","inLanguage":"de","@id":"https:\/\/www.omniquest.de\/marktforschung-news\/#\/schema\/logo\/image\/","url":"https:\/\/www.omniquest.de\/marktforschung-news\/wp-content\/uploads\/2019\/02\/OmniQuest-Logo_Green.png","contentUrl":"https:\/\/www.omniquest.de\/marktforschung-news\/wp-content\/uploads\/2019\/02\/OmniQuest-Logo_Green.png","width":1000,"height":254,"caption":"OmniQuest"},"image":{"@id":"https:\/\/www.omniquest.de\/marktforschung-news\/#\/schema\/logo\/image\/"},"sameAs":["https:\/\/www.facebook.com\/omniquest","https:\/\/x.com\/omniquestbonn"]},{"@type":"Person","@id":"https:\/\/www.omniquest.de\/marktforschung-news\/#\/schema\/person\/cc5f4802f3fe5782ee50302f6421626f","name":"maxkunz","image":{"@type":"ImageObject","inLanguage":"de","@id":"https:\/\/www.omniquest.de\/marktforschung-news\/#\/schema\/person\/image\/","url":"https:\/\/secure.gravatar.com\/avatar\/4263acc4a3ce0b258a5f70ea20a3e80c96ef22b12f62637ae28a3eebf4a0f094?s=96&d=mm&r=g","contentUrl":"https:\/\/secure.gravatar.com\/avatar\/4263acc4a3ce0b258a5f70ea20a3e80c96ef22b12f62637ae28a3eebf4a0f094?s=96&d=mm&r=g","caption":"maxkunz"}}]}},"_links":{"self":[{"href":"https:\/\/www.omniquest.de\/marktforschung-news\/wp-json\/wp\/v2\/posts\/38410","targetHints":{"allow":["GET"]}}],"collection":[{"href":"https:\/\/www.omniquest.de\/marktforschung-news\/wp-json\/wp\/v2\/posts"}],"about":[{"href":"https:\/\/www.omniquest.de\/marktforschung-news\/wp-json\/wp\/v2\/types\/post"}],"author":[{"embeddable":true,"href":"https:\/\/www.omniquest.de\/marktforschung-news\/wp-json\/wp\/v2\/users\/1"}],"replies":[{"embeddable":true,"href":"https:\/\/www.omniquest.de\/marktforschung-news\/wp-json\/wp\/v2\/comments?post=38410"}],"version-history":[{"count":3,"href":"https:\/\/www.omniquest.de\/marktforschung-news\/wp-json\/wp\/v2\/posts\/38410\/revisions"}],"predecessor-version":[{"id":38417,"href":"https:\/\/www.omniquest.de\/marktforschung-news\/wp-json\/wp\/v2\/posts\/38410\/revisions\/38417"}],"wp:featuredmedia":[{"embeddable":true,"href":"https:\/\/www.omniquest.de\/marktforschung-news\/wp-json\/wp\/v2\/media\/38413"}],"wp:attachment":[{"href":"https:\/\/www.omniquest.de\/marktforschung-news\/wp-json\/wp\/v2\/media?parent=38410"}],"wp:term":[{"taxonomy":"category","embeddable":true,"href":"https:\/\/www.omniquest.de\/marktforschung-news\/wp-json\/wp\/v2\/categories?post=38410"},{"taxonomy":"post_tag","embeddable":true,"href":"https:\/\/www.omniquest.de\/marktforschung-news\/wp-json\/wp\/v2\/tags?post=38410"}],"curies":[{"name":"wp","href":"https:\/\/api.w.org\/{rel}","templated":true}]}}