{"id":39114,"date":"2023-03-20T14:10:49","date_gmt":"2023-03-20T13:10:49","guid":{"rendered":"https:\/\/www.omniquest.de\/marktforschung-news\/?p=39114"},"modified":"2023-03-20T14:10:55","modified_gmt":"2023-03-20T13:10:55","slug":"63-befuerworten-automatische-digitale-krankenakte","status":"publish","type":"post","link":"https:\/\/www.omniquest.de\/marktforschung-news\/aktuelle-umfragen\/gesellschaft\/63-befuerworten-automatische-digitale-krankenakte","title":{"rendered":"63% bef\u00fcrworten automatische digitale Krankenakte"},"content":{"rendered":"<p>[et_pb_section fb_built=&#8220;1&#8243; _builder_version=&#8220;4.16&#8243; global_colors_info=&#8220;{}&#8220; theme_builder_area=&#8220;post_content&#8220;][et_pb_row _builder_version=&#8220;4.16&#8243; background_size=&#8220;initial&#8220; background_position=&#8220;top_left&#8220; background_repeat=&#8220;repeat&#8220; global_colors_info=&#8220;{}&#8220; theme_builder_area=&#8220;post_content&#8220;][et_pb_column type=&#8220;4_4&#8243; _builder_version=&#8220;4.16&#8243; custom_padding=&#8220;|||&#8220; global_colors_info=&#8220;{}&#8220; custom_padding__hover=&#8220;|||&#8220; theme_builder_area=&#8220;post_content&#8220;][et_pb_text admin_label=&#8220;Fragetext&#8220; _builder_version=&#8220;4.19.5&#8243; hover_enabled=&#8220;0&#8243; border_style=&#8220;solid&#8220; global_colors_info=&#8220;{}&#8220; theme_builder_area=&#8220;post_content&#8220; sticky_enabled=&#8220;0&#8243;]Die Einf\u00fchrung der digitalen Krankenakte geht bisher nur schleppend voran, weniger als ein Prozent der Patienten nutzt sie aktuell. Bundesgesundheitsminister Karl Lauterbach (SPD) plant daher f\u00fcr Ende 2024 einen drastischen Kurswechsel. Statt einem aufw\u00e4ndigen Einrichten der Akte durch die Patienten selbst soll jede Person, die nicht widerspricht, automatisch eine digitale Akte erhalten. So w\u00e4ren die Gesundheitsdaten jederzeit beim Krankenhaus- oder Arztbesuch verf\u00fcgbar und k\u00f6nnten helfen, den \u00c4rzten mehr Informationen \u00fcber die Historie der Patienten zu geben. Datensch\u00fctzer sehen die Gefahr, dass Daten in falsche H\u00e4nde geraten k\u00f6nnten. Wie stehen Sie zu den Pl\u00e4nen zur automatischen, digitalen Patientenakte?[\/et_pb_text][et_pb_counters bar_bg_color=&#8220;#38b400&#8243; _builder_version=&#8220;4.19.5&#8243; hover_enabled=&#8220;0&#8243; border_style=&#8220;solid&#8220; border_radius=&#8220;0&#8243; global_colors_info=&#8220;{}&#8220; theme_builder_area=&#8220;post_content&#8220; sticky_enabled=&#8220;0&#8243;][et_pb_counter percent=&#8220;63&#8243; _builder_version=&#8220;4.19.5&#8243; title_font=&#8220;||||&#8220; percent_font=&#8220;||||&#8220; hover_enabled=&#8220;0&#8243; global_colors_info=&#8220;{}&#8220; theme_builder_area=&#8220;post_content&#8220; bar_background_color_default=&#8220;#38b400&#8243; use_percentages=&#8220;on&#8220; border_radius=&#8220;0&#8243; sticky_enabled=&#8220;0&#8243;]<\/p>\n<p>Bef\u00fcrworte ich<\/p>\n<p>[\/et_pb_counter][et_pb_counter percent=&#8220;26&#8243; _builder_version=&#8220;4.19.5&#8243; title_font=&#8220;||||&#8220; percent_font=&#8220;||||&#8220; hover_enabled=&#8220;0&#8243; global_colors_info=&#8220;{}&#8220; theme_builder_area=&#8220;post_content&#8220; bar_background_color_default=&#8220;#38b400&#8243; use_percentages=&#8220;on&#8220; border_radius=&#8220;0&#8243; sticky_enabled=&#8220;0&#8243;]<\/p>\n<p>Lehne ich ab<\/p>\n<p>[\/et_pb_counter][et_pb_counter percent=&#8220;11&#8243; _builder_version=&#8220;4.19.5&#8243; title_font=&#8220;||||&#8220; percent_font=&#8220;||||&#8220; hover_enabled=&#8220;0&#8243; global_colors_info=&#8220;{}&#8220; theme_builder_area=&#8220;post_content&#8220; bar_background_color_default=&#8220;#38b400&#8243; use_percentages=&#8220;on&#8220; border_radius=&#8220;0&#8243; sticky_enabled=&#8220;0&#8243;]Bin mir nicht sicher[\/et_pb_counter][\/et_pb_counters][et_pb_text _builder_version=&#8220;4.19.5&#8243; hover_enabled=&#8220;0&#8243; border_style=&#8220;solid&#8220; global_colors_info=&#8220;{}&#8220; theme_builder_area=&#8220;post_content&#8220; sticky_enabled=&#8220;0&#8243;]308 Teilnehmer<\/p>\n<p>Erhebungszeitraum: 09.03.2023 \u2013 20.03.2023<\/p>\n<p><span style=\"color: #ff8b00;\">Der Quick Poll ist ein Instrument zur kurzfristigen Trendmessung unter beliebigen Teilnehmern aus dem <a class=\"news_beitrag_link\" href=\"http:\/\/www.omniquest.de\/omnipanel\">OmniPanel<\/a> und beansprucht keine Repr\u00e4sentativit\u00e4t f\u00fcr sich.<\/span>[\/et_pb_text][\/et_pb_column][\/et_pb_row][\/et_pb_section]<\/p>\n","protected":false},"excerpt":{"rendered":"<p>Die Einf\u00fchrung der digitalen Krankenakte geht bisher nur schleppend voran, weniger als ein Prozent der Patienten nutzt sie aktuell. Bundesgesundheitsminister Karl Lauterbach (SPD) plant daher f\u00fcr Ende 2024 einen drastischen Kurswechsel. Statt einem aufw\u00e4ndigen Einrichten der Akte durch die Patienten selbst soll jede Person, die nicht widerspricht, automatisch eine digitale Akte erhalten. So w\u00e4ren die [&hellip;]<\/p>\n","protected":false},"author":1,"featured_media":39117,"comment_status":"open","ping_status":"open","sticky":false,"template":"","format":"standard","meta":{"_et_pb_use_builder":"on","_et_pb_old_content":"","_et_gb_content_width":"","footnotes":""},"categories":[41,17],"tags":[],"class_list":["post-39114","post","type-post","status-publish","format-standard","has-post-thumbnail","hentry","category-gesellschaft","category-politik","et-has-post-format-content","et_post_format-et-post-format-standard"],"yoast_head":"<!-- This site is optimized with the Yoast SEO plugin v26.1.1 - https:\/\/yoast.com\/wordpress\/plugins\/seo\/ -->\n<title>Einf\u00fchrung der digitalen Krankenakte | OmniQuest Umfrage<\/title>\n<meta name=\"description\" content=\"Die Einf\u00fchrung der digitalen Krankenakte geht bisher nur schleppend voran, weniger als ein Prozent der Patienten nutzt sie aktuell ...\" \/>\n<meta name=\"robots\" content=\"index, follow, max-snippet:-1, max-image-preview:large, max-video-preview:-1\" \/>\n<link rel=\"canonical\" href=\"https:\/\/www.omniquest.de\/marktforschung-news\/aktuelle-umfragen\/gesellschaft\/63-befuerworten-automatische-digitale-krankenakte\" \/>\n<meta property=\"og:locale\" content=\"de_DE\" \/>\n<meta property=\"og:type\" content=\"article\" \/>\n<meta property=\"og:title\" content=\"OmniQuest-Umfrage: 63% bef\u00fcrworten automatische digitale Krankenakte\" \/>\n<meta property=\"og:description\" content=\"Die Einf\u00fchrung der digitalen Krankenakte geht bisher nur schleppend voran, weniger als ein Prozent der Patienten nutzt sie aktuell. Bundesgesundheitsminister Karl ... | 20. M\u00e4rz 2023\" \/>\n<meta property=\"og:url\" content=\"https:\/\/www.omniquest.de\/marktforschung-news\/aktuelle-umfragen\/gesellschaft\/63-befuerworten-automatische-digitale-krankenakte\" \/>\n<meta property=\"og:site_name\" content=\"OmniQuest News\" \/>\n<meta property=\"article:publisher\" content=\"https:\/\/www.facebook.com\/omniquest\" \/>\n<meta property=\"article:published_time\" content=\"2023-03-20T13:10:49+00:00\" \/>\n<meta property=\"article:modified_time\" content=\"2023-03-20T13:10:55+00:00\" \/>\n<meta property=\"og:image\" content=\"https:\/\/www.omniquest.de\/marktforschung-news\/wp-content\/uploads\/2023\/03\/digi_Krankenakte-scaled.jpg\" \/>\n\t<meta property=\"og:image:width\" content=\"2560\" \/>\n\t<meta property=\"og:image:height\" content=\"1707\" \/>\n\t<meta property=\"og:image:type\" content=\"image\/jpeg\" \/>\n<meta name=\"author\" content=\"maxkunz\" \/>\n<meta name=\"twitter:card\" content=\"summary_large_image\" \/>\n<meta name=\"twitter:title\" content=\"OmniQuest-Umfrage: 63% bef\u00fcrworten automatische digitale Krankenakte\" \/>\n<meta name=\"twitter:description\" content=\"Die Einf\u00fchrung der digitalen Krankenakte geht bisher nur schleppend voran, weniger als ein Prozent der Patienten nutzt sie aktuell. Bundesgesundheitsminister Karl ... | 20. M\u00e4rz 2023\" \/>\n<meta name=\"twitter:image\" content=\"https:\/\/www.omniquest.de\/marktforschung-news\/wp-content\/uploads\/2023\/03\/digi_Krankenakte-scaled.jpg\" \/>\n<meta name=\"twitter:creator\" content=\"@omniquestbonn\" \/>\n<meta name=\"twitter:site\" content=\"@omniquestbonn\" \/>\n<meta name=\"twitter:label1\" content=\"Verfasst von\" \/>\n\t<meta name=\"twitter:data1\" content=\"maxkunz\" \/>\n<script type=\"application\/ld+json\" class=\"yoast-schema-graph\">{\"@context\":\"https:\/\/schema.org\",\"@graph\":[{\"@type\":\"Article\",\"@id\":\"https:\/\/www.omniquest.de\/marktforschung-news\/aktuelle-umfragen\/gesellschaft\/63-befuerworten-automatische-digitale-krankenakte#article\",\"isPartOf\":{\"@id\":\"https:\/\/www.omniquest.de\/marktforschung-news\/aktuelle-umfragen\/gesellschaft\/63-befuerworten-automatische-digitale-krankenakte\"},\"author\":{\"name\":\"maxkunz\",\"@id\":\"https:\/\/www.omniquest.de\/marktforschung-news\/#\/schema\/person\/cc5f4802f3fe5782ee50302f6421626f\"},\"headline\":\"63% bef\u00fcrworten automatische digitale Krankenakte\",\"datePublished\":\"2023-03-20T13:10:49+00:00\",\"dateModified\":\"2023-03-20T13:10:55+00:00\",\"mainEntityOfPage\":{\"@id\":\"https:\/\/www.omniquest.de\/marktforschung-news\/aktuelle-umfragen\/gesellschaft\/63-befuerworten-automatische-digitale-krankenakte\"},\"wordCount\":396,\"commentCount\":0,\"publisher\":{\"@id\":\"https:\/\/www.omniquest.de\/marktforschung-news\/#organization\"},\"image\":{\"@id\":\"https:\/\/www.omniquest.de\/marktforschung-news\/aktuelle-umfragen\/gesellschaft\/63-befuerworten-automatische-digitale-krankenakte#primaryimage\"},\"thumbnailUrl\":\"https:\/\/www.omniquest.de\/marktforschung-news\/wp-content\/uploads\/2023\/03\/digi_Krankenakte-scaled.jpg\",\"articleSection\":[\"Gesellschaft\",\"Politik\"],\"inLanguage\":\"de\",\"potentialAction\":[{\"@type\":\"CommentAction\",\"name\":\"Comment\",\"target\":[\"https:\/\/www.omniquest.de\/marktforschung-news\/aktuelle-umfragen\/gesellschaft\/63-befuerworten-automatische-digitale-krankenakte#respond\"]}]},{\"@type\":\"WebPage\",\"@id\":\"https:\/\/www.omniquest.de\/marktforschung-news\/aktuelle-umfragen\/gesellschaft\/63-befuerworten-automatische-digitale-krankenakte\",\"url\":\"https:\/\/www.omniquest.de\/marktforschung-news\/aktuelle-umfragen\/gesellschaft\/63-befuerworten-automatische-digitale-krankenakte\",\"name\":\"Einf\u00fchrung der digitalen Krankenakte | OmniQuest Umfrage\",\"isPartOf\":{\"@id\":\"https:\/\/www.omniquest.de\/marktforschung-news\/#website\"},\"primaryImageOfPage\":{\"@id\":\"https:\/\/www.omniquest.de\/marktforschung-news\/aktuelle-umfragen\/gesellschaft\/63-befuerworten-automatische-digitale-krankenakte#primaryimage\"},\"image\":{\"@id\":\"https:\/\/www.omniquest.de\/marktforschung-news\/aktuelle-umfragen\/gesellschaft\/63-befuerworten-automatische-digitale-krankenakte#primaryimage\"},\"thumbnailUrl\":\"https:\/\/www.omniquest.de\/marktforschung-news\/wp-content\/uploads\/2023\/03\/digi_Krankenakte-scaled.jpg\",\"datePublished\":\"2023-03-20T13:10:49+00:00\",\"dateModified\":\"2023-03-20T13:10:55+00:00\",\"description\":\"Die Einf\u00fchrung der digitalen Krankenakte geht bisher nur schleppend voran, weniger als ein Prozent der Patienten nutzt sie aktuell ...\",\"breadcrumb\":{\"@id\":\"https:\/\/www.omniquest.de\/marktforschung-news\/aktuelle-umfragen\/gesellschaft\/63-befuerworten-automatische-digitale-krankenakte#breadcrumb\"},\"inLanguage\":\"de\",\"potentialAction\":[{\"@type\":\"ReadAction\",\"target\":[\"https:\/\/www.omniquest.de\/marktforschung-news\/aktuelle-umfragen\/gesellschaft\/63-befuerworten-automatische-digitale-krankenakte\"]}]},{\"@type\":\"ImageObject\",\"inLanguage\":\"de\",\"@id\":\"https:\/\/www.omniquest.de\/marktforschung-news\/aktuelle-umfragen\/gesellschaft\/63-befuerworten-automatische-digitale-krankenakte#primaryimage\",\"url\":\"https:\/\/www.omniquest.de\/marktforschung-news\/wp-content\/uploads\/2023\/03\/digi_Krankenakte-scaled.jpg\",\"contentUrl\":\"https:\/\/www.omniquest.de\/marktforschung-news\/wp-content\/uploads\/2023\/03\/digi_Krankenakte-scaled.jpg\",\"width\":2560,\"height\":1707},{\"@type\":\"BreadcrumbList\",\"@id\":\"https:\/\/www.omniquest.de\/marktforschung-news\/aktuelle-umfragen\/gesellschaft\/63-befuerworten-automatische-digitale-krankenakte#breadcrumb\",\"itemListElement\":[{\"@type\":\"ListItem\",\"position\":1,\"name\":\"Startseite\",\"item\":\"https:\/\/www.omniquest.de\/marktforschung-news\"},{\"@type\":\"ListItem\",\"position\":2,\"name\":\"Umfragen\",\"item\":\"https:\/\/www.omniquest.de\/marktforschung-news\/aktuelle-umfragen\"},{\"@type\":\"ListItem\",\"position\":3,\"name\":\"Gesellschaft\",\"item\":\"https:\/\/www.omniquest.de\/marktforschung-news\/aktuelle-umfragen\/gesellschaft\"},{\"@type\":\"ListItem\",\"position\":4,\"name\":\"63% bef\u00fcrworten automatische digitale Krankenakte\"}]},{\"@type\":\"WebSite\",\"@id\":\"https:\/\/www.omniquest.de\/marktforschung-news\/#website\",\"url\":\"https:\/\/www.omniquest.de\/marktforschung-news\/\",\"name\":\"OmniQuest News\",\"description\":\"Das Portal f\u00fcr News aus der Marktforschung\",\"publisher\":{\"@id\":\"https:\/\/www.omniquest.de\/marktforschung-news\/#organization\"},\"potentialAction\":[{\"@type\":\"SearchAction\",\"target\":{\"@type\":\"EntryPoint\",\"urlTemplate\":\"https:\/\/www.omniquest.de\/marktforschung-news\/?s={search_term_string}\"},\"query-input\":{\"@type\":\"PropertyValueSpecification\",\"valueRequired\":true,\"valueName\":\"search_term_string\"}}],\"inLanguage\":\"de\"},{\"@type\":\"Organization\",\"@id\":\"https:\/\/www.omniquest.de\/marktforschung-news\/#organization\",\"name\":\"OmniQuest\",\"url\":\"https:\/\/www.omniquest.de\/marktforschung-news\/\",\"logo\":{\"@type\":\"ImageObject\",\"inLanguage\":\"de\",\"@id\":\"https:\/\/www.omniquest.de\/marktforschung-news\/#\/schema\/logo\/image\/\",\"url\":\"https:\/\/www.omniquest.de\/marktforschung-news\/wp-content\/uploads\/2019\/02\/OmniQuest-Logo_Green.png\",\"contentUrl\":\"https:\/\/www.omniquest.de\/marktforschung-news\/wp-content\/uploads\/2019\/02\/OmniQuest-Logo_Green.png\",\"width\":1000,\"height\":254,\"caption\":\"OmniQuest\"},\"image\":{\"@id\":\"https:\/\/www.omniquest.de\/marktforschung-news\/#\/schema\/logo\/image\/\"},\"sameAs\":[\"https:\/\/www.facebook.com\/omniquest\",\"https:\/\/x.com\/omniquestbonn\"]},{\"@type\":\"Person\",\"@id\":\"https:\/\/www.omniquest.de\/marktforschung-news\/#\/schema\/person\/cc5f4802f3fe5782ee50302f6421626f\",\"name\":\"maxkunz\",\"image\":{\"@type\":\"ImageObject\",\"inLanguage\":\"de\",\"@id\":\"https:\/\/www.omniquest.de\/marktforschung-news\/#\/schema\/person\/image\/\",\"url\":\"https:\/\/secure.gravatar.com\/avatar\/4263acc4a3ce0b258a5f70ea20a3e80c96ef22b12f62637ae28a3eebf4a0f094?s=96&d=mm&r=g\",\"contentUrl\":\"https:\/\/secure.gravatar.com\/avatar\/4263acc4a3ce0b258a5f70ea20a3e80c96ef22b12f62637ae28a3eebf4a0f094?s=96&d=mm&r=g\",\"caption\":\"maxkunz\"}}]}<\/script>\n<!-- \/ Yoast SEO plugin. -->","yoast_head_json":{"title":"Einf\u00fchrung der digitalen Krankenakte | OmniQuest Umfrage","description":"Die Einf\u00fchrung der digitalen Krankenakte geht bisher nur schleppend voran, weniger als ein Prozent der Patienten nutzt sie aktuell ...","robots":{"index":"index","follow":"follow","max-snippet":"max-snippet:-1","max-image-preview":"max-image-preview:large","max-video-preview":"max-video-preview:-1"},"canonical":"https:\/\/www.omniquest.de\/marktforschung-news\/aktuelle-umfragen\/gesellschaft\/63-befuerworten-automatische-digitale-krankenakte","og_locale":"de_DE","og_type":"article","og_title":"OmniQuest-Umfrage: 63% bef\u00fcrworten automatische digitale Krankenakte","og_description":"Die Einf\u00fchrung der digitalen Krankenakte geht bisher nur schleppend voran, weniger als ein Prozent der Patienten nutzt sie aktuell. Bundesgesundheitsminister Karl ... | 20. M\u00e4rz 2023","og_url":"https:\/\/www.omniquest.de\/marktforschung-news\/aktuelle-umfragen\/gesellschaft\/63-befuerworten-automatische-digitale-krankenakte","og_site_name":"OmniQuest News","article_publisher":"https:\/\/www.facebook.com\/omniquest","article_published_time":"2023-03-20T13:10:49+00:00","article_modified_time":"2023-03-20T13:10:55+00:00","og_image":[{"width":2560,"height":1707,"url":"https:\/\/www.omniquest.de\/marktforschung-news\/wp-content\/uploads\/2023\/03\/digi_Krankenakte-scaled.jpg","type":"image\/jpeg"}],"author":"maxkunz","twitter_card":"summary_large_image","twitter_title":"OmniQuest-Umfrage: 63% bef\u00fcrworten automatische digitale Krankenakte","twitter_description":"Die Einf\u00fchrung der digitalen Krankenakte geht bisher nur schleppend voran, weniger als ein Prozent der Patienten nutzt sie aktuell. Bundesgesundheitsminister Karl ... | 20. M\u00e4rz 2023","twitter_image":"https:\/\/www.omniquest.de\/marktforschung-news\/wp-content\/uploads\/2023\/03\/digi_Krankenakte-scaled.jpg","twitter_creator":"@omniquestbonn","twitter_site":"@omniquestbonn","twitter_misc":{"Verfasst von":"maxkunz"},"schema":{"@context":"https:\/\/schema.org","@graph":[{"@type":"Article","@id":"https:\/\/www.omniquest.de\/marktforschung-news\/aktuelle-umfragen\/gesellschaft\/63-befuerworten-automatische-digitale-krankenakte#article","isPartOf":{"@id":"https:\/\/www.omniquest.de\/marktforschung-news\/aktuelle-umfragen\/gesellschaft\/63-befuerworten-automatische-digitale-krankenakte"},"author":{"name":"maxkunz","@id":"https:\/\/www.omniquest.de\/marktforschung-news\/#\/schema\/person\/cc5f4802f3fe5782ee50302f6421626f"},"headline":"63% bef\u00fcrworten automatische digitale Krankenakte","datePublished":"2023-03-20T13:10:49+00:00","dateModified":"2023-03-20T13:10:55+00:00","mainEntityOfPage":{"@id":"https:\/\/www.omniquest.de\/marktforschung-news\/aktuelle-umfragen\/gesellschaft\/63-befuerworten-automatische-digitale-krankenakte"},"wordCount":396,"commentCount":0,"publisher":{"@id":"https:\/\/www.omniquest.de\/marktforschung-news\/#organization"},"image":{"@id":"https:\/\/www.omniquest.de\/marktforschung-news\/aktuelle-umfragen\/gesellschaft\/63-befuerworten-automatische-digitale-krankenakte#primaryimage"},"thumbnailUrl":"https:\/\/www.omniquest.de\/marktforschung-news\/wp-content\/uploads\/2023\/03\/digi_Krankenakte-scaled.jpg","articleSection":["Gesellschaft","Politik"],"inLanguage":"de","potentialAction":[{"@type":"CommentAction","name":"Comment","target":["https:\/\/www.omniquest.de\/marktforschung-news\/aktuelle-umfragen\/gesellschaft\/63-befuerworten-automatische-digitale-krankenakte#respond"]}]},{"@type":"WebPage","@id":"https:\/\/www.omniquest.de\/marktforschung-news\/aktuelle-umfragen\/gesellschaft\/63-befuerworten-automatische-digitale-krankenakte","url":"https:\/\/www.omniquest.de\/marktforschung-news\/aktuelle-umfragen\/gesellschaft\/63-befuerworten-automatische-digitale-krankenakte","name":"Einf\u00fchrung der digitalen Krankenakte | OmniQuest Umfrage","isPartOf":{"@id":"https:\/\/www.omniquest.de\/marktforschung-news\/#website"},"primaryImageOfPage":{"@id":"https:\/\/www.omniquest.de\/marktforschung-news\/aktuelle-umfragen\/gesellschaft\/63-befuerworten-automatische-digitale-krankenakte#primaryimage"},"image":{"@id":"https:\/\/www.omniquest.de\/marktforschung-news\/aktuelle-umfragen\/gesellschaft\/63-befuerworten-automatische-digitale-krankenakte#primaryimage"},"thumbnailUrl":"https:\/\/www.omniquest.de\/marktforschung-news\/wp-content\/uploads\/2023\/03\/digi_Krankenakte-scaled.jpg","datePublished":"2023-03-20T13:10:49+00:00","dateModified":"2023-03-20T13:10:55+00:00","description":"Die Einf\u00fchrung der digitalen Krankenakte geht bisher nur schleppend voran, weniger als ein Prozent der Patienten nutzt sie aktuell ...","breadcrumb":{"@id":"https:\/\/www.omniquest.de\/marktforschung-news\/aktuelle-umfragen\/gesellschaft\/63-befuerworten-automatische-digitale-krankenakte#breadcrumb"},"inLanguage":"de","potentialAction":[{"@type":"ReadAction","target":["https:\/\/www.omniquest.de\/marktforschung-news\/aktuelle-umfragen\/gesellschaft\/63-befuerworten-automatische-digitale-krankenakte"]}]},{"@type":"ImageObject","inLanguage":"de","@id":"https:\/\/www.omniquest.de\/marktforschung-news\/aktuelle-umfragen\/gesellschaft\/63-befuerworten-automatische-digitale-krankenakte#primaryimage","url":"https:\/\/www.omniquest.de\/marktforschung-news\/wp-content\/uploads\/2023\/03\/digi_Krankenakte-scaled.jpg","contentUrl":"https:\/\/www.omniquest.de\/marktforschung-news\/wp-content\/uploads\/2023\/03\/digi_Krankenakte-scaled.jpg","width":2560,"height":1707},{"@type":"BreadcrumbList","@id":"https:\/\/www.omniquest.de\/marktforschung-news\/aktuelle-umfragen\/gesellschaft\/63-befuerworten-automatische-digitale-krankenakte#breadcrumb","itemListElement":[{"@type":"ListItem","position":1,"name":"Startseite","item":"https:\/\/www.omniquest.de\/marktforschung-news"},{"@type":"ListItem","position":2,"name":"Umfragen","item":"https:\/\/www.omniquest.de\/marktforschung-news\/aktuelle-umfragen"},{"@type":"ListItem","position":3,"name":"Gesellschaft","item":"https:\/\/www.omniquest.de\/marktforschung-news\/aktuelle-umfragen\/gesellschaft"},{"@type":"ListItem","position":4,"name":"63% bef\u00fcrworten automatische digitale Krankenakte"}]},{"@type":"WebSite","@id":"https:\/\/www.omniquest.de\/marktforschung-news\/#website","url":"https:\/\/www.omniquest.de\/marktforschung-news\/","name":"OmniQuest News","description":"Das Portal f\u00fcr News aus der Marktforschung","publisher":{"@id":"https:\/\/www.omniquest.de\/marktforschung-news\/#organization"},"potentialAction":[{"@type":"SearchAction","target":{"@type":"EntryPoint","urlTemplate":"https:\/\/www.omniquest.de\/marktforschung-news\/?s={search_term_string}"},"query-input":{"@type":"PropertyValueSpecification","valueRequired":true,"valueName":"search_term_string"}}],"inLanguage":"de"},{"@type":"Organization","@id":"https:\/\/www.omniquest.de\/marktforschung-news\/#organization","name":"OmniQuest","url":"https:\/\/www.omniquest.de\/marktforschung-news\/","logo":{"@type":"ImageObject","inLanguage":"de","@id":"https:\/\/www.omniquest.de\/marktforschung-news\/#\/schema\/logo\/image\/","url":"https:\/\/www.omniquest.de\/marktforschung-news\/wp-content\/uploads\/2019\/02\/OmniQuest-Logo_Green.png","contentUrl":"https:\/\/www.omniquest.de\/marktforschung-news\/wp-content\/uploads\/2019\/02\/OmniQuest-Logo_Green.png","width":1000,"height":254,"caption":"OmniQuest"},"image":{"@id":"https:\/\/www.omniquest.de\/marktforschung-news\/#\/schema\/logo\/image\/"},"sameAs":["https:\/\/www.facebook.com\/omniquest","https:\/\/x.com\/omniquestbonn"]},{"@type":"Person","@id":"https:\/\/www.omniquest.de\/marktforschung-news\/#\/schema\/person\/cc5f4802f3fe5782ee50302f6421626f","name":"maxkunz","image":{"@type":"ImageObject","inLanguage":"de","@id":"https:\/\/www.omniquest.de\/marktforschung-news\/#\/schema\/person\/image\/","url":"https:\/\/secure.gravatar.com\/avatar\/4263acc4a3ce0b258a5f70ea20a3e80c96ef22b12f62637ae28a3eebf4a0f094?s=96&d=mm&r=g","contentUrl":"https:\/\/secure.gravatar.com\/avatar\/4263acc4a3ce0b258a5f70ea20a3e80c96ef22b12f62637ae28a3eebf4a0f094?s=96&d=mm&r=g","caption":"maxkunz"}}]}},"_links":{"self":[{"href":"https:\/\/www.omniquest.de\/marktforschung-news\/wp-json\/wp\/v2\/posts\/39114","targetHints":{"allow":["GET"]}}],"collection":[{"href":"https:\/\/www.omniquest.de\/marktforschung-news\/wp-json\/wp\/v2\/posts"}],"about":[{"href":"https:\/\/www.omniquest.de\/marktforschung-news\/wp-json\/wp\/v2\/types\/post"}],"author":[{"embeddable":true,"href":"https:\/\/www.omniquest.de\/marktforschung-news\/wp-json\/wp\/v2\/users\/1"}],"replies":[{"embeddable":true,"href":"https:\/\/www.omniquest.de\/marktforschung-news\/wp-json\/wp\/v2\/comments?post=39114"}],"version-history":[{"count":2,"href":"https:\/\/www.omniquest.de\/marktforschung-news\/wp-json\/wp\/v2\/posts\/39114\/revisions"}],"predecessor-version":[{"id":39118,"href":"https:\/\/www.omniquest.de\/marktforschung-news\/wp-json\/wp\/v2\/posts\/39114\/revisions\/39118"}],"wp:featuredmedia":[{"embeddable":true,"href":"https:\/\/www.omniquest.de\/marktforschung-news\/wp-json\/wp\/v2\/media\/39117"}],"wp:attachment":[{"href":"https:\/\/www.omniquest.de\/marktforschung-news\/wp-json\/wp\/v2\/media?parent=39114"}],"wp:term":[{"taxonomy":"category","embeddable":true,"href":"https:\/\/www.omniquest.de\/marktforschung-news\/wp-json\/wp\/v2\/categories?post=39114"},{"taxonomy":"post_tag","embeddable":true,"href":"https:\/\/www.omniquest.de\/marktforschung-news\/wp-json\/wp\/v2\/tags?post=39114"}],"curies":[{"name":"wp","href":"https:\/\/api.w.org\/{rel}","templated":true}]}}