{"id":39288,"date":"2023-08-25T14:27:29","date_gmt":"2023-08-25T12:27:29","guid":{"rendered":"https:\/\/www.omniquest.de\/marktforschung-news\/?p=39288"},"modified":"2023-08-25T14:27:35","modified_gmt":"2023-08-25T12:27:35","slug":"56-befuerworten-termin-ausfallgebuehr-in-arztpraxen","status":"publish","type":"post","link":"https:\/\/www.omniquest.de\/marktforschung-news\/aktuelle-umfragen\/gesellschaft\/56-befuerworten-termin-ausfallgebuehr-in-arztpraxen","title":{"rendered":"56% bef\u00fcrworten Termin-Ausfallgeb\u00fchr in Arztpraxen"},"content":{"rendered":"<p>[et_pb_section fb_built=&#8220;1&#8243; _builder_version=&#8220;4.16&#8243; global_colors_info=&#8220;{}&#8220; theme_builder_area=&#8220;post_content&#8220;][et_pb_row _builder_version=&#8220;4.16&#8243; background_size=&#8220;initial&#8220; background_position=&#8220;top_left&#8220; background_repeat=&#8220;repeat&#8220; global_colors_info=&#8220;{}&#8220; theme_builder_area=&#8220;post_content&#8220;][et_pb_column type=&#8220;4_4&#8243; _builder_version=&#8220;4.16&#8243; custom_padding=&#8220;|||&#8220; global_colors_info=&#8220;{}&#8220; custom_padding__hover=&#8220;|||&#8220; theme_builder_area=&#8220;post_content&#8220;][et_pb_text admin_label=&#8220;Fragetext&#8220; _builder_version=&#8220;4.21.0&#8243; hover_enabled=&#8220;0&#8243; border_style=&#8220;solid&#8220; global_colors_info=&#8220;{}&#8220; theme_builder_area=&#8220;post_content&#8220; sticky_enabled=&#8220;0&#8243;]<\/p>\n<p>Laut einer Studie der Kassen\u00e4rztlichen Bundesvereinigung (KBV) beklagen sieben von zehn Arztpraxen Probleme mit verpassten Terminen ihrer Patienten. &#8222;Die Termine sind geblockt und stehen dann f\u00fcr andere Patienten nicht zur Verf\u00fcgung&#8220;, so KBV-Chef Andreas Gassen in einer Medien-Mitteilung. Er fordert eine durch die Krankenkassen zu entrichtende Ausfallgeb\u00fchr, wenn deren Versicherte vereinbarte Termine nicht wahrnehmen. Was halten Sie von einer solchen Ausfallgeb\u00fchr?<\/p>\n<p>[\/et_pb_text][et_pb_counters bar_bg_color=&#8220;#38b400&#8243; _builder_version=&#8220;4.21.0&#8243; hover_enabled=&#8220;0&#8243; border_style=&#8220;solid&#8220; border_radius=&#8220;0&#8243; global_colors_info=&#8220;{}&#8220; theme_builder_area=&#8220;post_content&#8220; sticky_enabled=&#8220;0&#8243;][et_pb_counter percent=&#8220;56&#8243; _builder_version=&#8220;4.21.0&#8243; title_font=&#8220;||||&#8220; percent_font=&#8220;||||&#8220; hover_enabled=&#8220;0&#8243; global_colors_info=&#8220;{}&#8220; theme_builder_area=&#8220;post_content&#8220; bar_background_color_default=&#8220;#38b400&#8243; use_percentages=&#8220;on&#8220; border_radius=&#8220;0&#8243; sticky_enabled=&#8220;0&#8243;]Bef\u00fcrworte ich[\/et_pb_counter][et_pb_counter percent=&#8220;34&#8243; _builder_version=&#8220;4.21.0&#8243; title_font=&#8220;||||&#8220; percent_font=&#8220;||||&#8220; hover_enabled=&#8220;0&#8243; global_colors_info=&#8220;{}&#8220; theme_builder_area=&#8220;post_content&#8220; bar_background_color_default=&#8220;#38b400&#8243; use_percentages=&#8220;on&#8220; border_radius=&#8220;0&#8243; sticky_enabled=&#8220;0&#8243;]Lehne ich ab[\/et_pb_counter][et_pb_counter percent=&#8220;10&#8243; _builder_version=&#8220;4.21.0&#8243; title_font=&#8220;||||&#8220; percent_font=&#8220;||||&#8220; hover_enabled=&#8220;0&#8243; global_colors_info=&#8220;{}&#8220; theme_builder_area=&#8220;post_content&#8220; bar_background_color_default=&#8220;#38b400&#8243; use_percentages=&#8220;on&#8220; border_radius=&#8220;0&#8243; sticky_enabled=&#8220;0&#8243;]Bin mir nicht sicher[\/et_pb_counter][\/et_pb_counters][et_pb_text _builder_version=&#8220;4.21.0&#8243; hover_enabled=&#8220;0&#8243; border_style=&#8220;solid&#8220; global_colors_info=&#8220;{}&#8220; theme_builder_area=&#8220;post_content&#8220; sticky_enabled=&#8220;0&#8243;]<\/p>\n<p>666 Teilnehmer<\/p>\n<p>Erhebungszeitraum: 03.08.2023 \u2013 25.08.2023<\/p>\n<p><span style=\"color: #ff8b00;\">Der Quick Poll ist ein Instrument zur kurzfristigen Trendmessung unter beliebigen Teilnehmern aus dem <a class=\"news_beitrag_link\" href=\"http:\/\/www.omniquest.de\/omnipanel\">OmniPanel<\/a> und beansprucht keine Repr\u00e4sentativit\u00e4t f\u00fcr sich.<\/span><\/p>\n<p>[\/et_pb_text][\/et_pb_column][\/et_pb_row][\/et_pb_section]<\/p>\n","protected":false},"excerpt":{"rendered":"<p>Laut einer Studie der Kassen\u00e4rztlichen Bundesvereinigung (KBV) beklagen sieben von zehn Arztpraxen Probleme mit verpassten Terminen ihrer Patienten. &#8222;Die Termine sind geblockt und stehen dann f\u00fcr andere Patienten nicht zur Verf\u00fcgung&#8220;, so KBV-Chef Andreas Gassen in einer Medien-Mitteilung. Er fordert eine durch die Krankenkassen zu entrichtende Ausfallgeb\u00fchr, wenn deren Versicherte vereinbarte Termine nicht wahrnehmen. Was [&hellip;]<\/p>\n","protected":false},"author":8,"featured_media":39291,"comment_status":"closed","ping_status":"open","sticky":false,"template":"","format":"standard","meta":{"_et_pb_use_builder":"on","_et_pb_old_content":"","_et_gb_content_width":"","footnotes":""},"categories":[41],"tags":[523,955,956,524,957],"class_list":["post-39288","post","type-post","status-publish","format-standard","has-post-thumbnail","hentry","category-gesellschaft","tag-ausfallgebuehr","tag-gebuehr","tag-kbv","tag-krankenkasse","tag-terminausfall","et-has-post-format-content","et_post_format-et-post-format-standard"],"yoast_head":"<!-- This site is optimized with the Yoast SEO plugin v26.1.1 - https:\/\/yoast.com\/wordpress\/plugins\/seo\/ -->\n<title>56% bef\u00fcrworten Termin-Ausfallgeb\u00fchr in Arztpraxen - OmniQuest News<\/title>\n<meta name=\"description\" content=\"KBV-Chef Andreas Gassen fordert eine Ausfallgeb\u00fchr, wenn vereinbarte Termine in Aztpraxen nicht wahrgenommen werden. Was halten Sie von einer solchen Geb\u00fchr? | Gesellschaft\" \/>\n<meta name=\"robots\" content=\"index, follow, max-snippet:-1, max-image-preview:large, max-video-preview:-1\" \/>\n<link rel=\"canonical\" href=\"https:\/\/www.omniquest.de\/marktforschung-news\/aktuelle-umfragen\/gesellschaft\/56-befuerworten-termin-ausfallgebuehr-in-arztpraxen\" \/>\n<meta property=\"og:locale\" content=\"de_DE\" \/>\n<meta property=\"og:type\" content=\"article\" \/>\n<meta property=\"og:title\" content=\"OmniQuest-Umfrage: 56% bef\u00fcrworten Termin-Ausfallgeb\u00fchr in Arztpraxen\" \/>\n<meta property=\"og:description\" content=\"KBV-Chef Andreas Gassen fordert eine Ausfallgeb\u00fchr, wenn vereinbarte Termine in Aztpraxen nicht wahrgenommen werden. Was halten Sie von einer solchen Geb\u00fchr? | 25. August 2023\" \/>\n<meta property=\"og:url\" content=\"https:\/\/www.omniquest.de\/marktforschung-news\/aktuelle-umfragen\/gesellschaft\/56-befuerworten-termin-ausfallgebuehr-in-arztpraxen\" \/>\n<meta property=\"og:site_name\" content=\"OmniQuest News\" \/>\n<meta property=\"article:publisher\" content=\"https:\/\/www.facebook.com\/omniquest\" \/>\n<meta property=\"article:published_time\" content=\"2023-08-25T12:27:29+00:00\" \/>\n<meta property=\"article:modified_time\" content=\"2023-08-25T12:27:35+00:00\" \/>\n<meta property=\"og:image\" content=\"https:\/\/www.omniquest.de\/marktforschung-news\/wp-content\/uploads\/2023\/08\/terminausfall.jpg\" \/>\n\t<meta property=\"og:image:width\" content=\"960\" \/>\n\t<meta property=\"og:image:height\" content=\"720\" \/>\n\t<meta property=\"og:image:type\" content=\"image\/jpeg\" \/>\n<meta name=\"author\" content=\"Christoph Hennek\" \/>\n<meta name=\"twitter:card\" content=\"summary_large_image\" \/>\n<meta name=\"twitter:title\" content=\"OmniQuest-Umfrage: 56% bef\u00fcrworten Termin-Ausfallgeb\u00fchr in Arztpraxen\" \/>\n<meta name=\"twitter:description\" content=\"KBV-Chef Andreas Gassen fordert eine Ausfallgeb\u00fchr, wenn vereinbarte Termine in Aztpraxen nicht wahrgenommen werden. Was halten Sie von einer solchen Geb\u00fchr? | 25. August 2023\" \/>\n<meta name=\"twitter:image\" content=\"https:\/\/www.omniquest.de\/marktforschung-news\/wp-content\/uploads\/2023\/08\/terminausfall.jpg\" \/>\n<meta name=\"twitter:creator\" content=\"@omniquestbonn\" \/>\n<meta name=\"twitter:site\" content=\"@omniquestbonn\" \/>\n<meta name=\"twitter:label1\" content=\"Verfasst von\" \/>\n\t<meta name=\"twitter:data1\" content=\"Christoph Hennek\" \/>\n<script type=\"application\/ld+json\" class=\"yoast-schema-graph\">{\"@context\":\"https:\/\/schema.org\",\"@graph\":[{\"@type\":\"Article\",\"@id\":\"https:\/\/www.omniquest.de\/marktforschung-news\/aktuelle-umfragen\/gesellschaft\/56-befuerworten-termin-ausfallgebuehr-in-arztpraxen#article\",\"isPartOf\":{\"@id\":\"https:\/\/www.omniquest.de\/marktforschung-news\/aktuelle-umfragen\/gesellschaft\/56-befuerworten-termin-ausfallgebuehr-in-arztpraxen\"},\"author\":{\"name\":\"Christoph Hennek\",\"@id\":\"https:\/\/www.omniquest.de\/marktforschung-news\/#\/schema\/person\/491e373cb7595e384b97d391870add68\"},\"headline\":\"56% bef\u00fcrworten Termin-Ausfallgeb\u00fchr in Arztpraxen\",\"datePublished\":\"2023-08-25T12:27:29+00:00\",\"dateModified\":\"2023-08-25T12:27:35+00:00\",\"mainEntityOfPage\":{\"@id\":\"https:\/\/www.omniquest.de\/marktforschung-news\/aktuelle-umfragen\/gesellschaft\/56-befuerworten-termin-ausfallgebuehr-in-arztpraxen\"},\"wordCount\":357,\"publisher\":{\"@id\":\"https:\/\/www.omniquest.de\/marktforschung-news\/#organization\"},\"image\":{\"@id\":\"https:\/\/www.omniquest.de\/marktforschung-news\/aktuelle-umfragen\/gesellschaft\/56-befuerworten-termin-ausfallgebuehr-in-arztpraxen#primaryimage\"},\"thumbnailUrl\":\"https:\/\/www.omniquest.de\/marktforschung-news\/wp-content\/uploads\/2023\/08\/terminausfall.jpg\",\"keywords\":[\"ausfallgeb\u00fchr\",\"geb\u00fchr\",\"kbv\",\"krankenkasse\",\"terminausfall\"],\"articleSection\":[\"Gesellschaft\"],\"inLanguage\":\"de\"},{\"@type\":\"WebPage\",\"@id\":\"https:\/\/www.omniquest.de\/marktforschung-news\/aktuelle-umfragen\/gesellschaft\/56-befuerworten-termin-ausfallgebuehr-in-arztpraxen\",\"url\":\"https:\/\/www.omniquest.de\/marktforschung-news\/aktuelle-umfragen\/gesellschaft\/56-befuerworten-termin-ausfallgebuehr-in-arztpraxen\",\"name\":\"56% bef\u00fcrworten Termin-Ausfallgeb\u00fchr in Arztpraxen - OmniQuest News\",\"isPartOf\":{\"@id\":\"https:\/\/www.omniquest.de\/marktforschung-news\/#website\"},\"primaryImageOfPage\":{\"@id\":\"https:\/\/www.omniquest.de\/marktforschung-news\/aktuelle-umfragen\/gesellschaft\/56-befuerworten-termin-ausfallgebuehr-in-arztpraxen#primaryimage\"},\"image\":{\"@id\":\"https:\/\/www.omniquest.de\/marktforschung-news\/aktuelle-umfragen\/gesellschaft\/56-befuerworten-termin-ausfallgebuehr-in-arztpraxen#primaryimage\"},\"thumbnailUrl\":\"https:\/\/www.omniquest.de\/marktforschung-news\/wp-content\/uploads\/2023\/08\/terminausfall.jpg\",\"datePublished\":\"2023-08-25T12:27:29+00:00\",\"dateModified\":\"2023-08-25T12:27:35+00:00\",\"description\":\"KBV-Chef Andreas Gassen fordert eine Ausfallgeb\u00fchr, wenn vereinbarte Termine in Aztpraxen nicht wahrgenommen werden. Was halten Sie von einer solchen Geb\u00fchr? | Gesellschaft\",\"breadcrumb\":{\"@id\":\"https:\/\/www.omniquest.de\/marktforschung-news\/aktuelle-umfragen\/gesellschaft\/56-befuerworten-termin-ausfallgebuehr-in-arztpraxen#breadcrumb\"},\"inLanguage\":\"de\",\"potentialAction\":[{\"@type\":\"ReadAction\",\"target\":[\"https:\/\/www.omniquest.de\/marktforschung-news\/aktuelle-umfragen\/gesellschaft\/56-befuerworten-termin-ausfallgebuehr-in-arztpraxen\"]}]},{\"@type\":\"ImageObject\",\"inLanguage\":\"de\",\"@id\":\"https:\/\/www.omniquest.de\/marktforschung-news\/aktuelle-umfragen\/gesellschaft\/56-befuerworten-termin-ausfallgebuehr-in-arztpraxen#primaryimage\",\"url\":\"https:\/\/www.omniquest.de\/marktforschung-news\/wp-content\/uploads\/2023\/08\/terminausfall.jpg\",\"contentUrl\":\"https:\/\/www.omniquest.de\/marktforschung-news\/wp-content\/uploads\/2023\/08\/terminausfall.jpg\",\"width\":960,\"height\":720,\"caption\":\"56% bef\u00fcrworten Termin-Ausfallgeb\u00fchr in Arztpraxen\"},{\"@type\":\"BreadcrumbList\",\"@id\":\"https:\/\/www.omniquest.de\/marktforschung-news\/aktuelle-umfragen\/gesellschaft\/56-befuerworten-termin-ausfallgebuehr-in-arztpraxen#breadcrumb\",\"itemListElement\":[{\"@type\":\"ListItem\",\"position\":1,\"name\":\"Startseite\",\"item\":\"https:\/\/www.omniquest.de\/marktforschung-news\"},{\"@type\":\"ListItem\",\"position\":2,\"name\":\"Umfragen\",\"item\":\"https:\/\/www.omniquest.de\/marktforschung-news\/aktuelle-umfragen\"},{\"@type\":\"ListItem\",\"position\":3,\"name\":\"Gesellschaft\",\"item\":\"https:\/\/www.omniquest.de\/marktforschung-news\/aktuelle-umfragen\/gesellschaft\"},{\"@type\":\"ListItem\",\"position\":4,\"name\":\"56% bef\u00fcrworten Termin-Ausfallgeb\u00fchr in Arztpraxen\"}]},{\"@type\":\"WebSite\",\"@id\":\"https:\/\/www.omniquest.de\/marktforschung-news\/#website\",\"url\":\"https:\/\/www.omniquest.de\/marktforschung-news\/\",\"name\":\"OmniQuest News\",\"description\":\"Das Portal f\u00fcr News aus der Marktforschung\",\"publisher\":{\"@id\":\"https:\/\/www.omniquest.de\/marktforschung-news\/#organization\"},\"potentialAction\":[{\"@type\":\"SearchAction\",\"target\":{\"@type\":\"EntryPoint\",\"urlTemplate\":\"https:\/\/www.omniquest.de\/marktforschung-news\/?s={search_term_string}\"},\"query-input\":{\"@type\":\"PropertyValueSpecification\",\"valueRequired\":true,\"valueName\":\"search_term_string\"}}],\"inLanguage\":\"de\"},{\"@type\":\"Organization\",\"@id\":\"https:\/\/www.omniquest.de\/marktforschung-news\/#organization\",\"name\":\"OmniQuest\",\"url\":\"https:\/\/www.omniquest.de\/marktforschung-news\/\",\"logo\":{\"@type\":\"ImageObject\",\"inLanguage\":\"de\",\"@id\":\"https:\/\/www.omniquest.de\/marktforschung-news\/#\/schema\/logo\/image\/\",\"url\":\"https:\/\/www.omniquest.de\/marktforschung-news\/wp-content\/uploads\/2019\/02\/OmniQuest-Logo_Green.png\",\"contentUrl\":\"https:\/\/www.omniquest.de\/marktforschung-news\/wp-content\/uploads\/2019\/02\/OmniQuest-Logo_Green.png\",\"width\":1000,\"height\":254,\"caption\":\"OmniQuest\"},\"image\":{\"@id\":\"https:\/\/www.omniquest.de\/marktforschung-news\/#\/schema\/logo\/image\/\"},\"sameAs\":[\"https:\/\/www.facebook.com\/omniquest\",\"https:\/\/x.com\/omniquestbonn\"]},{\"@type\":\"Person\",\"@id\":\"https:\/\/www.omniquest.de\/marktforschung-news\/#\/schema\/person\/491e373cb7595e384b97d391870add68\",\"name\":\"Christoph Hennek\",\"image\":{\"@type\":\"ImageObject\",\"inLanguage\":\"de\",\"@id\":\"https:\/\/www.omniquest.de\/marktforschung-news\/#\/schema\/person\/image\/\",\"url\":\"https:\/\/secure.gravatar.com\/avatar\/f2648cfd5f48cb26bd3f11fda530b9a32c4c4dfda2762c08ae9becd313b06c40?s=96&d=mm&r=g\",\"contentUrl\":\"https:\/\/secure.gravatar.com\/avatar\/f2648cfd5f48cb26bd3f11fda530b9a32c4c4dfda2762c08ae9becd313b06c40?s=96&d=mm&r=g\",\"caption\":\"Christoph Hennek\"}}]}<\/script>\n<!-- \/ Yoast SEO plugin. -->","yoast_head_json":{"title":"56% bef\u00fcrworten Termin-Ausfallgeb\u00fchr in Arztpraxen - OmniQuest News","description":"KBV-Chef Andreas Gassen fordert eine Ausfallgeb\u00fchr, wenn vereinbarte Termine in Aztpraxen nicht wahrgenommen werden. Was halten Sie von einer solchen Geb\u00fchr? | Gesellschaft","robots":{"index":"index","follow":"follow","max-snippet":"max-snippet:-1","max-image-preview":"max-image-preview:large","max-video-preview":"max-video-preview:-1"},"canonical":"https:\/\/www.omniquest.de\/marktforschung-news\/aktuelle-umfragen\/gesellschaft\/56-befuerworten-termin-ausfallgebuehr-in-arztpraxen","og_locale":"de_DE","og_type":"article","og_title":"OmniQuest-Umfrage: 56% bef\u00fcrworten Termin-Ausfallgeb\u00fchr in Arztpraxen","og_description":"KBV-Chef Andreas Gassen fordert eine Ausfallgeb\u00fchr, wenn vereinbarte Termine in Aztpraxen nicht wahrgenommen werden. Was halten Sie von einer solchen Geb\u00fchr? | 25. August 2023","og_url":"https:\/\/www.omniquest.de\/marktforschung-news\/aktuelle-umfragen\/gesellschaft\/56-befuerworten-termin-ausfallgebuehr-in-arztpraxen","og_site_name":"OmniQuest News","article_publisher":"https:\/\/www.facebook.com\/omniquest","article_published_time":"2023-08-25T12:27:29+00:00","article_modified_time":"2023-08-25T12:27:35+00:00","og_image":[{"width":960,"height":720,"url":"https:\/\/www.omniquest.de\/marktforschung-news\/wp-content\/uploads\/2023\/08\/terminausfall.jpg","type":"image\/jpeg"}],"author":"Christoph Hennek","twitter_card":"summary_large_image","twitter_title":"OmniQuest-Umfrage: 56% bef\u00fcrworten Termin-Ausfallgeb\u00fchr in Arztpraxen","twitter_description":"KBV-Chef Andreas Gassen fordert eine Ausfallgeb\u00fchr, wenn vereinbarte Termine in Aztpraxen nicht wahrgenommen werden. Was halten Sie von einer solchen Geb\u00fchr? | 25. August 2023","twitter_image":"https:\/\/www.omniquest.de\/marktforschung-news\/wp-content\/uploads\/2023\/08\/terminausfall.jpg","twitter_creator":"@omniquestbonn","twitter_site":"@omniquestbonn","twitter_misc":{"Verfasst von":"Christoph Hennek"},"schema":{"@context":"https:\/\/schema.org","@graph":[{"@type":"Article","@id":"https:\/\/www.omniquest.de\/marktforschung-news\/aktuelle-umfragen\/gesellschaft\/56-befuerworten-termin-ausfallgebuehr-in-arztpraxen#article","isPartOf":{"@id":"https:\/\/www.omniquest.de\/marktforschung-news\/aktuelle-umfragen\/gesellschaft\/56-befuerworten-termin-ausfallgebuehr-in-arztpraxen"},"author":{"name":"Christoph Hennek","@id":"https:\/\/www.omniquest.de\/marktforschung-news\/#\/schema\/person\/491e373cb7595e384b97d391870add68"},"headline":"56% bef\u00fcrworten Termin-Ausfallgeb\u00fchr in Arztpraxen","datePublished":"2023-08-25T12:27:29+00:00","dateModified":"2023-08-25T12:27:35+00:00","mainEntityOfPage":{"@id":"https:\/\/www.omniquest.de\/marktforschung-news\/aktuelle-umfragen\/gesellschaft\/56-befuerworten-termin-ausfallgebuehr-in-arztpraxen"},"wordCount":357,"publisher":{"@id":"https:\/\/www.omniquest.de\/marktforschung-news\/#organization"},"image":{"@id":"https:\/\/www.omniquest.de\/marktforschung-news\/aktuelle-umfragen\/gesellschaft\/56-befuerworten-termin-ausfallgebuehr-in-arztpraxen#primaryimage"},"thumbnailUrl":"https:\/\/www.omniquest.de\/marktforschung-news\/wp-content\/uploads\/2023\/08\/terminausfall.jpg","keywords":["ausfallgeb\u00fchr","geb\u00fchr","kbv","krankenkasse","terminausfall"],"articleSection":["Gesellschaft"],"inLanguage":"de"},{"@type":"WebPage","@id":"https:\/\/www.omniquest.de\/marktforschung-news\/aktuelle-umfragen\/gesellschaft\/56-befuerworten-termin-ausfallgebuehr-in-arztpraxen","url":"https:\/\/www.omniquest.de\/marktforschung-news\/aktuelle-umfragen\/gesellschaft\/56-befuerworten-termin-ausfallgebuehr-in-arztpraxen","name":"56% bef\u00fcrworten Termin-Ausfallgeb\u00fchr in Arztpraxen - OmniQuest News","isPartOf":{"@id":"https:\/\/www.omniquest.de\/marktforschung-news\/#website"},"primaryImageOfPage":{"@id":"https:\/\/www.omniquest.de\/marktforschung-news\/aktuelle-umfragen\/gesellschaft\/56-befuerworten-termin-ausfallgebuehr-in-arztpraxen#primaryimage"},"image":{"@id":"https:\/\/www.omniquest.de\/marktforschung-news\/aktuelle-umfragen\/gesellschaft\/56-befuerworten-termin-ausfallgebuehr-in-arztpraxen#primaryimage"},"thumbnailUrl":"https:\/\/www.omniquest.de\/marktforschung-news\/wp-content\/uploads\/2023\/08\/terminausfall.jpg","datePublished":"2023-08-25T12:27:29+00:00","dateModified":"2023-08-25T12:27:35+00:00","description":"KBV-Chef Andreas Gassen fordert eine Ausfallgeb\u00fchr, wenn vereinbarte Termine in Aztpraxen nicht wahrgenommen werden. Was halten Sie von einer solchen Geb\u00fchr? | Gesellschaft","breadcrumb":{"@id":"https:\/\/www.omniquest.de\/marktforschung-news\/aktuelle-umfragen\/gesellschaft\/56-befuerworten-termin-ausfallgebuehr-in-arztpraxen#breadcrumb"},"inLanguage":"de","potentialAction":[{"@type":"ReadAction","target":["https:\/\/www.omniquest.de\/marktforschung-news\/aktuelle-umfragen\/gesellschaft\/56-befuerworten-termin-ausfallgebuehr-in-arztpraxen"]}]},{"@type":"ImageObject","inLanguage":"de","@id":"https:\/\/www.omniquest.de\/marktforschung-news\/aktuelle-umfragen\/gesellschaft\/56-befuerworten-termin-ausfallgebuehr-in-arztpraxen#primaryimage","url":"https:\/\/www.omniquest.de\/marktforschung-news\/wp-content\/uploads\/2023\/08\/terminausfall.jpg","contentUrl":"https:\/\/www.omniquest.de\/marktforschung-news\/wp-content\/uploads\/2023\/08\/terminausfall.jpg","width":960,"height":720,"caption":"56% bef\u00fcrworten Termin-Ausfallgeb\u00fchr in Arztpraxen"},{"@type":"BreadcrumbList","@id":"https:\/\/www.omniquest.de\/marktforschung-news\/aktuelle-umfragen\/gesellschaft\/56-befuerworten-termin-ausfallgebuehr-in-arztpraxen#breadcrumb","itemListElement":[{"@type":"ListItem","position":1,"name":"Startseite","item":"https:\/\/www.omniquest.de\/marktforschung-news"},{"@type":"ListItem","position":2,"name":"Umfragen","item":"https:\/\/www.omniquest.de\/marktforschung-news\/aktuelle-umfragen"},{"@type":"ListItem","position":3,"name":"Gesellschaft","item":"https:\/\/www.omniquest.de\/marktforschung-news\/aktuelle-umfragen\/gesellschaft"},{"@type":"ListItem","position":4,"name":"56% bef\u00fcrworten Termin-Ausfallgeb\u00fchr in Arztpraxen"}]},{"@type":"WebSite","@id":"https:\/\/www.omniquest.de\/marktforschung-news\/#website","url":"https:\/\/www.omniquest.de\/marktforschung-news\/","name":"OmniQuest News","description":"Das Portal f\u00fcr News aus der Marktforschung","publisher":{"@id":"https:\/\/www.omniquest.de\/marktforschung-news\/#organization"},"potentialAction":[{"@type":"SearchAction","target":{"@type":"EntryPoint","urlTemplate":"https:\/\/www.omniquest.de\/marktforschung-news\/?s={search_term_string}"},"query-input":{"@type":"PropertyValueSpecification","valueRequired":true,"valueName":"search_term_string"}}],"inLanguage":"de"},{"@type":"Organization","@id":"https:\/\/www.omniquest.de\/marktforschung-news\/#organization","name":"OmniQuest","url":"https:\/\/www.omniquest.de\/marktforschung-news\/","logo":{"@type":"ImageObject","inLanguage":"de","@id":"https:\/\/www.omniquest.de\/marktforschung-news\/#\/schema\/logo\/image\/","url":"https:\/\/www.omniquest.de\/marktforschung-news\/wp-content\/uploads\/2019\/02\/OmniQuest-Logo_Green.png","contentUrl":"https:\/\/www.omniquest.de\/marktforschung-news\/wp-content\/uploads\/2019\/02\/OmniQuest-Logo_Green.png","width":1000,"height":254,"caption":"OmniQuest"},"image":{"@id":"https:\/\/www.omniquest.de\/marktforschung-news\/#\/schema\/logo\/image\/"},"sameAs":["https:\/\/www.facebook.com\/omniquest","https:\/\/x.com\/omniquestbonn"]},{"@type":"Person","@id":"https:\/\/www.omniquest.de\/marktforschung-news\/#\/schema\/person\/491e373cb7595e384b97d391870add68","name":"Christoph Hennek","image":{"@type":"ImageObject","inLanguage":"de","@id":"https:\/\/www.omniquest.de\/marktforschung-news\/#\/schema\/person\/image\/","url":"https:\/\/secure.gravatar.com\/avatar\/f2648cfd5f48cb26bd3f11fda530b9a32c4c4dfda2762c08ae9becd313b06c40?s=96&d=mm&r=g","contentUrl":"https:\/\/secure.gravatar.com\/avatar\/f2648cfd5f48cb26bd3f11fda530b9a32c4c4dfda2762c08ae9becd313b06c40?s=96&d=mm&r=g","caption":"Christoph Hennek"}}]}},"_links":{"self":[{"href":"https:\/\/www.omniquest.de\/marktforschung-news\/wp-json\/wp\/v2\/posts\/39288","targetHints":{"allow":["GET"]}}],"collection":[{"href":"https:\/\/www.omniquest.de\/marktforschung-news\/wp-json\/wp\/v2\/posts"}],"about":[{"href":"https:\/\/www.omniquest.de\/marktforschung-news\/wp-json\/wp\/v2\/types\/post"}],"author":[{"embeddable":true,"href":"https:\/\/www.omniquest.de\/marktforschung-news\/wp-json\/wp\/v2\/users\/8"}],"replies":[{"embeddable":true,"href":"https:\/\/www.omniquest.de\/marktforschung-news\/wp-json\/wp\/v2\/comments?post=39288"}],"version-history":[{"count":2,"href":"https:\/\/www.omniquest.de\/marktforschung-news\/wp-json\/wp\/v2\/posts\/39288\/revisions"}],"predecessor-version":[{"id":39292,"href":"https:\/\/www.omniquest.de\/marktforschung-news\/wp-json\/wp\/v2\/posts\/39288\/revisions\/39292"}],"wp:featuredmedia":[{"embeddable":true,"href":"https:\/\/www.omniquest.de\/marktforschung-news\/wp-json\/wp\/v2\/media\/39291"}],"wp:attachment":[{"href":"https:\/\/www.omniquest.de\/marktforschung-news\/wp-json\/wp\/v2\/media?parent=39288"}],"wp:term":[{"taxonomy":"category","embeddable":true,"href":"https:\/\/www.omniquest.de\/marktforschung-news\/wp-json\/wp\/v2\/categories?post=39288"},{"taxonomy":"post_tag","embeddable":true,"href":"https:\/\/www.omniquest.de\/marktforschung-news\/wp-json\/wp\/v2\/tags?post=39288"}],"curies":[{"name":"wp","href":"https:\/\/api.w.org\/{rel}","templated":true}]}}