{"id":39515,"date":"2024-07-05T17:47:05","date_gmt":"2024-07-05T15:47:05","guid":{"rendered":"https:\/\/www.omniquest.de\/marktforschung-news\/?p=39515"},"modified":"2024-07-05T17:47:08","modified_gmt":"2024-07-05T15:47:08","slug":"57-befuerworten-vorgezogene-bundestagswahlen","status":"publish","type":"post","link":"https:\/\/www.omniquest.de\/marktforschung-news\/aktuelle-umfragen\/politik\/57-befuerworten-vorgezogene-bundestagswahlen","title":{"rendered":"57% bef\u00fcrworten vorgezogene Bundestagswahlen"},"content":{"rendered":"<p>[et_pb_section fb_built=&#8220;1&#8243; _builder_version=&#8220;4.16&#8243; global_colors_info=&#8220;{}&#8220; theme_builder_area=&#8220;post_content&#8220;][et_pb_row _builder_version=&#8220;4.16&#8243; background_size=&#8220;initial&#8220; background_position=&#8220;top_left&#8220; background_repeat=&#8220;repeat&#8220; global_colors_info=&#8220;{}&#8220; theme_builder_area=&#8220;post_content&#8220;][et_pb_column type=&#8220;4_4&#8243; _builder_version=&#8220;4.16&#8243; custom_padding=&#8220;|||&#8220; global_colors_info=&#8220;{}&#8220; custom_padding__hover=&#8220;|||&#8220; theme_builder_area=&#8220;post_content&#8220;][et_pb_text admin_label=&#8220;Fragetext&#8220; _builder_version=&#8220;4.25.1&#8243; hover_enabled=&#8220;0&#8243; border_style=&#8220;solid&#8220; global_colors_info=&#8220;{}&#8220; theme_builder_area=&#8220;post_content&#8220; sticky_enabled=&#8220;0&#8243;]<\/p>\n<p>Nach einem entt\u00e4uschenden Abschneiden bei der Europawahl stehen die Ampelparteien SPD, Gr\u00fcne und FDP unter Druck. Weniger als ein Drittel der Stimmen entfielen auf die drei Parteien, die Kanzlerpartei SPD kommt nicht einmal auf 14%. Die CDU legt Bundeskanzler Olaf Scholz ein Misstrauensvotum nahe und fordert bereits Neuwahlen. Wie stehen Sie zu vorgezogenen Bundestagswahlen?<\/p>\n<p>[\/et_pb_text][et_pb_counters bar_bg_color=&#8220;#38b400&#8243; _builder_version=&#8220;4.25.1&#8243; hover_enabled=&#8220;0&#8243; border_style=&#8220;solid&#8220; border_radius=&#8220;0&#8243; global_colors_info=&#8220;{}&#8220; theme_builder_area=&#8220;post_content&#8220; sticky_enabled=&#8220;0&#8243;][et_pb_counter percent=&#8220;57&#8243; _builder_version=&#8220;4.25.1&#8243; title_font=&#8220;||||&#8220; percent_font=&#8220;||||&#8220; hover_enabled=&#8220;0&#8243; global_colors_info=&#8220;{}&#8220; theme_builder_area=&#8220;post_content&#8220; bar_background_color_default=&#8220;#38b400&#8243; use_percentages=&#8220;on&#8220; border_radius=&#8220;0&#8243; sticky_enabled=&#8220;0&#8243;]Bef\u00fcrworte ich[\/et_pb_counter][et_pb_counter percent=&#8220;33&#8243; _builder_version=&#8220;4.25.1&#8243; title_font=&#8220;||||&#8220; percent_font=&#8220;||||&#8220; hover_enabled=&#8220;0&#8243; global_colors_info=&#8220;{}&#8220; theme_builder_area=&#8220;post_content&#8220; bar_background_color_default=&#8220;#38b400&#8243; use_percentages=&#8220;on&#8220; border_radius=&#8220;0&#8243; sticky_enabled=&#8220;0&#8243;]Lehne ich ab[\/et_pb_counter][et_pb_counter percent=&#8220;10&#8243; _builder_version=&#8220;4.25.1&#8243; title_font=&#8220;||||&#8220; percent_font=&#8220;||||&#8220; hover_enabled=&#8220;0&#8243; global_colors_info=&#8220;{}&#8220; theme_builder_area=&#8220;post_content&#8220; bar_background_color_default=&#8220;#38b400&#8243; use_percentages=&#8220;on&#8220; border_radius=&#8220;0&#8243; sticky_enabled=&#8220;0&#8243;]Bin mir nicht sicher[\/et_pb_counter][\/et_pb_counters][et_pb_text _builder_version=&#8220;4.25.1&#8243; hover_enabled=&#8220;0&#8243; border_style=&#8220;solid&#8220; global_colors_info=&#8220;{}&#8220; theme_builder_area=&#8220;post_content&#8220; sticky_enabled=&#8220;0&#8243;]<\/p>\n<p>412 Teilnehmer<\/p>\n<p>Erhebungszeitraum: 10.06.2024 \u2013 05.07.2024<\/p>\n<p><span style=\"color: #ff8b00;\">Der Quick Poll ist ein Instrument zur kurzfristigen Trendmessung unter beliebigen Teilnehmern aus dem <a class=\"news_beitrag_link\" href=\"http:\/\/www.omniquest.de\/omnipanel\">OmniPanel<\/a> und beansprucht keine Repr\u00e4sentativit\u00e4t f\u00fcr sich.<\/span><\/p>\n<p>[\/et_pb_text][\/et_pb_column][\/et_pb_row][\/et_pb_section]<\/p>\n","protected":false},"excerpt":{"rendered":"<p>Nach einem entt\u00e4uschenden Abschneiden bei der Europawahl stehen die Ampelparteien SPD, Gr\u00fcne und FDP unter Druck. Weniger als ein Drittel der Stimmen entfielen auf die drei Parteien, die Kanzlerpartei SPD kommt nicht einmal auf 14%. Die CDU legt Bundeskanzler Olaf Scholz ein Misstrauensvotum nahe und fordert bereits Neuwahlen. Wie stehen Sie zu vorgezogenen Bundestagswahlen?Bef\u00fcrworte ichLehne [&hellip;]<\/p>\n","protected":false},"author":8,"featured_media":39518,"comment_status":"closed","ping_status":"open","sticky":false,"template":"","format":"standard","meta":{"_et_pb_use_builder":"on","_et_pb_old_content":"","_et_gb_content_width":"","footnotes":""},"categories":[17],"tags":[975,72,974,210],"class_list":["post-39515","post","type-post","status-publish","format-standard","has-post-thumbnail","hentry","category-politik","tag-ampel","tag-bundestagswahl","tag-europawhl","tag-neuwahl","et-has-post-format-content","et_post_format-et-post-format-standard"],"yoast_head":"<!-- This site is optimized with the Yoast SEO plugin v26.1.1 - https:\/\/yoast.com\/wordpress\/plugins\/seo\/ -->\n<title>57% bef\u00fcrworten vorgezogene Bundestagswahlen - OmniQuest News<\/title>\n<meta name=\"description\" content=\"Die CDU fordert bereits Neuwahlen. Wie stehen Sie zu vorgezogenen Bundestagswahlen? | Politik\" \/>\n<meta name=\"robots\" content=\"index, follow, max-snippet:-1, max-image-preview:large, max-video-preview:-1\" \/>\n<link rel=\"canonical\" href=\"https:\/\/www.omniquest.de\/marktforschung-news\/aktuelle-umfragen\/politik\/57-befuerworten-vorgezogene-bundestagswahlen\" \/>\n<meta property=\"og:locale\" content=\"de_DE\" \/>\n<meta property=\"og:type\" content=\"article\" \/>\n<meta property=\"og:title\" content=\"OmniQuest-Umfrage: 57% bef\u00fcrworten vorgezogene Bundestagswahlen\" \/>\n<meta property=\"og:description\" content=\"Die CDU fordert bereits Neuwahlen. Wie stehen Sie zu vorgezogenen Bundestagswahlen? | 05. Juli 2024\" \/>\n<meta property=\"og:url\" content=\"https:\/\/www.omniquest.de\/marktforschung-news\/aktuelle-umfragen\/politik\/57-befuerworten-vorgezogene-bundestagswahlen\" \/>\n<meta property=\"og:site_name\" content=\"OmniQuest News\" \/>\n<meta property=\"article:publisher\" content=\"https:\/\/www.facebook.com\/omniquest\" \/>\n<meta property=\"article:published_time\" content=\"2024-07-05T15:47:05+00:00\" \/>\n<meta property=\"article:modified_time\" content=\"2024-07-05T15:47:08+00:00\" \/>\n<meta property=\"og:image\" content=\"https:\/\/www.omniquest.de\/marktforschung-news\/wp-content\/uploads\/2024\/07\/europawahl.jpg\" \/>\n\t<meta property=\"og:image:width\" content=\"1280\" \/>\n\t<meta property=\"og:image:height\" content=\"960\" \/>\n\t<meta property=\"og:image:type\" content=\"image\/jpeg\" \/>\n<meta name=\"author\" content=\"Christoph Hennek\" \/>\n<meta name=\"twitter:card\" content=\"summary_large_image\" \/>\n<meta name=\"twitter:title\" content=\"OmniQuest-Umfrage: 57% bef\u00fcrworten vorgezogene Bundestagswahlen\" \/>\n<meta name=\"twitter:description\" content=\"Die CDU fordert bereits Neuwahlen. Wie stehen Sie zu vorgezogenen Bundestagswahlen? | 05. Juli 2024\" \/>\n<meta name=\"twitter:image\" content=\"https:\/\/www.omniquest.de\/marktforschung-news\/wp-content\/uploads\/2024\/07\/europawahl.jpg\" \/>\n<meta name=\"twitter:creator\" content=\"@omniquestbonn\" \/>\n<meta name=\"twitter:site\" content=\"@omniquestbonn\" \/>\n<meta name=\"twitter:label1\" content=\"Verfasst von\" \/>\n\t<meta name=\"twitter:data1\" content=\"Christoph Hennek\" \/>\n\t<meta name=\"twitter:label2\" content=\"Gesch\u00e4tzte Lesezeit\" \/>\n\t<meta name=\"twitter:data2\" content=\"1\u00a0Minute\" \/>\n<script type=\"application\/ld+json\" class=\"yoast-schema-graph\">{\"@context\":\"https:\/\/schema.org\",\"@graph\":[{\"@type\":\"Article\",\"@id\":\"https:\/\/www.omniquest.de\/marktforschung-news\/aktuelle-umfragen\/politik\/57-befuerworten-vorgezogene-bundestagswahlen#article\",\"isPartOf\":{\"@id\":\"https:\/\/www.omniquest.de\/marktforschung-news\/aktuelle-umfragen\/politik\/57-befuerworten-vorgezogene-bundestagswahlen\"},\"author\":{\"name\":\"Christoph Hennek\",\"@id\":\"https:\/\/www.omniquest.de\/marktforschung-news\/#\/schema\/person\/491e373cb7595e384b97d391870add68\"},\"headline\":\"57% bef\u00fcrworten vorgezogene Bundestagswahlen\",\"datePublished\":\"2024-07-05T15:47:05+00:00\",\"dateModified\":\"2024-07-05T15:47:08+00:00\",\"mainEntityOfPage\":{\"@id\":\"https:\/\/www.omniquest.de\/marktforschung-news\/aktuelle-umfragen\/politik\/57-befuerworten-vorgezogene-bundestagswahlen\"},\"wordCount\":344,\"publisher\":{\"@id\":\"https:\/\/www.omniquest.de\/marktforschung-news\/#organization\"},\"image\":{\"@id\":\"https:\/\/www.omniquest.de\/marktforschung-news\/aktuelle-umfragen\/politik\/57-befuerworten-vorgezogene-bundestagswahlen#primaryimage\"},\"thumbnailUrl\":\"https:\/\/www.omniquest.de\/marktforschung-news\/wp-content\/uploads\/2024\/07\/europawahl.jpg\",\"keywords\":[\"ampel\",\"bundestagswahl\",\"europawhl\",\"neuwahl\"],\"articleSection\":[\"Politik\"],\"inLanguage\":\"de\"},{\"@type\":\"WebPage\",\"@id\":\"https:\/\/www.omniquest.de\/marktforschung-news\/aktuelle-umfragen\/politik\/57-befuerworten-vorgezogene-bundestagswahlen\",\"url\":\"https:\/\/www.omniquest.de\/marktforschung-news\/aktuelle-umfragen\/politik\/57-befuerworten-vorgezogene-bundestagswahlen\",\"name\":\"57% bef\u00fcrworten vorgezogene Bundestagswahlen - OmniQuest News\",\"isPartOf\":{\"@id\":\"https:\/\/www.omniquest.de\/marktforschung-news\/#website\"},\"primaryImageOfPage\":{\"@id\":\"https:\/\/www.omniquest.de\/marktforschung-news\/aktuelle-umfragen\/politik\/57-befuerworten-vorgezogene-bundestagswahlen#primaryimage\"},\"image\":{\"@id\":\"https:\/\/www.omniquest.de\/marktforschung-news\/aktuelle-umfragen\/politik\/57-befuerworten-vorgezogene-bundestagswahlen#primaryimage\"},\"thumbnailUrl\":\"https:\/\/www.omniquest.de\/marktforschung-news\/wp-content\/uploads\/2024\/07\/europawahl.jpg\",\"datePublished\":\"2024-07-05T15:47:05+00:00\",\"dateModified\":\"2024-07-05T15:47:08+00:00\",\"description\":\"Die CDU fordert bereits Neuwahlen. Wie stehen Sie zu vorgezogenen Bundestagswahlen? | Politik\",\"breadcrumb\":{\"@id\":\"https:\/\/www.omniquest.de\/marktforschung-news\/aktuelle-umfragen\/politik\/57-befuerworten-vorgezogene-bundestagswahlen#breadcrumb\"},\"inLanguage\":\"de\",\"potentialAction\":[{\"@type\":\"ReadAction\",\"target\":[\"https:\/\/www.omniquest.de\/marktforschung-news\/aktuelle-umfragen\/politik\/57-befuerworten-vorgezogene-bundestagswahlen\"]}]},{\"@type\":\"ImageObject\",\"inLanguage\":\"de\",\"@id\":\"https:\/\/www.omniquest.de\/marktforschung-news\/aktuelle-umfragen\/politik\/57-befuerworten-vorgezogene-bundestagswahlen#primaryimage\",\"url\":\"https:\/\/www.omniquest.de\/marktforschung-news\/wp-content\/uploads\/2024\/07\/europawahl.jpg\",\"contentUrl\":\"https:\/\/www.omniquest.de\/marktforschung-news\/wp-content\/uploads\/2024\/07\/europawahl.jpg\",\"width\":1280,\"height\":960,\"caption\":\"57% bef\u00fcrworten vorgezogene Bundestagswahlen\"},{\"@type\":\"BreadcrumbList\",\"@id\":\"https:\/\/www.omniquest.de\/marktforschung-news\/aktuelle-umfragen\/politik\/57-befuerworten-vorgezogene-bundestagswahlen#breadcrumb\",\"itemListElement\":[{\"@type\":\"ListItem\",\"position\":1,\"name\":\"Startseite\",\"item\":\"https:\/\/www.omniquest.de\/marktforschung-news\"},{\"@type\":\"ListItem\",\"position\":2,\"name\":\"Umfragen\",\"item\":\"https:\/\/www.omniquest.de\/marktforschung-news\/aktuelle-umfragen\"},{\"@type\":\"ListItem\",\"position\":3,\"name\":\"Politik\",\"item\":\"https:\/\/www.omniquest.de\/marktforschung-news\/aktuelle-umfragen\/politik\"},{\"@type\":\"ListItem\",\"position\":4,\"name\":\"57% bef\u00fcrworten vorgezogene Bundestagswahlen\"}]},{\"@type\":\"WebSite\",\"@id\":\"https:\/\/www.omniquest.de\/marktforschung-news\/#website\",\"url\":\"https:\/\/www.omniquest.de\/marktforschung-news\/\",\"name\":\"OmniQuest News\",\"description\":\"Das Portal f\u00fcr News aus der Marktforschung\",\"publisher\":{\"@id\":\"https:\/\/www.omniquest.de\/marktforschung-news\/#organization\"},\"potentialAction\":[{\"@type\":\"SearchAction\",\"target\":{\"@type\":\"EntryPoint\",\"urlTemplate\":\"https:\/\/www.omniquest.de\/marktforschung-news\/?s={search_term_string}\"},\"query-input\":{\"@type\":\"PropertyValueSpecification\",\"valueRequired\":true,\"valueName\":\"search_term_string\"}}],\"inLanguage\":\"de\"},{\"@type\":\"Organization\",\"@id\":\"https:\/\/www.omniquest.de\/marktforschung-news\/#organization\",\"name\":\"OmniQuest\",\"url\":\"https:\/\/www.omniquest.de\/marktforschung-news\/\",\"logo\":{\"@type\":\"ImageObject\",\"inLanguage\":\"de\",\"@id\":\"https:\/\/www.omniquest.de\/marktforschung-news\/#\/schema\/logo\/image\/\",\"url\":\"https:\/\/www.omniquest.de\/marktforschung-news\/wp-content\/uploads\/2019\/02\/OmniQuest-Logo_Green.png\",\"contentUrl\":\"https:\/\/www.omniquest.de\/marktforschung-news\/wp-content\/uploads\/2019\/02\/OmniQuest-Logo_Green.png\",\"width\":1000,\"height\":254,\"caption\":\"OmniQuest\"},\"image\":{\"@id\":\"https:\/\/www.omniquest.de\/marktforschung-news\/#\/schema\/logo\/image\/\"},\"sameAs\":[\"https:\/\/www.facebook.com\/omniquest\",\"https:\/\/x.com\/omniquestbonn\"]},{\"@type\":\"Person\",\"@id\":\"https:\/\/www.omniquest.de\/marktforschung-news\/#\/schema\/person\/491e373cb7595e384b97d391870add68\",\"name\":\"Christoph Hennek\",\"image\":{\"@type\":\"ImageObject\",\"inLanguage\":\"de\",\"@id\":\"https:\/\/www.omniquest.de\/marktforschung-news\/#\/schema\/person\/image\/\",\"url\":\"https:\/\/secure.gravatar.com\/avatar\/f2648cfd5f48cb26bd3f11fda530b9a32c4c4dfda2762c08ae9becd313b06c40?s=96&d=mm&r=g\",\"contentUrl\":\"https:\/\/secure.gravatar.com\/avatar\/f2648cfd5f48cb26bd3f11fda530b9a32c4c4dfda2762c08ae9becd313b06c40?s=96&d=mm&r=g\",\"caption\":\"Christoph Hennek\"}}]}<\/script>\n<!-- \/ Yoast SEO plugin. -->","yoast_head_json":{"title":"57% bef\u00fcrworten vorgezogene Bundestagswahlen - OmniQuest News","description":"Die CDU fordert bereits Neuwahlen. Wie stehen Sie zu vorgezogenen Bundestagswahlen? | Politik","robots":{"index":"index","follow":"follow","max-snippet":"max-snippet:-1","max-image-preview":"max-image-preview:large","max-video-preview":"max-video-preview:-1"},"canonical":"https:\/\/www.omniquest.de\/marktforschung-news\/aktuelle-umfragen\/politik\/57-befuerworten-vorgezogene-bundestagswahlen","og_locale":"de_DE","og_type":"article","og_title":"OmniQuest-Umfrage: 57% bef\u00fcrworten vorgezogene Bundestagswahlen","og_description":"Die CDU fordert bereits Neuwahlen. Wie stehen Sie zu vorgezogenen Bundestagswahlen? | 05. Juli 2024","og_url":"https:\/\/www.omniquest.de\/marktforschung-news\/aktuelle-umfragen\/politik\/57-befuerworten-vorgezogene-bundestagswahlen","og_site_name":"OmniQuest News","article_publisher":"https:\/\/www.facebook.com\/omniquest","article_published_time":"2024-07-05T15:47:05+00:00","article_modified_time":"2024-07-05T15:47:08+00:00","og_image":[{"width":1280,"height":960,"url":"https:\/\/www.omniquest.de\/marktforschung-news\/wp-content\/uploads\/2024\/07\/europawahl.jpg","type":"image\/jpeg"}],"author":"Christoph Hennek","twitter_card":"summary_large_image","twitter_title":"OmniQuest-Umfrage: 57% bef\u00fcrworten vorgezogene Bundestagswahlen","twitter_description":"Die CDU fordert bereits Neuwahlen. Wie stehen Sie zu vorgezogenen Bundestagswahlen? | 05. Juli 2024","twitter_image":"https:\/\/www.omniquest.de\/marktforschung-news\/wp-content\/uploads\/2024\/07\/europawahl.jpg","twitter_creator":"@omniquestbonn","twitter_site":"@omniquestbonn","twitter_misc":{"Verfasst von":"Christoph Hennek","Gesch\u00e4tzte Lesezeit":"1\u00a0Minute"},"schema":{"@context":"https:\/\/schema.org","@graph":[{"@type":"Article","@id":"https:\/\/www.omniquest.de\/marktforschung-news\/aktuelle-umfragen\/politik\/57-befuerworten-vorgezogene-bundestagswahlen#article","isPartOf":{"@id":"https:\/\/www.omniquest.de\/marktforschung-news\/aktuelle-umfragen\/politik\/57-befuerworten-vorgezogene-bundestagswahlen"},"author":{"name":"Christoph Hennek","@id":"https:\/\/www.omniquest.de\/marktforschung-news\/#\/schema\/person\/491e373cb7595e384b97d391870add68"},"headline":"57% bef\u00fcrworten vorgezogene Bundestagswahlen","datePublished":"2024-07-05T15:47:05+00:00","dateModified":"2024-07-05T15:47:08+00:00","mainEntityOfPage":{"@id":"https:\/\/www.omniquest.de\/marktforschung-news\/aktuelle-umfragen\/politik\/57-befuerworten-vorgezogene-bundestagswahlen"},"wordCount":344,"publisher":{"@id":"https:\/\/www.omniquest.de\/marktforschung-news\/#organization"},"image":{"@id":"https:\/\/www.omniquest.de\/marktforschung-news\/aktuelle-umfragen\/politik\/57-befuerworten-vorgezogene-bundestagswahlen#primaryimage"},"thumbnailUrl":"https:\/\/www.omniquest.de\/marktforschung-news\/wp-content\/uploads\/2024\/07\/europawahl.jpg","keywords":["ampel","bundestagswahl","europawhl","neuwahl"],"articleSection":["Politik"],"inLanguage":"de"},{"@type":"WebPage","@id":"https:\/\/www.omniquest.de\/marktforschung-news\/aktuelle-umfragen\/politik\/57-befuerworten-vorgezogene-bundestagswahlen","url":"https:\/\/www.omniquest.de\/marktforschung-news\/aktuelle-umfragen\/politik\/57-befuerworten-vorgezogene-bundestagswahlen","name":"57% bef\u00fcrworten vorgezogene Bundestagswahlen - OmniQuest News","isPartOf":{"@id":"https:\/\/www.omniquest.de\/marktforschung-news\/#website"},"primaryImageOfPage":{"@id":"https:\/\/www.omniquest.de\/marktforschung-news\/aktuelle-umfragen\/politik\/57-befuerworten-vorgezogene-bundestagswahlen#primaryimage"},"image":{"@id":"https:\/\/www.omniquest.de\/marktforschung-news\/aktuelle-umfragen\/politik\/57-befuerworten-vorgezogene-bundestagswahlen#primaryimage"},"thumbnailUrl":"https:\/\/www.omniquest.de\/marktforschung-news\/wp-content\/uploads\/2024\/07\/europawahl.jpg","datePublished":"2024-07-05T15:47:05+00:00","dateModified":"2024-07-05T15:47:08+00:00","description":"Die CDU fordert bereits Neuwahlen. Wie stehen Sie zu vorgezogenen Bundestagswahlen? | Politik","breadcrumb":{"@id":"https:\/\/www.omniquest.de\/marktforschung-news\/aktuelle-umfragen\/politik\/57-befuerworten-vorgezogene-bundestagswahlen#breadcrumb"},"inLanguage":"de","potentialAction":[{"@type":"ReadAction","target":["https:\/\/www.omniquest.de\/marktforschung-news\/aktuelle-umfragen\/politik\/57-befuerworten-vorgezogene-bundestagswahlen"]}]},{"@type":"ImageObject","inLanguage":"de","@id":"https:\/\/www.omniquest.de\/marktforschung-news\/aktuelle-umfragen\/politik\/57-befuerworten-vorgezogene-bundestagswahlen#primaryimage","url":"https:\/\/www.omniquest.de\/marktforschung-news\/wp-content\/uploads\/2024\/07\/europawahl.jpg","contentUrl":"https:\/\/www.omniquest.de\/marktforschung-news\/wp-content\/uploads\/2024\/07\/europawahl.jpg","width":1280,"height":960,"caption":"57% bef\u00fcrworten vorgezogene Bundestagswahlen"},{"@type":"BreadcrumbList","@id":"https:\/\/www.omniquest.de\/marktforschung-news\/aktuelle-umfragen\/politik\/57-befuerworten-vorgezogene-bundestagswahlen#breadcrumb","itemListElement":[{"@type":"ListItem","position":1,"name":"Startseite","item":"https:\/\/www.omniquest.de\/marktforschung-news"},{"@type":"ListItem","position":2,"name":"Umfragen","item":"https:\/\/www.omniquest.de\/marktforschung-news\/aktuelle-umfragen"},{"@type":"ListItem","position":3,"name":"Politik","item":"https:\/\/www.omniquest.de\/marktforschung-news\/aktuelle-umfragen\/politik"},{"@type":"ListItem","position":4,"name":"57% bef\u00fcrworten vorgezogene Bundestagswahlen"}]},{"@type":"WebSite","@id":"https:\/\/www.omniquest.de\/marktforschung-news\/#website","url":"https:\/\/www.omniquest.de\/marktforschung-news\/","name":"OmniQuest News","description":"Das Portal f\u00fcr News aus der Marktforschung","publisher":{"@id":"https:\/\/www.omniquest.de\/marktforschung-news\/#organization"},"potentialAction":[{"@type":"SearchAction","target":{"@type":"EntryPoint","urlTemplate":"https:\/\/www.omniquest.de\/marktforschung-news\/?s={search_term_string}"},"query-input":{"@type":"PropertyValueSpecification","valueRequired":true,"valueName":"search_term_string"}}],"inLanguage":"de"},{"@type":"Organization","@id":"https:\/\/www.omniquest.de\/marktforschung-news\/#organization","name":"OmniQuest","url":"https:\/\/www.omniquest.de\/marktforschung-news\/","logo":{"@type":"ImageObject","inLanguage":"de","@id":"https:\/\/www.omniquest.de\/marktforschung-news\/#\/schema\/logo\/image\/","url":"https:\/\/www.omniquest.de\/marktforschung-news\/wp-content\/uploads\/2019\/02\/OmniQuest-Logo_Green.png","contentUrl":"https:\/\/www.omniquest.de\/marktforschung-news\/wp-content\/uploads\/2019\/02\/OmniQuest-Logo_Green.png","width":1000,"height":254,"caption":"OmniQuest"},"image":{"@id":"https:\/\/www.omniquest.de\/marktforschung-news\/#\/schema\/logo\/image\/"},"sameAs":["https:\/\/www.facebook.com\/omniquest","https:\/\/x.com\/omniquestbonn"]},{"@type":"Person","@id":"https:\/\/www.omniquest.de\/marktforschung-news\/#\/schema\/person\/491e373cb7595e384b97d391870add68","name":"Christoph Hennek","image":{"@type":"ImageObject","inLanguage":"de","@id":"https:\/\/www.omniquest.de\/marktforschung-news\/#\/schema\/person\/image\/","url":"https:\/\/secure.gravatar.com\/avatar\/f2648cfd5f48cb26bd3f11fda530b9a32c4c4dfda2762c08ae9becd313b06c40?s=96&d=mm&r=g","contentUrl":"https:\/\/secure.gravatar.com\/avatar\/f2648cfd5f48cb26bd3f11fda530b9a32c4c4dfda2762c08ae9becd313b06c40?s=96&d=mm&r=g","caption":"Christoph Hennek"}}]}},"_links":{"self":[{"href":"https:\/\/www.omniquest.de\/marktforschung-news\/wp-json\/wp\/v2\/posts\/39515","targetHints":{"allow":["GET"]}}],"collection":[{"href":"https:\/\/www.omniquest.de\/marktforschung-news\/wp-json\/wp\/v2\/posts"}],"about":[{"href":"https:\/\/www.omniquest.de\/marktforschung-news\/wp-json\/wp\/v2\/types\/post"}],"author":[{"embeddable":true,"href":"https:\/\/www.omniquest.de\/marktforschung-news\/wp-json\/wp\/v2\/users\/8"}],"replies":[{"embeddable":true,"href":"https:\/\/www.omniquest.de\/marktforschung-news\/wp-json\/wp\/v2\/comments?post=39515"}],"version-history":[{"count":2,"href":"https:\/\/www.omniquest.de\/marktforschung-news\/wp-json\/wp\/v2\/posts\/39515\/revisions"}],"predecessor-version":[{"id":39519,"href":"https:\/\/www.omniquest.de\/marktforschung-news\/wp-json\/wp\/v2\/posts\/39515\/revisions\/39519"}],"wp:featuredmedia":[{"embeddable":true,"href":"https:\/\/www.omniquest.de\/marktforschung-news\/wp-json\/wp\/v2\/media\/39518"}],"wp:attachment":[{"href":"https:\/\/www.omniquest.de\/marktforschung-news\/wp-json\/wp\/v2\/media?parent=39515"}],"wp:term":[{"taxonomy":"category","embeddable":true,"href":"https:\/\/www.omniquest.de\/marktforschung-news\/wp-json\/wp\/v2\/categories?post=39515"},{"taxonomy":"post_tag","embeddable":true,"href":"https:\/\/www.omniquest.de\/marktforschung-news\/wp-json\/wp\/v2\/tags?post=39515"}],"curies":[{"name":"wp","href":"https:\/\/api.w.org\/{rel}","templated":true}]}}