{"id":39698,"date":"2026-04-28T09:36:57","date_gmt":"2026-04-28T07:36:57","guid":{"rendered":"https:\/\/www.omniquest.de\/marktforschung-news\/?p=39698"},"modified":"2026-04-28T09:37:01","modified_gmt":"2026-04-28T07:37:01","slug":"56-befuerworten-lebenslanges-verkaufsverbot-von-tabak-an-jahrgaenge-ab-2009","status":"publish","type":"post","link":"https:\/\/www.omniquest.de\/marktforschung-news\/aktuelle-umfragen\/gesellschaft\/56-befuerworten-lebenslanges-verkaufsverbot-von-tabak-an-jahrgaenge-ab-2009","title":{"rendered":"56% bef\u00fcrworten lebenslanges Verkaufsverbot von Tabak an Jahrg\u00e4nge ab 2009"},"content":{"rendered":"<p>[et_pb_section fb_built=&#8220;1&#8243; _builder_version=&#8220;4.16&#8243; global_colors_info=&#8220;{}&#8220; theme_builder_area=&#8220;post_content&#8220;][et_pb_row _builder_version=&#8220;4.16&#8243; background_size=&#8220;initial&#8220; background_position=&#8220;top_left&#8220; background_repeat=&#8220;repeat&#8220; global_colors_info=&#8220;{}&#8220; theme_builder_area=&#8220;post_content&#8220;][et_pb_column type=&#8220;4_4&#8243; _builder_version=&#8220;4.16&#8243; custom_padding=&#8220;|||&#8220; global_colors_info=&#8220;{}&#8220; custom_padding__hover=&#8220;|||&#8220; theme_builder_area=&#8220;post_content&#8220;][et_pb_text admin_label=&#8220;Fragetext&#8220; _builder_version=&#8220;4.27.4&#8243; hover_enabled=&#8220;0&#8243; border_style=&#8220;solid&#8220; global_colors_info=&#8220;{}&#8220; theme_builder_area=&#8220;post_content&#8220; sticky_enabled=&#8220;0&#8243;]Gro\u00dfbritannien strebt auf lange Sicht eine rauchfreie Zukunft an: Nach langen Beratungen hat ein Gesetzentwurf zum Verbot des Tabakverkaufs nun die letzte parlamentarische H\u00fcrde genommen. Es fehlt nun nur noch die formale Zustimmung des K\u00f6nigs. Der Entwurf sieht vor, das Mindestalter f\u00fcr den legalen Erwerb von Tabakprodukten schrittweise anzuheben. Personen, die ab dem 1. Januar 2009 geboren wurden, sollen somit k\u00fcnftig niemals legal Zigaretten oder vergleichbare Produkte kaufen d\u00fcrfen. Das Rauchen an sich bleibt jedoch weiterhin erlaubt. Angenommen, der Gesetzentwurf w\u00fcrde hier in Deutschland eingebracht werden: W\u00fcrden Sie die Regelung bef\u00fcrworten oder ablehnen?[\/et_pb_text][et_pb_counters bar_bg_color=&#8220;#38b400&#8243; _builder_version=&#8220;4.27.4&#8243; hover_enabled=&#8220;0&#8243; border_style=&#8220;solid&#8220; border_radius=&#8220;0&#8243; global_colors_info=&#8220;{}&#8220; theme_builder_area=&#8220;post_content&#8220; sticky_enabled=&#8220;0&#8243;][et_pb_counter percent=&#8220;56&#8243; _builder_version=&#8220;4.27.4&#8243; title_font=&#8220;||||&#8220; percent_font=&#8220;||||&#8220; hover_enabled=&#8220;0&#8243; global_colors_info=&#8220;{}&#8220; theme_builder_area=&#8220;post_content&#8220; bar_background_color_default=&#8220;#38b400&#8243; use_percentages=&#8220;on&#8220; border_radius=&#8220;0&#8243; sticky_enabled=&#8220;0&#8243;]Bef\u00fcrworte ich[\/et_pb_counter][et_pb_counter percent=&#8220;28&#8243; _builder_version=&#8220;4.27.4&#8243; title_font=&#8220;||||&#8220; percent_font=&#8220;||||&#8220; hover_enabled=&#8220;0&#8243; global_colors_info=&#8220;{}&#8220; theme_builder_area=&#8220;post_content&#8220; bar_background_color_default=&#8220;#38b400&#8243; use_percentages=&#8220;on&#8220; border_radius=&#8220;0&#8243; sticky_enabled=&#8220;0&#8243;]Lehne ich ab[\/et_pb_counter][et_pb_counter percent=&#8220;16&#8243; _builder_version=&#8220;4.27.4&#8243; title_font=&#8220;||||&#8220; percent_font=&#8220;||||&#8220; hover_enabled=&#8220;0&#8243; global_colors_info=&#8220;{}&#8220; theme_builder_area=&#8220;post_content&#8220; bar_background_color_default=&#8220;#38b400&#8243; use_percentages=&#8220;on&#8220; border_radius=&#8220;0&#8243; sticky_enabled=&#8220;0&#8243;]Bin mir nicht sicher[\/et_pb_counter][\/et_pb_counters][et_pb_text _builder_version=&#8220;4.27.4&#8243; hover_enabled=&#8220;0&#8243; border_style=&#8220;solid&#8220; global_colors_info=&#8220;{}&#8220; theme_builder_area=&#8220;post_content&#8220; sticky_enabled=&#8220;0&#8243;]<\/p>\n<p>1035 Teilnehmer<\/p>\n<p>Erhebungszeitraum: 24.04.2026 \u2013 28.04.2026<\/p>\n<p><span style=\"color: #ff8b00;\">Der Quick Poll ist ein Instrument zur kurzfristigen Trendmessung unter beliebigen Teilnehmern aus dem <a class=\"news_beitrag_link\" href=\"http:\/\/www.omniquest.de\/omnipanel\">OmniPanel<\/a> und beansprucht keine Repr\u00e4sentativit\u00e4t f\u00fcr sich.<\/span><\/p>\n<p>[\/et_pb_text][\/et_pb_column][\/et_pb_row][\/et_pb_section]<\/p>\n","protected":false},"excerpt":{"rendered":"<p>Gro\u00dfbritannien strebt auf lange Sicht eine rauchfreie Zukunft an: Nach langen Beratungen hat ein Gesetzentwurf zum Verbot des Tabakverkaufs nun die letzte parlamentarische H\u00fcrde genommen. Es fehlt nun nur noch die formale Zustimmung des K\u00f6nigs. Der Entwurf sieht vor, das Mindestalter f\u00fcr den legalen Erwerb von Tabakprodukten schrittweise anzuheben. Personen, die ab dem 1. Januar [&hellip;]<\/p>\n","protected":false},"author":1,"featured_media":39699,"comment_status":"closed","ping_status":"open","sticky":false,"template":"","format":"standard","meta":{"_et_pb_use_builder":"on","_et_pb_old_content":"","_et_gb_content_width":"","footnotes":""},"categories":[41,17],"tags":[],"class_list":["post-39698","post","type-post","status-publish","format-standard","has-post-thumbnail","hentry","category-gesellschaft","category-politik","et-has-post-format-content","et_post_format-et-post-format-standard"],"yoast_head":"<!-- This site is optimized with the Yoast SEO plugin v26.1.1 - https:\/\/yoast.com\/wordpress\/plugins\/seo\/ -->\n<title>OmniQuest Umfrage: 56% bef\u00fcrworten lebenslanges Verkaufsverbot von Tabak an Jahrg\u00e4nge ab 2009<\/title>\n<meta name=\"description\" content=\"Gro\u00dfbritannien strebt auf lange Sicht eine rauchfreie Zukunft an: Nach langen Beratungen hat ein Gesetzentwurf zum Verbot des Tabakverkaufs nun die ... | 28. April 2026\" \/>\n<meta name=\"robots\" content=\"index, follow, max-snippet:-1, max-image-preview:large, max-video-preview:-1\" \/>\n<link rel=\"canonical\" href=\"https:\/\/www.omniquest.de\/marktforschung-news\/aktuelle-umfragen\/gesellschaft\/56-befuerworten-lebenslanges-verkaufsverbot-von-tabak-an-jahrgaenge-ab-2009\" \/>\n<meta property=\"og:locale\" content=\"de_DE\" \/>\n<meta property=\"og:type\" content=\"article\" \/>\n<meta property=\"og:title\" content=\"OmniQuest-Umfrage: 56% bef\u00fcrworten lebenslanges Verkaufsverbot von Tabak an Jahrg\u00e4nge ab 2009\" \/>\n<meta property=\"og:description\" content=\"Gro\u00dfbritannien strebt auf lange Sicht eine rauchfreie Zukunft an: Nach langen Beratungen hat ein Gesetzentwurf zum Verbot des Tabakverkaufs nun die ... | 28. April 2026\" \/>\n<meta property=\"og:url\" content=\"https:\/\/www.omniquest.de\/marktforschung-news\/aktuelle-umfragen\/gesellschaft\/56-befuerworten-lebenslanges-verkaufsverbot-von-tabak-an-jahrgaenge-ab-2009\" \/>\n<meta property=\"og:site_name\" content=\"OmniQuest News\" \/>\n<meta property=\"article:publisher\" content=\"https:\/\/www.facebook.com\/omniquest\" \/>\n<meta property=\"article:published_time\" content=\"2026-04-28T07:36:57+00:00\" \/>\n<meta property=\"article:modified_time\" content=\"2026-04-28T07:37:01+00:00\" \/>\n<meta property=\"og:image\" content=\"https:\/\/www.omniquest.de\/marktforschung-news\/wp-content\/uploads\/2026\/04\/chefchen-cigarettes-3796607_1280.jpg\" \/>\n\t<meta property=\"og:image:width\" content=\"1280\" \/>\n\t<meta property=\"og:image:height\" content=\"853\" \/>\n\t<meta property=\"og:image:type\" content=\"image\/jpeg\" \/>\n<meta name=\"author\" content=\"maxkunz\" \/>\n<meta name=\"twitter:card\" content=\"summary_large_image\" \/>\n<meta name=\"twitter:title\" content=\"OmniQuest-Umfrage: 56% bef\u00fcrworten lebenslanges Verkaufsverbot von Tabak an Jahrg\u00e4nge ab 2009\" \/>\n<meta name=\"twitter:description\" content=\"Gro\u00dfbritannien strebt auf lange Sicht eine rauchfreie Zukunft an: Nach langen Beratungen hat ein Gesetzentwurf zum Verbot des Tabakverkaufs nun die ... | 28. April 2026\" \/>\n<meta name=\"twitter:image\" content=\"https:\/\/www.omniquest.de\/marktforschung-news\/wp-content\/uploads\/2026\/04\/chefchen-cigarettes-3796607_1280.jpg\" \/>\n<meta name=\"twitter:creator\" content=\"@omniquestbonn\" \/>\n<meta name=\"twitter:site\" content=\"@omniquestbonn\" \/>\n<meta name=\"twitter:label1\" content=\"Verfasst von\" \/>\n\t<meta name=\"twitter:data1\" content=\"maxkunz\" \/>\n\t<meta name=\"twitter:label2\" content=\"Gesch\u00e4tzte Lesezeit\" \/>\n\t<meta name=\"twitter:data2\" content=\"1\u00a0Minute\" \/>\n<script type=\"application\/ld+json\" class=\"yoast-schema-graph\">{\"@context\":\"https:\/\/schema.org\",\"@graph\":[{\"@type\":\"Article\",\"@id\":\"https:\/\/www.omniquest.de\/marktforschung-news\/aktuelle-umfragen\/gesellschaft\/56-befuerworten-lebenslanges-verkaufsverbot-von-tabak-an-jahrgaenge-ab-2009#article\",\"isPartOf\":{\"@id\":\"https:\/\/www.omniquest.de\/marktforschung-news\/aktuelle-umfragen\/gesellschaft\/56-befuerworten-lebenslanges-verkaufsverbot-von-tabak-an-jahrgaenge-ab-2009\"},\"author\":{\"name\":\"maxkunz\",\"@id\":\"https:\/\/www.omniquest.de\/marktforschung-news\/#\/schema\/person\/cc5f4802f3fe5782ee50302f6421626f\"},\"headline\":\"56% bef\u00fcrworten lebenslanges Verkaufsverbot von Tabak an Jahrg\u00e4nge ab 2009\",\"datePublished\":\"2026-04-28T07:36:57+00:00\",\"dateModified\":\"2026-04-28T07:37:01+00:00\",\"mainEntityOfPage\":{\"@id\":\"https:\/\/www.omniquest.de\/marktforschung-news\/aktuelle-umfragen\/gesellschaft\/56-befuerworten-lebenslanges-verkaufsverbot-von-tabak-an-jahrgaenge-ab-2009\"},\"wordCount\":395,\"publisher\":{\"@id\":\"https:\/\/www.omniquest.de\/marktforschung-news\/#organization\"},\"image\":{\"@id\":\"https:\/\/www.omniquest.de\/marktforschung-news\/aktuelle-umfragen\/gesellschaft\/56-befuerworten-lebenslanges-verkaufsverbot-von-tabak-an-jahrgaenge-ab-2009#primaryimage\"},\"thumbnailUrl\":\"https:\/\/www.omniquest.de\/marktforschung-news\/wp-content\/uploads\/2026\/04\/chefchen-cigarettes-3796607_1280.jpg\",\"articleSection\":[\"Gesellschaft\",\"Politik\"],\"inLanguage\":\"de\"},{\"@type\":\"WebPage\",\"@id\":\"https:\/\/www.omniquest.de\/marktforschung-news\/aktuelle-umfragen\/gesellschaft\/56-befuerworten-lebenslanges-verkaufsverbot-von-tabak-an-jahrgaenge-ab-2009\",\"url\":\"https:\/\/www.omniquest.de\/marktforschung-news\/aktuelle-umfragen\/gesellschaft\/56-befuerworten-lebenslanges-verkaufsverbot-von-tabak-an-jahrgaenge-ab-2009\",\"name\":\"OmniQuest Umfrage: 56% bef\u00fcrworten lebenslanges Verkaufsverbot von Tabak an Jahrg\u00e4nge ab 2009\",\"isPartOf\":{\"@id\":\"https:\/\/www.omniquest.de\/marktforschung-news\/#website\"},\"primaryImageOfPage\":{\"@id\":\"https:\/\/www.omniquest.de\/marktforschung-news\/aktuelle-umfragen\/gesellschaft\/56-befuerworten-lebenslanges-verkaufsverbot-von-tabak-an-jahrgaenge-ab-2009#primaryimage\"},\"image\":{\"@id\":\"https:\/\/www.omniquest.de\/marktforschung-news\/aktuelle-umfragen\/gesellschaft\/56-befuerworten-lebenslanges-verkaufsverbot-von-tabak-an-jahrgaenge-ab-2009#primaryimage\"},\"thumbnailUrl\":\"https:\/\/www.omniquest.de\/marktforschung-news\/wp-content\/uploads\/2026\/04\/chefchen-cigarettes-3796607_1280.jpg\",\"datePublished\":\"2026-04-28T07:36:57+00:00\",\"dateModified\":\"2026-04-28T07:37:01+00:00\",\"description\":\"Gro\u00dfbritannien strebt auf lange Sicht eine rauchfreie Zukunft an: Nach langen Beratungen hat ein Gesetzentwurf zum Verbot des Tabakverkaufs nun die ... | 28. April 2026\",\"breadcrumb\":{\"@id\":\"https:\/\/www.omniquest.de\/marktforschung-news\/aktuelle-umfragen\/gesellschaft\/56-befuerworten-lebenslanges-verkaufsverbot-von-tabak-an-jahrgaenge-ab-2009#breadcrumb\"},\"inLanguage\":\"de\",\"potentialAction\":[{\"@type\":\"ReadAction\",\"target\":[\"https:\/\/www.omniquest.de\/marktforschung-news\/aktuelle-umfragen\/gesellschaft\/56-befuerworten-lebenslanges-verkaufsverbot-von-tabak-an-jahrgaenge-ab-2009\"]}]},{\"@type\":\"ImageObject\",\"inLanguage\":\"de\",\"@id\":\"https:\/\/www.omniquest.de\/marktforschung-news\/aktuelle-umfragen\/gesellschaft\/56-befuerworten-lebenslanges-verkaufsverbot-von-tabak-an-jahrgaenge-ab-2009#primaryimage\",\"url\":\"https:\/\/www.omniquest.de\/marktforschung-news\/wp-content\/uploads\/2026\/04\/chefchen-cigarettes-3796607_1280.jpg\",\"contentUrl\":\"https:\/\/www.omniquest.de\/marktforschung-news\/wp-content\/uploads\/2026\/04\/chefchen-cigarettes-3796607_1280.jpg\",\"width\":1280,\"height\":853},{\"@type\":\"BreadcrumbList\",\"@id\":\"https:\/\/www.omniquest.de\/marktforschung-news\/aktuelle-umfragen\/gesellschaft\/56-befuerworten-lebenslanges-verkaufsverbot-von-tabak-an-jahrgaenge-ab-2009#breadcrumb\",\"itemListElement\":[{\"@type\":\"ListItem\",\"position\":1,\"name\":\"Startseite\",\"item\":\"https:\/\/www.omniquest.de\/marktforschung-news\"},{\"@type\":\"ListItem\",\"position\":2,\"name\":\"Umfragen\",\"item\":\"https:\/\/www.omniquest.de\/marktforschung-news\/aktuelle-umfragen\"},{\"@type\":\"ListItem\",\"position\":3,\"name\":\"Gesellschaft\",\"item\":\"https:\/\/www.omniquest.de\/marktforschung-news\/aktuelle-umfragen\/gesellschaft\"},{\"@type\":\"ListItem\",\"position\":4,\"name\":\"56% bef\u00fcrworten lebenslanges Verkaufsverbot von Tabak an Jahrg\u00e4nge ab 2009\"}]},{\"@type\":\"WebSite\",\"@id\":\"https:\/\/www.omniquest.de\/marktforschung-news\/#website\",\"url\":\"https:\/\/www.omniquest.de\/marktforschung-news\/\",\"name\":\"OmniQuest News\",\"description\":\"Das Portal f\u00fcr News aus der Marktforschung\",\"publisher\":{\"@id\":\"https:\/\/www.omniquest.de\/marktforschung-news\/#organization\"},\"potentialAction\":[{\"@type\":\"SearchAction\",\"target\":{\"@type\":\"EntryPoint\",\"urlTemplate\":\"https:\/\/www.omniquest.de\/marktforschung-news\/?s={search_term_string}\"},\"query-input\":{\"@type\":\"PropertyValueSpecification\",\"valueRequired\":true,\"valueName\":\"search_term_string\"}}],\"inLanguage\":\"de\"},{\"@type\":\"Organization\",\"@id\":\"https:\/\/www.omniquest.de\/marktforschung-news\/#organization\",\"name\":\"OmniQuest\",\"url\":\"https:\/\/www.omniquest.de\/marktforschung-news\/\",\"logo\":{\"@type\":\"ImageObject\",\"inLanguage\":\"de\",\"@id\":\"https:\/\/www.omniquest.de\/marktforschung-news\/#\/schema\/logo\/image\/\",\"url\":\"https:\/\/www.omniquest.de\/marktforschung-news\/wp-content\/uploads\/2019\/02\/OmniQuest-Logo_Green.png\",\"contentUrl\":\"https:\/\/www.omniquest.de\/marktforschung-news\/wp-content\/uploads\/2019\/02\/OmniQuest-Logo_Green.png\",\"width\":1000,\"height\":254,\"caption\":\"OmniQuest\"},\"image\":{\"@id\":\"https:\/\/www.omniquest.de\/marktforschung-news\/#\/schema\/logo\/image\/\"},\"sameAs\":[\"https:\/\/www.facebook.com\/omniquest\",\"https:\/\/x.com\/omniquestbonn\"]},{\"@type\":\"Person\",\"@id\":\"https:\/\/www.omniquest.de\/marktforschung-news\/#\/schema\/person\/cc5f4802f3fe5782ee50302f6421626f\",\"name\":\"maxkunz\",\"image\":{\"@type\":\"ImageObject\",\"inLanguage\":\"de\",\"@id\":\"https:\/\/www.omniquest.de\/marktforschung-news\/#\/schema\/person\/image\/\",\"url\":\"https:\/\/secure.gravatar.com\/avatar\/4263acc4a3ce0b258a5f70ea20a3e80c96ef22b12f62637ae28a3eebf4a0f094?s=96&d=mm&r=g\",\"contentUrl\":\"https:\/\/secure.gravatar.com\/avatar\/4263acc4a3ce0b258a5f70ea20a3e80c96ef22b12f62637ae28a3eebf4a0f094?s=96&d=mm&r=g\",\"caption\":\"maxkunz\"}}]}<\/script>\n<!-- \/ Yoast SEO plugin. -->","yoast_head_json":{"title":"OmniQuest Umfrage: 56% bef\u00fcrworten lebenslanges Verkaufsverbot von Tabak an Jahrg\u00e4nge ab 2009","description":"Gro\u00dfbritannien strebt auf lange Sicht eine rauchfreie Zukunft an: Nach langen Beratungen hat ein Gesetzentwurf zum Verbot des Tabakverkaufs nun die ... | 28. April 2026","robots":{"index":"index","follow":"follow","max-snippet":"max-snippet:-1","max-image-preview":"max-image-preview:large","max-video-preview":"max-video-preview:-1"},"canonical":"https:\/\/www.omniquest.de\/marktforschung-news\/aktuelle-umfragen\/gesellschaft\/56-befuerworten-lebenslanges-verkaufsverbot-von-tabak-an-jahrgaenge-ab-2009","og_locale":"de_DE","og_type":"article","og_title":"OmniQuest-Umfrage: 56% bef\u00fcrworten lebenslanges Verkaufsverbot von Tabak an Jahrg\u00e4nge ab 2009","og_description":"Gro\u00dfbritannien strebt auf lange Sicht eine rauchfreie Zukunft an: Nach langen Beratungen hat ein Gesetzentwurf zum Verbot des Tabakverkaufs nun die ... | 28. April 2026","og_url":"https:\/\/www.omniquest.de\/marktforschung-news\/aktuelle-umfragen\/gesellschaft\/56-befuerworten-lebenslanges-verkaufsverbot-von-tabak-an-jahrgaenge-ab-2009","og_site_name":"OmniQuest News","article_publisher":"https:\/\/www.facebook.com\/omniquest","article_published_time":"2026-04-28T07:36:57+00:00","article_modified_time":"2026-04-28T07:37:01+00:00","og_image":[{"width":1280,"height":853,"url":"https:\/\/www.omniquest.de\/marktforschung-news\/wp-content\/uploads\/2026\/04\/chefchen-cigarettes-3796607_1280.jpg","type":"image\/jpeg"}],"author":"maxkunz","twitter_card":"summary_large_image","twitter_title":"OmniQuest-Umfrage: 56% bef\u00fcrworten lebenslanges Verkaufsverbot von Tabak an Jahrg\u00e4nge ab 2009","twitter_description":"Gro\u00dfbritannien strebt auf lange Sicht eine rauchfreie Zukunft an: Nach langen Beratungen hat ein Gesetzentwurf zum Verbot des Tabakverkaufs nun die ... | 28. April 2026","twitter_image":"https:\/\/www.omniquest.de\/marktforschung-news\/wp-content\/uploads\/2026\/04\/chefchen-cigarettes-3796607_1280.jpg","twitter_creator":"@omniquestbonn","twitter_site":"@omniquestbonn","twitter_misc":{"Verfasst von":"maxkunz","Gesch\u00e4tzte Lesezeit":"1\u00a0Minute"},"schema":{"@context":"https:\/\/schema.org","@graph":[{"@type":"Article","@id":"https:\/\/www.omniquest.de\/marktforschung-news\/aktuelle-umfragen\/gesellschaft\/56-befuerworten-lebenslanges-verkaufsverbot-von-tabak-an-jahrgaenge-ab-2009#article","isPartOf":{"@id":"https:\/\/www.omniquest.de\/marktforschung-news\/aktuelle-umfragen\/gesellschaft\/56-befuerworten-lebenslanges-verkaufsverbot-von-tabak-an-jahrgaenge-ab-2009"},"author":{"name":"maxkunz","@id":"https:\/\/www.omniquest.de\/marktforschung-news\/#\/schema\/person\/cc5f4802f3fe5782ee50302f6421626f"},"headline":"56% bef\u00fcrworten lebenslanges Verkaufsverbot von Tabak an Jahrg\u00e4nge ab 2009","datePublished":"2026-04-28T07:36:57+00:00","dateModified":"2026-04-28T07:37:01+00:00","mainEntityOfPage":{"@id":"https:\/\/www.omniquest.de\/marktforschung-news\/aktuelle-umfragen\/gesellschaft\/56-befuerworten-lebenslanges-verkaufsverbot-von-tabak-an-jahrgaenge-ab-2009"},"wordCount":395,"publisher":{"@id":"https:\/\/www.omniquest.de\/marktforschung-news\/#organization"},"image":{"@id":"https:\/\/www.omniquest.de\/marktforschung-news\/aktuelle-umfragen\/gesellschaft\/56-befuerworten-lebenslanges-verkaufsverbot-von-tabak-an-jahrgaenge-ab-2009#primaryimage"},"thumbnailUrl":"https:\/\/www.omniquest.de\/marktforschung-news\/wp-content\/uploads\/2026\/04\/chefchen-cigarettes-3796607_1280.jpg","articleSection":["Gesellschaft","Politik"],"inLanguage":"de"},{"@type":"WebPage","@id":"https:\/\/www.omniquest.de\/marktforschung-news\/aktuelle-umfragen\/gesellschaft\/56-befuerworten-lebenslanges-verkaufsverbot-von-tabak-an-jahrgaenge-ab-2009","url":"https:\/\/www.omniquest.de\/marktforschung-news\/aktuelle-umfragen\/gesellschaft\/56-befuerworten-lebenslanges-verkaufsverbot-von-tabak-an-jahrgaenge-ab-2009","name":"OmniQuest Umfrage: 56% bef\u00fcrworten lebenslanges Verkaufsverbot von Tabak an Jahrg\u00e4nge ab 2009","isPartOf":{"@id":"https:\/\/www.omniquest.de\/marktforschung-news\/#website"},"primaryImageOfPage":{"@id":"https:\/\/www.omniquest.de\/marktforschung-news\/aktuelle-umfragen\/gesellschaft\/56-befuerworten-lebenslanges-verkaufsverbot-von-tabak-an-jahrgaenge-ab-2009#primaryimage"},"image":{"@id":"https:\/\/www.omniquest.de\/marktforschung-news\/aktuelle-umfragen\/gesellschaft\/56-befuerworten-lebenslanges-verkaufsverbot-von-tabak-an-jahrgaenge-ab-2009#primaryimage"},"thumbnailUrl":"https:\/\/www.omniquest.de\/marktforschung-news\/wp-content\/uploads\/2026\/04\/chefchen-cigarettes-3796607_1280.jpg","datePublished":"2026-04-28T07:36:57+00:00","dateModified":"2026-04-28T07:37:01+00:00","description":"Gro\u00dfbritannien strebt auf lange Sicht eine rauchfreie Zukunft an: Nach langen Beratungen hat ein Gesetzentwurf zum Verbot des Tabakverkaufs nun die ... | 28. April 2026","breadcrumb":{"@id":"https:\/\/www.omniquest.de\/marktforschung-news\/aktuelle-umfragen\/gesellschaft\/56-befuerworten-lebenslanges-verkaufsverbot-von-tabak-an-jahrgaenge-ab-2009#breadcrumb"},"inLanguage":"de","potentialAction":[{"@type":"ReadAction","target":["https:\/\/www.omniquest.de\/marktforschung-news\/aktuelle-umfragen\/gesellschaft\/56-befuerworten-lebenslanges-verkaufsverbot-von-tabak-an-jahrgaenge-ab-2009"]}]},{"@type":"ImageObject","inLanguage":"de","@id":"https:\/\/www.omniquest.de\/marktforschung-news\/aktuelle-umfragen\/gesellschaft\/56-befuerworten-lebenslanges-verkaufsverbot-von-tabak-an-jahrgaenge-ab-2009#primaryimage","url":"https:\/\/www.omniquest.de\/marktforschung-news\/wp-content\/uploads\/2026\/04\/chefchen-cigarettes-3796607_1280.jpg","contentUrl":"https:\/\/www.omniquest.de\/marktforschung-news\/wp-content\/uploads\/2026\/04\/chefchen-cigarettes-3796607_1280.jpg","width":1280,"height":853},{"@type":"BreadcrumbList","@id":"https:\/\/www.omniquest.de\/marktforschung-news\/aktuelle-umfragen\/gesellschaft\/56-befuerworten-lebenslanges-verkaufsverbot-von-tabak-an-jahrgaenge-ab-2009#breadcrumb","itemListElement":[{"@type":"ListItem","position":1,"name":"Startseite","item":"https:\/\/www.omniquest.de\/marktforschung-news"},{"@type":"ListItem","position":2,"name":"Umfragen","item":"https:\/\/www.omniquest.de\/marktforschung-news\/aktuelle-umfragen"},{"@type":"ListItem","position":3,"name":"Gesellschaft","item":"https:\/\/www.omniquest.de\/marktforschung-news\/aktuelle-umfragen\/gesellschaft"},{"@type":"ListItem","position":4,"name":"56% bef\u00fcrworten lebenslanges Verkaufsverbot von Tabak an Jahrg\u00e4nge ab 2009"}]},{"@type":"WebSite","@id":"https:\/\/www.omniquest.de\/marktforschung-news\/#website","url":"https:\/\/www.omniquest.de\/marktforschung-news\/","name":"OmniQuest News","description":"Das Portal f\u00fcr News aus der Marktforschung","publisher":{"@id":"https:\/\/www.omniquest.de\/marktforschung-news\/#organization"},"potentialAction":[{"@type":"SearchAction","target":{"@type":"EntryPoint","urlTemplate":"https:\/\/www.omniquest.de\/marktforschung-news\/?s={search_term_string}"},"query-input":{"@type":"PropertyValueSpecification","valueRequired":true,"valueName":"search_term_string"}}],"inLanguage":"de"},{"@type":"Organization","@id":"https:\/\/www.omniquest.de\/marktforschung-news\/#organization","name":"OmniQuest","url":"https:\/\/www.omniquest.de\/marktforschung-news\/","logo":{"@type":"ImageObject","inLanguage":"de","@id":"https:\/\/www.omniquest.de\/marktforschung-news\/#\/schema\/logo\/image\/","url":"https:\/\/www.omniquest.de\/marktforschung-news\/wp-content\/uploads\/2019\/02\/OmniQuest-Logo_Green.png","contentUrl":"https:\/\/www.omniquest.de\/marktforschung-news\/wp-content\/uploads\/2019\/02\/OmniQuest-Logo_Green.png","width":1000,"height":254,"caption":"OmniQuest"},"image":{"@id":"https:\/\/www.omniquest.de\/marktforschung-news\/#\/schema\/logo\/image\/"},"sameAs":["https:\/\/www.facebook.com\/omniquest","https:\/\/x.com\/omniquestbonn"]},{"@type":"Person","@id":"https:\/\/www.omniquest.de\/marktforschung-news\/#\/schema\/person\/cc5f4802f3fe5782ee50302f6421626f","name":"maxkunz","image":{"@type":"ImageObject","inLanguage":"de","@id":"https:\/\/www.omniquest.de\/marktforschung-news\/#\/schema\/person\/image\/","url":"https:\/\/secure.gravatar.com\/avatar\/4263acc4a3ce0b258a5f70ea20a3e80c96ef22b12f62637ae28a3eebf4a0f094?s=96&d=mm&r=g","contentUrl":"https:\/\/secure.gravatar.com\/avatar\/4263acc4a3ce0b258a5f70ea20a3e80c96ef22b12f62637ae28a3eebf4a0f094?s=96&d=mm&r=g","caption":"maxkunz"}}]}},"_links":{"self":[{"href":"https:\/\/www.omniquest.de\/marktforschung-news\/wp-json\/wp\/v2\/posts\/39698","targetHints":{"allow":["GET"]}}],"collection":[{"href":"https:\/\/www.omniquest.de\/marktforschung-news\/wp-json\/wp\/v2\/posts"}],"about":[{"href":"https:\/\/www.omniquest.de\/marktforschung-news\/wp-json\/wp\/v2\/types\/post"}],"author":[{"embeddable":true,"href":"https:\/\/www.omniquest.de\/marktforschung-news\/wp-json\/wp\/v2\/users\/1"}],"replies":[{"embeddable":true,"href":"https:\/\/www.omniquest.de\/marktforschung-news\/wp-json\/wp\/v2\/comments?post=39698"}],"version-history":[{"count":2,"href":"https:\/\/www.omniquest.de\/marktforschung-news\/wp-json\/wp\/v2\/posts\/39698\/revisions"}],"predecessor-version":[{"id":39701,"href":"https:\/\/www.omniquest.de\/marktforschung-news\/wp-json\/wp\/v2\/posts\/39698\/revisions\/39701"}],"wp:featuredmedia":[{"embeddable":true,"href":"https:\/\/www.omniquest.de\/marktforschung-news\/wp-json\/wp\/v2\/media\/39699"}],"wp:attachment":[{"href":"https:\/\/www.omniquest.de\/marktforschung-news\/wp-json\/wp\/v2\/media?parent=39698"}],"wp:term":[{"taxonomy":"category","embeddable":true,"href":"https:\/\/www.omniquest.de\/marktforschung-news\/wp-json\/wp\/v2\/categories?post=39698"},{"taxonomy":"post_tag","embeddable":true,"href":"https:\/\/www.omniquest.de\/marktforschung-news\/wp-json\/wp\/v2\/tags?post=39698"}],"curies":[{"name":"wp","href":"https:\/\/api.w.org\/{rel}","templated":true}]}}